{"id":72699,"date":"2025-11-21T00:01:00","date_gmt":"2025-11-21T07:01:00","guid":{"rendered":"https:\/\/www.opinionpublica.tv\/portada\/?p=72699"},"modified":"2025-11-20T18:09:55","modified_gmt":"2025-11-21T01:09:55","slug":"seguira-en-910-pesos-costo-de-la-canasta-basica-gobierno-y-empresarios-renuevan-acuerdo","status":"publish","type":"post","link":"https:\/\/www.opinionpublica.tv\/portada\/seguira-en-910-pesos-costo-de-la-canasta-basica-gobierno-y-empresarios-renuevan-acuerdo\/","title":{"rendered":"Seguir\u00e1 en 910 pesos costo de canasta b\u00e1sica; empresarios y gobierno renuevan acuerdo"},"content":{"rendered":"\n<figure class=\"wp-block-image size-full\"><img fetchpriority=\"high\" decoding=\"async\" width=\"770\" height=\"530\" src=\"https:\/\/www.opinionpublica.tv\/portada\/wp-content\/uploads\/2025\/11\/Seguira-en-910-pesos-costo-de-la-canasta-basica-gobierno-y-empresarios-renuevan-acuerdo.webp\" alt=\"Seguira\u0301 en 910 pesos costo de la canasta ba\u0301sica; gobierno y empresarios renuevan acuerdo\" class=\"wp-image-72703\" srcset=\"https:\/\/www.opinionpublica.tv\/portada\/wp-content\/uploads\/2025\/11\/Seguira-en-910-pesos-costo-de-la-canasta-basica-gobierno-y-empresarios-renuevan-acuerdo.webp 770w, https:\/\/www.opinionpublica.tv\/portada\/wp-content\/uploads\/2025\/11\/Seguira-en-910-pesos-costo-de-la-canasta-basica-gobierno-y-empresarios-renuevan-acuerdo-300x206.webp 300w, https:\/\/www.opinionpublica.tv\/portada\/wp-content\/uploads\/2025\/11\/Seguira-en-910-pesos-costo-de-la-canasta-basica-gobierno-y-empresarios-renuevan-acuerdo-768x529.webp 768w\" sizes=\"(max-width: 770px) 100vw, 770px\" \/><\/figure>\n\n\n\n<p><em>Ciudad de M\u00e9xico<\/em>.- La presidenta Claudia Sheinbaum firm\u00f3 la renovaci\u00f3n del Paquete Contra la Inflaci\u00f3n y la Carest\u00eda (Pacic) con l\u00edderes de la agroindustria y tiendas de autoservicio.<\/p>\n\n\n\n<p>Con esta medida, se asegura que la canasta b\u00e1sica compuesta por 24 productos esenciales mantendr\u00e1 su precio m\u00e1ximo de $910 pesos durante los pr\u00f3ximos seis meses. Desde Palacio Nacional, la titular del Ejecutivo destac\u00f3 que la colaboraci\u00f3n entre el gobierno e Iniciativa Privada es fundamental para proteger la econom\u00eda popular.<\/p>\n\n\n\n<p>Mantener esta colaboraci\u00f3n hacia adelante, es muy importante. Mientras aumente el salario m\u00ednimo, porque realmente de 2018 a la fecha ha aumentado 125% en t\u00e9rminos reales y queremos que siga aumentando por encima de la inflaci\u00f3n para beneficio de las familias mexicanas, se ha demostrado que si aumenta el salario disminuye la pobreza, es el principal indicador\u201d, afirm\u00f3.<\/p>\n\n\n\n<p>El secretario de Hacienda, Edgar Amador Zamora, subray\u00f3 que el Pacic, renovado gracias a 20 empresas productoras y 12 cadenas de autoservicio, ha sido una pol\u00edtica eficaz, logrando una reducci\u00f3n real del 3.4% en el costo de la canasta b\u00e1sica en el \u00faltimo a\u00f1o.<\/p>\n\n\n\n<p>El presidente del Consejo Coordinador Empresarial, Francisco Cervantes, remarc\u00f3 que, con la firma del convenio, los empresarios de M\u00e9xico ratifican su convicci\u00f3n de que con el mantenimiento del di\u00e1logo permanente es posible construir caminos que fortalezcan la ruta hacia la prosperidad compartida.<\/p>\n\n\n\n<p>Renovar el PACIC, ejemplo de colaboraci\u00f3n<\/p>\n\n\n\n<p>Claudia Sheinbaum, renov\u00f3 con el sector empresarial el Paquete Contra la Inflaci\u00f3n y la Carest\u00eda (Pacic), que mantiene en 910 pesos el precio de los 24 productos de la canasta b\u00e1sica, con el objetivo de cuidar la econom\u00eda popular.<\/p>\n\n\n\n<p>Desde Palacio Nacional, la presidenta de la Rep\u00fablica, Claudia Sheinbaum, firm\u00f3 el acuerdo comercial con titulares de tiendas de autoservicio y agroindustrias. La jefa del Ejecutivo destac\u00f3 que el Pacic es un excelente ejemplo de c\u00f3mo el gobierno de M\u00e9xico e iniciativa privada pueden colaborar para beneficio de las familias mexicanas, sobre todo, de las que menos tienen.<\/p>\n\n\n\n<p>Congratularnos por este acuerdo y mantener esta colaboraci\u00f3n hacia adelante, es muy importante. Mientras aumente el salario m\u00ednimo, porque realmente el salario m\u00ednimo de 2018 a la fecha ha aumentado en 125 por ciento en t\u00e9rminos reales, y queremos que siga aumentando por encima de la inflaci\u00f3n para beneficio de las familias mexicanas, se ha demostrado que si aumenta el salario m\u00ednimo, disminuye la pobreza, es el principal indicador, manteniendo por encima de la inflaci\u00f3n y garantizando que la canasta b\u00e1sica se mantenga, incluso sin subir la inflaci\u00f3n, es lo mejor que podemos ofrecerle a la gente\u201d, explic\u00f3.<\/p>\n\n\n\n<p>La mandataria federal agradeci\u00f3 y reconoci\u00f3 a los empresarios por la firma de la renovaci\u00f3n del convenio. Asegur\u00f3 que M\u00e9xico est\u00e1 en un muy buen momento, ya que aument\u00f3 la inversi\u00f3n extranjera directa y las exportaciones.<\/p>\n\n\n\n<p>En su intervenci\u00f3n, el secretario de Hacienda, Edgar Amador, detall\u00f3 que la renovaci\u00f3n del Pacic contempla a 20 empresas productoras y 12 cadenas de autoservicio en las que la canasta b\u00e1sica no incrementar\u00e1 en los pr\u00f3ximos seis meses. El funcionario explic\u00f3 que a un a\u00f1o de que se ha conservado un precio de 910 pesos en la canasta b\u00e1sica, esto representa una reducci\u00f3n de al menos 3.4% en t\u00e9rminos reales.Desde su puesta en marcha en 2022, el Pacic se ha consolidado como una pol\u00edtica eficaz para contener el incremento de los precios de la canasta b\u00e1sica y proteger el poder adquisitivo de las familias mexicanas\u201d, indic\u00f3.<\/p>\n\n\n\n<p>Contenci\u00f3n<\/p>\n\n\n\n<p>Edgar Amador Zamora se\u00f1al\u00f3 que el Pacic ha sido una medida de contenci\u00f3n de la canasta b\u00e1sica con un efecto positivo, ya que en los primeros 10 meses del a\u00f1o, el nivel promedio de la inflaci\u00f3n es el m\u00e1s bajo desde el 2022, cuando comenz\u00f3 a firmarse este acuerdo.<\/p>\n\n\n\n<p>El presidente del Consejo Coordinador Empresarial (CCE), Francisco Cervantes, remarc\u00f3 que, con la firma del convenio, los empresarios de M\u00e9xico ratifican su convicci\u00f3n de que con el mantenimiento del di\u00e1logo permanente es posible construir caminos que fortalezcan la prosperidad. (Exc\u00e9lsior)<\/p>\n","protected":false},"excerpt":{"rendered":"<p>Ciudad de M\u00e9xico.- La presidenta Claudia Sheinbaum firm\u00f3 la renovaci\u00f3n del Paquete Contra la Inflaci\u00f3n y la Carest\u00eda (Pacic) con l\u00edderes de la agroindustria y tiendas de autoservicio. Con esta medida, se asegura que la canasta b\u00e1sica compuesta por 24 productos esenciales mantendr\u00e1 su precio m\u00e1ximo de $910 pesos durante los pr\u00f3ximos seis meses. Desde [&hellip;]<\/p>\n","protected":false},"author":6,"featured_media":72703,"comment_status":"closed","ping_status":"closed","sticky":false,"template":"","format":"standard","meta":{"_acf_changed":false,"_monsterinsights_skip_tracking":false,"_monsterinsights_sitenote_active":false,"_monsterinsights_sitenote_note":"","_monsterinsights_sitenote_category":0,"slim_seo":{"title":"Seguir\u00e1 en 910 pesos costo de canasta b\u00e1sica; empresarios y gobierno renuevan acuerdo - Opini\u00f3n P\u00fablica","description":"Ciudad de M\u00e9xico .- La presidenta Claudia Sheinbaum firm\u00f3 la renovaci\u00f3n del Paquete Contra la Inflaci\u00f3n y la Carest\u00eda (Pacic) con l\u00edderes de la agroindustria y"},"footnotes":""},"categories":[4],"tags":[505,307],"class_list":["post-72699","post","type-post","status-publish","format-standard","has-post-thumbnail","hentry","category-pulsopolitico","tag-canasta-basica","tag-claudia-sheinbaum"],"acf":[],"_links":{"self":[{"href":"https:\/\/www.opinionpublica.tv\/portada\/wp-json\/wp\/v2\/posts\/72699","targetHints":{"allow":["GET"]}}],"collection":[{"href":"https:\/\/www.opinionpublica.tv\/portada\/wp-json\/wp\/v2\/posts"}],"about":[{"href":"https:\/\/www.opinionpublica.tv\/portada\/wp-json\/wp\/v2\/types\/post"}],"author":[{"embeddable":true,"href":"https:\/\/www.opinionpublica.tv\/portada\/wp-json\/wp\/v2\/users\/6"}],"replies":[{"embeddable":true,"href":"https:\/\/www.opinionpublica.tv\/portada\/wp-json\/wp\/v2\/comments?post=72699"}],"version-history":[{"count":4,"href":"https:\/\/www.opinionpublica.tv\/portada\/wp-json\/wp\/v2\/posts\/72699\/revisions"}],"predecessor-version":[{"id":72704,"href":"https:\/\/www.opinionpublica.tv\/portada\/wp-json\/wp\/v2\/posts\/72699\/revisions\/72704"}],"wp:featuredmedia":[{"embeddable":true,"href":"https:\/\/www.opinionpublica.tv\/portada\/wp-json\/wp\/v2\/media\/72703"}],"wp:attachment":[{"href":"https:\/\/www.opinionpublica.tv\/portada\/wp-json\/wp\/v2\/media?parent=72699"}],"wp:term":[{"taxonomy":"category","embeddable":true,"href":"https:\/\/www.opinionpublica.tv\/portada\/wp-json\/wp\/v2\/categories?post=72699"},{"taxonomy":"post_tag","embeddable":true,"href":"https:\/\/www.opinionpublica.tv\/portada\/wp-json\/wp\/v2\/tags?post=72699"}],"curies":[{"name":"wp","href":"https:\/\/api.w.org\/{rel}","templated":true}]}}