{"id":72433,"date":"2025-11-16T00:01:00","date_gmt":"2025-11-16T07:01:00","guid":{"rendered":"https:\/\/www.opinionpublica.tv\/portada\/?p=72433"},"modified":"2025-11-15T18:21:14","modified_gmt":"2025-11-16T01:21:14","slug":"encabeza-alcalde-perez-cuellar-cruzada-por-las-causas-en-rinconada-de-las-torres","status":"publish","type":"post","link":"https:\/\/www.opinionpublica.tv\/portada\/encabeza-alcalde-perez-cuellar-cruzada-por-las-causas-en-rinconada-de-las-torres\/","title":{"rendered":"Encabeza P\u00e9rez Cu\u00e9llar otra &#8216;Cruzada por las Causas&#8217; en Rinconada de las Torres"},"content":{"rendered":"\n<figure class=\"wp-block-image size-large\"><img fetchpriority=\"high\" decoding=\"async\" width=\"1024\" height=\"682\" src=\"https:\/\/www.opinionpublica.tv\/portada\/wp-content\/uploads\/2025\/11\/Encabeza-Perez-Cuellar-otra-Cruzada-por-las-Causas-en-Rinconada-de-las-Torres-1024x682.jpeg\" alt=\"Encabeza pe\u0301rez cue\u0301llar otra cruzada por las causas en rinconada de las torres\" class=\"wp-image-72436\" srcset=\"https:\/\/www.opinionpublica.tv\/portada\/wp-content\/uploads\/2025\/11\/Encabeza-Perez-Cuellar-otra-Cruzada-por-las-Causas-en-Rinconada-de-las-Torres-1024x682.jpeg 1024w, https:\/\/www.opinionpublica.tv\/portada\/wp-content\/uploads\/2025\/11\/Encabeza-Perez-Cuellar-otra-Cruzada-por-las-Causas-en-Rinconada-de-las-Torres-300x200.jpeg 300w, https:\/\/www.opinionpublica.tv\/portada\/wp-content\/uploads\/2025\/11\/Encabeza-Perez-Cuellar-otra-Cruzada-por-las-Causas-en-Rinconada-de-las-Torres-768x512.jpeg 768w, https:\/\/www.opinionpublica.tv\/portada\/wp-content\/uploads\/2025\/11\/Encabeza-Perez-Cuellar-otra-Cruzada-por-las-Causas-en-Rinconada-de-las-Torres-1536x1023.jpeg 1536w, https:\/\/www.opinionpublica.tv\/portada\/wp-content\/uploads\/2025\/11\/Encabeza-Perez-Cuellar-otra-Cruzada-por-las-Causas-en-Rinconada-de-las-Torres.jpeg 1600w\" sizes=\"(max-width: 1024px) 100vw, 1024px\" \/><\/figure>\n\n\n\n<p class=\"wp-block-paragraph\"><em>Ciudad Ju\u00e1rez, Chih<\/em>.- El presidente municipal Cruz P\u00e9rez Cu\u00e9llar, encabez\u00f3 otra jornada de la Cruzada por las Causas en la colonia Rinconada de las Torres, como parte del programa de atenci\u00f3n y acercamiento a los vecinos de los pol\u00edgonos prioritarios de la ciudad, brindando servicios gratuitos por parte de dependencias municipales y federales.<\/p>\n\n\n\n<p class=\"wp-block-paragraph\">Destac\u00f3 la importancia de la colaboraci\u00f3n entre gobierno y ciudadan\u00eda para mejorar las condiciones de las colonias, reconociendo a los vecinos que integran el comit\u00e9 por asumir el compromiso de dar seguimiento a los trabajos. Tambi\u00e9n agradeci\u00f3 al personal municipal que labora incluso en fines de semana y d\u00edas festivos para atender las necesidades de la comunidad.<\/p>\n\n\n\n<p class=\"wp-block-paragraph\">P\u00e9rez Cu\u00e9llar subray\u00f3 el acompa\u00f1amiento del Gobierno Federal a trav\u00e9s del programa Jornadas por la Paz, e indic\u00f3 que las Cruzadas se han adaptado a la estrategia impulsada por la Presidenta de M\u00e9xico, enfocada en reforzar la presencia institucional en zonas con mayores retos de seguridad.<\/p>\n\n\n\n<p class=\"wp-block-paragraph\">En representaci\u00f3n de los vecinos, V\u00edctor Manuel Garc\u00eda Jim\u00e9nez, integrante del Comit\u00e9 de Paz, agradeci\u00f3 los trabajos que se han llevado a cabo en la colonia, como acciones de limpieza, reforestaci\u00f3n, alumbrado y mejoras en espacios p\u00fablicos. Se\u00f1al\u00f3 que los habitantes ya perciben cambios visibles y reconoci\u00f3 el apoyo brindado por las distintas dependencias municipales.<\/p>\n\n\n\n<p class=\"wp-block-paragraph\">Durante la jornada estuvieron presentes el regidor Jorge Marcial Bueno Quir\u00f3s; el director de SUMA, Sa\u00edd Estrada; el director general de Protecci\u00f3n Civil, Sergio Rodr\u00edguez; el coordinador de Transparencia, Fernando Gomes\u00edn; el coordinador de Seguridad Vial, Jes\u00fas Manuel Garc\u00eda Reyes; el secretario de Seguridad P\u00fablica Municipal, C\u00e9sar Omar Mu\u00f1oz Morales; la coordinadora de programas de la Secretar\u00eda de Gobernaci\u00f3n, Arely Saray\u00ed Rojas Rivera; y la s\u00edndica municipal, Ana Carmen Estrada.<\/p>\n","protected":false},"excerpt":{"rendered":"<p>Ciudad Ju\u00e1rez, Chih.- El presidente municipal Cruz P\u00e9rez Cu\u00e9llar, encabez\u00f3 otra jornada de la Cruzada por las Causas en la colonia Rinconada de las Torres, como parte del programa de atenci\u00f3n y acercamiento a los vecinos de los pol\u00edgonos prioritarios de la ciudad, brindando servicios gratuitos por parte de dependencias municipales y federales. Destac\u00f3 la [&hellip;]<\/p>\n","protected":false},"author":6,"featured_media":72436,"comment_status":"closed","ping_status":"closed","sticky":false,"template":"","format":"standard","meta":{"_acf_changed":false,"_monsterinsights_skip_tracking":false,"slim_seo":{"title":"Encabeza P\u00e9rez Cu\u00e9llar otra 'Cruzada por las Causas' en Rinconada de las Torres - Opini\u00f3n P\u00fablica","description":"Ciudad Ju\u00e1rez, Chih .- El presidente municipal Cruz P\u00e9rez Cu\u00e9llar, encabez\u00f3 otra jornada de la Cruzada por las Causas en la colonia Rinconada de las Torres, com"},"footnotes":""},"categories":[41],"tags":[608,753,1199],"class_list":["post-72433","post","type-post","status-publish","format-standard","has-post-thumbnail","hentry","category-juarez","tag-ciudad-juarez","tag-cruz-perez-cuellar","tag-cruzada-por-las-causas"],"acf":[],"_links":{"self":[{"href":"https:\/\/www.opinionpublica.tv\/portada\/wp-json\/wp\/v2\/posts\/72433","targetHints":{"allow":["GET"]}}],"collection":[{"href":"https:\/\/www.opinionpublica.tv\/portada\/wp-json\/wp\/v2\/posts"}],"about":[{"href":"https:\/\/www.opinionpublica.tv\/portada\/wp-json\/wp\/v2\/types\/post"}],"author":[{"embeddable":true,"href":"https:\/\/www.opinionpublica.tv\/portada\/wp-json\/wp\/v2\/users\/6"}],"replies":[{"embeddable":true,"href":"https:\/\/www.opinionpublica.tv\/portada\/wp-json\/wp\/v2\/comments?post=72433"}],"version-history":[{"count":4,"href":"https:\/\/www.opinionpublica.tv\/portada\/wp-json\/wp\/v2\/posts\/72433\/revisions"}],"predecessor-version":[{"id":72439,"href":"https:\/\/www.opinionpublica.tv\/portada\/wp-json\/wp\/v2\/posts\/72433\/revisions\/72439"}],"wp:featuredmedia":[{"embeddable":true,"href":"https:\/\/www.opinionpublica.tv\/portada\/wp-json\/wp\/v2\/media\/72436"}],"wp:attachment":[{"href":"https:\/\/www.opinionpublica.tv\/portada\/wp-json\/wp\/v2\/media?parent=72433"}],"wp:term":[{"taxonomy":"category","embeddable":true,"href":"https:\/\/www.opinionpublica.tv\/portada\/wp-json\/wp\/v2\/categories?post=72433"},{"taxonomy":"post_tag","embeddable":true,"href":"https:\/\/www.opinionpublica.tv\/portada\/wp-json\/wp\/v2\/tags?post=72433"}],"curies":[{"name":"wp","href":"https:\/\/api.w.org\/{rel}","templated":true}]}}