{"id":72399,"date":"2025-11-16T00:01:00","date_gmt":"2025-11-16T07:01:00","guid":{"rendered":"https:\/\/www.opinionpublica.tv\/portada\/?p=72399"},"modified":"2025-11-15T17:33:35","modified_gmt":"2025-11-16T00:33:35","slug":"solo-preguntas","status":"publish","type":"post","link":"https:\/\/www.opinionpublica.tv\/portada\/solo-preguntas\/","title":{"rendered":"Solo preguntas"},"content":{"rendered":"\n<h4 class=\"wp-block-heading\">Jos\u00e9 Woldenberg<\/h4>\n\n\n\n<p class=\"wp-block-paragraph\">___________________________<\/p>\n\n\n\n<p class=\"wp-block-paragraph\">A estas alturas no se puede tapar el sol con un dedo. Menos despu\u00e9s del asesinato del alcalde de Uruapan, Carlos Manzo. La delincuencia se extiende y se apodera de zonas del pa\u00eds. Los asesinatos, chantajes, desapariciones, extorsiones, tr\u00e1fico de armas, de personas, de drogas, se multiplican y la primera obligaci\u00f3n del Estado, la de ofrecer seguridad a los ciudadanos, no puede cumplirse o en el mejor de los casos, se cumple a medias o a cuartas.<\/p>\n\n\n\n<p class=\"wp-block-paragraph\">Por el contrario, en algunos lugares, el Estado parece haber sido remplazado por las pandillas de criminales que cobran \u201cimpuestos\u201d, amenazan y extorsionan y son el aut\u00e9ntico poder. Preguntas.<\/p>\n\n\n\n<p class=\"wp-block-paragraph\">\u00bfNo es el momento para que, desde el gobierno, en lugar de salir a estigmatizar a sus opositores civiles, llame a todas las fuerzas pol\u00edticas y sociales a forjar un frente com\u00fan contra la delincuencia? \u00bfNo ser\u00eda posible que partidos, organizaciones civiles, medios de comunicaci\u00f3n, universidades, los diferentes niveles de gobierno, los congresos y por ah\u00ed, se sentaran a una mesa de negociaci\u00f3n para forjar, en conjunto, una pol\u00edtica para restablecer la paz y cerrarle el paso a la violencia?<\/p>\n\n\n\n<p class=\"wp-block-paragraph\">\u00bfNo ser\u00eda pertinente forjar un frente nacional contra la delincuencia, convirtiendo su pol\u00edtica en un lazo de unidad frente a un enemigo que todos los d\u00edas pone en jaque a la Rep\u00fablica? \u00bfSeremos capaces de forjar una maxi coalici\u00f3n por la paz, que recorra de norte a sur y de este a oeste, sin que sea necesario deponer diferencias e incluso conflictos entre la diversidad de corrientes que modelan a la naci\u00f3n? \u00bfCrear un aut\u00e9ntico bloque unificado para acabar con una plaga que no solo azota a todos, sino que tensa y desvirt\u00faa las relaciones sociales bajo la sombra de la persecuci\u00f3n, la violencia y la amenaza?<\/p>\n\n\n\n<p class=\"wp-block-paragraph\">\u00bfNo es la tarea n\u00famero uno de la llamada agenda nacional restablecer un cierto orden en el cual las personas puedan moverse por su territorio con libertad al tiempo que obtienen seguridades para sus bienes materiales? \u00bfNo es ese un terreno com\u00fan que permitir\u00eda sumar fuerzas, aunque se mantengan las diferencias en los otros terrenos de los quehaceres sociales y pol\u00edticos?<\/p>\n\n\n\n<p class=\"wp-block-paragraph\">\u00bfNo queda claro que los mon\u00f3logos gubernamentales no son capaces de llegar muy lejos, que los temas de la seguridad siguen escindiendo, digamos, a la parte \u201csana\u201d de nuestra sociedad? \u00bfEs posible reconocer y legitimar la pluralidad pol\u00edtica que es parte sustantiva de la naci\u00f3n y al mismo tiempo construir un camino conjunto ante los enemigos comunes?<\/p>\n\n\n\n<p class=\"wp-block-paragraph\">Si lo anterior fuera posible, por lo menos los campos enfrentados, quedar\u00edan claramente trazados. Y lo que hoy aparece como una nebulosa confusa e inasible podr\u00eda verse como un combate entre la civilidad y la barbarie.<\/p>\n\n\n\n<p class=\"wp-block-paragraph\">Lo anterior, sin embargo, se enfrenta a potentes obst\u00e1culos, porque \u00bfcu\u00e1ntas autoridades de todos los niveles viven hoy en connivencia con los grupos delincuenciales? \u00bfc\u00f3mo discernir con claridad cu\u00e1les funcionarios, empresas, organizaciones sociales, medios, etc., se encuentran actuando realmente en el campo de la ley y cu\u00e1les otras son c\u00f3mplices y hasta socios de los destacamentos de malhechores? \u00bfes posible, a estas alturas, trazar una l\u00ednea divisoria clara y contundente entre delincuentes y no delincuentes? Son cuestiones que quitan el sue\u00f1o.<\/p>\n\n\n\n<p class=\"wp-block-paragraph\">Pero, como se ve, las preguntas no parecen ser demasiado complejas. Las respuestas, sin embargo, no se vislumbran ni siquiera en el horizonte. Y por ello, el presente y el futuro inmediato pintan mal, muy mal.<\/p>\n","protected":false},"excerpt":{"rendered":"<p>Jos\u00e9 Woldenberg ___________________________ A estas alturas no se puede tapar el sol con un dedo. Menos despu\u00e9s del asesinato del alcalde de Uruapan, Carlos Manzo. La delincuencia se extiende y se apodera de zonas del pa\u00eds. Los asesinatos, chantajes, desapariciones, extorsiones, tr\u00e1fico de armas, de personas, de drogas, se multiplican y la primera obligaci\u00f3n del [&hellip;]<\/p>\n","protected":false},"author":6,"featured_media":43694,"comment_status":"closed","ping_status":"closed","sticky":false,"template":"","format":"standard","meta":{"_acf_changed":false,"_monsterinsights_skip_tracking":false,"slim_seo":{"title":"Solo preguntas - Opini\u00f3n P\u00fablica","description":"Jos\u00e9 Woldenberg ___________________________ A estas alturas no se puede tapar el sol con un dedo. Menos despu\u00e9s del asesinato del alcalde de Uruapan, Carlos Man"},"footnotes":""},"categories":[26],"tags":[782],"class_list":["post-72399","post","type-post","status-publish","format-standard","has-post-thumbnail","hentry","category-de-chile-dulce-y-manteca-columna-invitada","tag-jose-woldenberg"],"acf":[],"_links":{"self":[{"href":"https:\/\/www.opinionpublica.tv\/portada\/wp-json\/wp\/v2\/posts\/72399","targetHints":{"allow":["GET"]}}],"collection":[{"href":"https:\/\/www.opinionpublica.tv\/portada\/wp-json\/wp\/v2\/posts"}],"about":[{"href":"https:\/\/www.opinionpublica.tv\/portada\/wp-json\/wp\/v2\/types\/post"}],"author":[{"embeddable":true,"href":"https:\/\/www.opinionpublica.tv\/portada\/wp-json\/wp\/v2\/users\/6"}],"replies":[{"embeddable":true,"href":"https:\/\/www.opinionpublica.tv\/portada\/wp-json\/wp\/v2\/comments?post=72399"}],"version-history":[{"count":3,"href":"https:\/\/www.opinionpublica.tv\/portada\/wp-json\/wp\/v2\/posts\/72399\/revisions"}],"predecessor-version":[{"id":72402,"href":"https:\/\/www.opinionpublica.tv\/portada\/wp-json\/wp\/v2\/posts\/72399\/revisions\/72402"}],"wp:featuredmedia":[{"embeddable":true,"href":"https:\/\/www.opinionpublica.tv\/portada\/wp-json\/wp\/v2\/media\/43694"}],"wp:attachment":[{"href":"https:\/\/www.opinionpublica.tv\/portada\/wp-json\/wp\/v2\/media?parent=72399"}],"wp:term":[{"taxonomy":"category","embeddable":true,"href":"https:\/\/www.opinionpublica.tv\/portada\/wp-json\/wp\/v2\/categories?post=72399"},{"taxonomy":"post_tag","embeddable":true,"href":"https:\/\/www.opinionpublica.tv\/portada\/wp-json\/wp\/v2\/tags?post=72399"}],"curies":[{"name":"wp","href":"https:\/\/api.w.org\/{rel}","templated":true}]}}