{"id":72253,"date":"2025-11-14T00:01:00","date_gmt":"2025-11-14T07:01:00","guid":{"rendered":"https:\/\/www.opinionpublica.tv\/portada\/?p=72253"},"modified":"2025-11-13T20:01:32","modified_gmt":"2025-11-14T03:01:32","slug":"detras-de-la-cortina","status":"publish","type":"post","link":"https:\/\/www.opinionpublica.tv\/portada\/detras-de-la-cortina\/","title":{"rendered":"Detr\u00e1s de la cortina"},"content":{"rendered":"\n<h4 class=\"wp-block-heading\">Ra\u00fal Ruiz<\/h4>\n\n\n\n<p class=\"wp-block-paragraph\">___________________________<\/p>\n\n\n\n<p class=\"wp-block-paragraph\">En la conferencia matutina de ayer, se revel\u00f3 que la convocatoria a la marcha del 15 de noviembre atribuida a la \u201cGeneraci\u00f3n Z M\u00e9xico\u201d no es totalmente org\u00e1nica.<\/p>\n\n\n\n<p class=\"wp-block-paragraph\">Se identific\u00f3 una red internacional vinculada a grupos de derecha, con financiamiento extranjero y conexiones con la Atlas Network y actores empresariales en M\u00e9xico y Am\u00e9rica Latina.<\/p>\n\n\n\n<p class=\"wp-block-paragraph\">Lo que se dio a conocer en la Ma\u00f1anera:<\/p>\n\n\n\n<p class=\"wp-block-paragraph\">&#8211; Campa\u00f1a digital pagada: Seg\u00fan Infodemia, se detect\u00f3 una operaci\u00f3n valuada en m\u00e1s de 90 millones de pesos para inflar artificialmente la convocatoria a la marcha \u201cGeneraci\u00f3n Z M\u00e9xico\u201d.<\/p>\n\n\n\n<p class=\"wp-block-paragraph\">&#8211; Uso de bots y cuentas falsas: Se rastrearon 179 cuentas en TikTok y 359 comunidades en Facebook creadas para promover la movilizaci\u00f3n.<\/p>\n\n\n\n<p class=\"wp-block-paragraph\">&#8211; Atlas Network: Esta organizaci\u00f3n internacional, con presencia en varios pa\u00edses, fue se\u00f1alada como uno de los principales articuladores de la estrategia digital.<\/p>\n\n\n\n<p class=\"wp-block-paragraph\">Ha sido acusada en otros contextos de promover campa\u00f1as contra gobiernos progresistas.<\/p>\n\n\n\n<p class=\"wp-block-paragraph\">&#8211; Conexiones nacionales: En M\u00e9xico, se mencion\u00f3 un v\u00ednculo con el Centro Ricardo Salinas Pliego, lo que apunta a nexos empresariales dentro del pa\u00eds.<\/p>\n\n\n\n<p class=\"wp-block-paragraph\">Entre los que destaca Claudio X Gonz\u00e1lez y los organizadores de la fallida MAREA ROSA.<\/p>\n\n\n\n<p class=\"wp-block-paragraph\">&#8211; Narrativa juvenil: Aunque el movimiento se presenta como apartidista y espont\u00e1neo, con s\u00edmbolos culturales como el \u201cSombrero de Paja\u201d de One Piece, el an\u00e1lisis oficial sostiene que la estructura detr\u00e1s es inorg\u00e1nica y financiada.<\/p>\n\n\n\n<p class=\"wp-block-paragraph\">Conexiones internacionales<\/p>\n\n\n\n<p class=\"wp-block-paragraph\">Atlas Network: Con sede en EE.UU., coordina think tanks y organizaciones de derecha en Am\u00e9rica Latina y Europa.<\/p>\n\n\n\n<p class=\"wp-block-paragraph\">Inspiraci\u00f3n externa: El colectivo juvenil dice inspirarse en levantamientos como el de Nepal, pero la operaci\u00f3n digital apunta a una estrategia transnacional m\u00e1s amplia.<\/p>\n\n\n\n<p class=\"wp-block-paragraph\">Operaci\u00f3n regional: Se mencionan actores pol\u00edticos y empresariales de M\u00e9xico y Am\u00e9rica Latina como parte de la red.<\/p>\n\n\n\n<p class=\"wp-block-paragraph\">Nombres y actores se\u00f1alados<\/p>\n\n\n\n<p class=\"wp-block-paragraph\">Miguel \u00c1ngel Elorza V\u00e1zquez: Coordinador de Infodemia, present\u00f3 el an\u00e1lisis en la Ma\u00f1anera.<\/p>\n\n\n\n<p class=\"wp-block-paragraph\">Atlas Network: Organizaci\u00f3n internacional vinculada a la operaci\u00f3n.<\/p>\n\n\n\n<p class=\"wp-block-paragraph\">Centro Ricardo Salinas Pliego: Mencionado como aliado nacional dentro de la estrategia.<\/p>\n\n\n\n<p class=\"wp-block-paragraph\">La marcha del 15 de noviembre atribuida a la \u201cGeneraci\u00f3n Z M\u00e9xico\u201d est\u00e1 bajo fuerte escrutinio: no se trata s\u00f3lo de j\u00f3venes inconformes, sino de una red internacional de derecha con financiamiento y coordinaci\u00f3n digital.<\/p>\n\n\n\n<p class=\"wp-block-paragraph\">La narrativa oficial busca mostrar que detr\u00e1s de la aparente espontaneidad hay una operaci\u00f3n estructurada con intereses extranjeros.<\/p>\n\n\n\n<p class=\"wp-block-paragraph\">Por su parte, los convocantes, aseguran que en cuando menos 80 ciudades del pa\u00eds tendr\u00e1n presencia multitudinaria.<\/p>\n\n\n\n<p class=\"wp-block-paragraph\">La circunstancia provoca mi creatividad literaria y me produce una rara necesidad de crear un BESTIARIO sobre los convocantes.<\/p>\n\n\n\n<p class=\"wp-block-paragraph\">Veamos<\/p>\n\n\n\n<p class=\"wp-block-paragraph\">EL BESTIARIO DE LA SUPUESTA GENERACI\u00d3N Z<\/p>\n\n\n\n<p class=\"wp-block-paragraph\">El concepto del Bestiario de la Generaci\u00f3n Z capturada por la Atlas Network es oro puro para mi estilo: convierte a los actores en criaturas mitol\u00f3gicas, caricaturescas, atrapadas en una red global que se disfraza de espontaneidad juvenil.<\/p>\n\n\n\n<p class=\"wp-block-paragraph\">Aqu\u00ed unos espec\u00edmenes&#8230;<\/p>\n\n\n\n<p class=\"wp-block-paragraph\">&#8211; El Drag\u00f3n del Sombrero de Paja.<\/p>\n\n\n\n<p class=\"wp-block-paragraph\">J\u00f3venes que creen marchar por ideales propios, pero en realidad portan s\u00edmbolos de anime como estandartes de una rebeli\u00f3n prefabricada. Su fuego es digital, alimentado por bots y campa\u00f1as pagadas.<\/p>\n\n\n\n<p class=\"wp-block-paragraph\">&#8211; El Minotauro del Think Tank<\/p>\n\n\n\n<p class=\"wp-block-paragraph\">Criatura h\u00edbrida: cuerpo de estudiante, cabeza de empresario.<\/p>\n\n\n\n<p class=\"wp-block-paragraph\">Vive en el laberinto de la Atlas Network, donde cada pasillo conduce a un financiamiento extranjero. Se alimenta de likes y retuits.<\/p>\n\n\n\n<p class=\"wp-block-paragraph\">&#8211; Las Sirenas del TikTok<\/p>\n\n\n\n<p class=\"wp-block-paragraph\">Voces dulces que llaman a la \u201cresistencia juvenil\u201d, pero su canto est\u00e1 programado desde oficinas en Washington y Madrid. Quien las sigue, termina atrapado en un mar de hashtags inorg\u00e1nicos.<\/p>\n\n\n\n<p class=\"wp-block-paragraph\">&#8211; El Quetzalc\u00f3atl Empresarial<\/p>\n\n\n\n<p class=\"wp-block-paragraph\">Dios-serpiente que se disfraza de benefactor nacional, pero sus plumas est\u00e1n hechas de d\u00f3lares y v\u00ednculos corporativos.<\/p>\n\n\n\n<p class=\"wp-block-paragraph\">En M\u00e9xico, aparece bajo el ala del Centro Ricardo Salinas Pliego.<\/p>\n\n\n\n<p class=\"wp-block-paragraph\">&#8211; Los Golems del Algoritmo.<\/p>\n\n\n\n<p class=\"wp-block-paragraph\">Masas de cuentas falsas, creadas para inflar la narrativa. No piensan, no sienten: solo repiten consignas y multiplican la ilusi\u00f3n de espontaneidad.<\/p>\n\n\n\n<p class=\"wp-block-paragraph\">Nota performativa<\/p>\n\n\n\n<p class=\"wp-block-paragraph\">Este bestiario no es zoolog\u00eda, sino ritual pol\u00edtico: un desfile carnavalesco donde los j\u00f3venes son figurantes y los titiriteros internacionales mueven los hilos.<\/p>\n\n\n\n<p class=\"wp-block-paragraph\">La tragicomedia est\u00e1 servida: la \u201cGeneraci\u00f3n Z M\u00e9xico\u201d como cosplay de rebeli\u00f3n, atrapada en la telara\u00f1a de la Atlas Network.<\/p>\n\n\n\n<p class=\"wp-block-paragraph\">Vamos por las palomitas.<\/p>\n","protected":false},"excerpt":{"rendered":"<p>Ra\u00fal Ruiz ___________________________ En la conferencia matutina de ayer, se revel\u00f3 que la convocatoria a la marcha del 15 de noviembre atribuida a la \u201cGeneraci\u00f3n Z M\u00e9xico\u201d no es totalmente org\u00e1nica. Se identific\u00f3 una red internacional vinculada a grupos de derecha, con financiamiento extranjero y conexiones con la Atlas Network y actores empresariales en M\u00e9xico [&hellip;]<\/p>\n","protected":false},"author":6,"featured_media":43347,"comment_status":"closed","ping_status":"closed","sticky":false,"template":"","format":"standard","meta":{"_acf_changed":false,"_monsterinsights_skip_tracking":false,"slim_seo":{"title":"Detr\u00e1s de la cortina - Opini\u00f3n P\u00fablica","description":"Ra\u00fal Ruiz ___________________________ En la conferencia matutina de ayer, se revel\u00f3 que la convocatoria a la marcha del 15 de noviembre atribuida a la \u201cGeneraci"},"footnotes":""},"categories":[21],"tags":[593,789],"class_list":["post-72253","post","type-post","status-publish","format-standard","has-post-thumbnail","hentry","category-cartapacio","tag-cartapacio","tag-raul-ruiz"],"acf":[],"_links":{"self":[{"href":"https:\/\/www.opinionpublica.tv\/portada\/wp-json\/wp\/v2\/posts\/72253","targetHints":{"allow":["GET"]}}],"collection":[{"href":"https:\/\/www.opinionpublica.tv\/portada\/wp-json\/wp\/v2\/posts"}],"about":[{"href":"https:\/\/www.opinionpublica.tv\/portada\/wp-json\/wp\/v2\/types\/post"}],"author":[{"embeddable":true,"href":"https:\/\/www.opinionpublica.tv\/portada\/wp-json\/wp\/v2\/users\/6"}],"replies":[{"embeddable":true,"href":"https:\/\/www.opinionpublica.tv\/portada\/wp-json\/wp\/v2\/comments?post=72253"}],"version-history":[{"count":2,"href":"https:\/\/www.opinionpublica.tv\/portada\/wp-json\/wp\/v2\/posts\/72253\/revisions"}],"predecessor-version":[{"id":72255,"href":"https:\/\/www.opinionpublica.tv\/portada\/wp-json\/wp\/v2\/posts\/72253\/revisions\/72255"}],"wp:featuredmedia":[{"embeddable":true,"href":"https:\/\/www.opinionpublica.tv\/portada\/wp-json\/wp\/v2\/media\/43347"}],"wp:attachment":[{"href":"https:\/\/www.opinionpublica.tv\/portada\/wp-json\/wp\/v2\/media?parent=72253"}],"wp:term":[{"taxonomy":"category","embeddable":true,"href":"https:\/\/www.opinionpublica.tv\/portada\/wp-json\/wp\/v2\/categories?post=72253"},{"taxonomy":"post_tag","embeddable":true,"href":"https:\/\/www.opinionpublica.tv\/portada\/wp-json\/wp\/v2\/tags?post=72253"}],"curies":[{"name":"wp","href":"https:\/\/api.w.org\/{rel}","templated":true}]}}