{"id":72208,"date":"2025-11-13T00:01:00","date_gmt":"2025-11-13T07:01:00","guid":{"rendered":"https:\/\/www.opinionpublica.tv\/portada\/?p=72208"},"modified":"2025-11-12T20:04:50","modified_gmt":"2025-11-13T03:04:50","slug":"cabildo-de-juarez-propone-mayores-sanciones-para-quien-maltrate-a-los-animales","status":"publish","type":"post","link":"https:\/\/www.opinionpublica.tv\/portada\/cabildo-de-juarez-propone-mayores-sanciones-para-quien-maltrate-a-los-animales\/","title":{"rendered":"Cabildo propone mayores sanciones para quien maltrate a los animales en Ju\u00e1rez"},"content":{"rendered":"\n<figure class=\"wp-block-image size-large\"><img fetchpriority=\"high\" decoding=\"async\" width=\"1024\" height=\"682\" src=\"https:\/\/www.opinionpublica.tv\/portada\/wp-content\/uploads\/2025\/11\/Cabildo-propone-mayores-sanciones-para-quien-maltrate-a-los-animales-en-Juarez-1024x682.jpeg\" alt=\"Cabildo propone mayores sanciones para quien maltrate a los animales en jua\u0301rez\" class=\"wp-image-72212\" srcset=\"https:\/\/www.opinionpublica.tv\/portada\/wp-content\/uploads\/2025\/11\/Cabildo-propone-mayores-sanciones-para-quien-maltrate-a-los-animales-en-Juarez-1024x682.jpeg 1024w, https:\/\/www.opinionpublica.tv\/portada\/wp-content\/uploads\/2025\/11\/Cabildo-propone-mayores-sanciones-para-quien-maltrate-a-los-animales-en-Juarez-300x200.jpeg 300w, https:\/\/www.opinionpublica.tv\/portada\/wp-content\/uploads\/2025\/11\/Cabildo-propone-mayores-sanciones-para-quien-maltrate-a-los-animales-en-Juarez-768x512.jpeg 768w, https:\/\/www.opinionpublica.tv\/portada\/wp-content\/uploads\/2025\/11\/Cabildo-propone-mayores-sanciones-para-quien-maltrate-a-los-animales-en-Juarez-1536x1023.jpeg 1536w, https:\/\/www.opinionpublica.tv\/portada\/wp-content\/uploads\/2025\/11\/Cabildo-propone-mayores-sanciones-para-quien-maltrate-a-los-animales-en-Juarez.jpeg 1600w\" sizes=\"(max-width: 1024px) 100vw, 1024px\" \/><\/figure>\n\n\n\n<p class=\"wp-block-paragraph\"><em>Ciudad Ju\u00e1rez, Chih<\/em>.- El Cabildo juarense aprob\u00f3 exhortar al Congreso del Estado de Chihuahua para que legisle en materia de maltrato animal y se aumenten las sanciones establecidas en el C\u00f3digo Penal del Estado de Chihuahua.<\/p>\n\n\n\n<p class=\"wp-block-paragraph\">La regidora Laura Fernanda Avalos Medina present\u00f3 el tema con el cual intenta dar voz a quienes no la tienen, los animales de compa\u00f1\u00eda como lo son perros y gatos, a fin de evitar muertes violentas y sin sentido como se han presentado \u00faltimamente.<\/p>\n\n\n\n<p class=\"wp-block-paragraph\">La propuesta de la edil es solicitar al Congreso del Estado que se legisle en materia de delitos en contra de los animales de compa\u00f1\u00eda por actos de maltrato, haciendo las reformas necesarias a los art\u00edculos 364, 365 y 366 de la C\u00f3digo Penal del Estado de Chihuahua.<\/p>\n\n\n\n<p class=\"wp-block-paragraph\">El objetivo de esto es incrementar las sanciones existentes y establecer agravantes especificas cuando los hechos se cometan con sa\u00f1a en presencia de ni\u00f1as, ni\u00f1os y adolescentes o en caso de reincidencia, con la intenci\u00f3n de garantizar una verdadera protecci\u00f3n jur\u00eddica para los animales.<\/p>\n\n\n\n<p class=\"wp-block-paragraph\">En la sesi\u00f3n se autoriz\u00f3 tambi\u00e9n la reforma al Reglamento Interno del Instituto para la Cultura del Municipio de Ju\u00e1rez; la regidora y coordinadora de la Comisi\u00f3n de Gobernaci\u00f3n, Sandra Valenzuela Mart\u00ednez, dijo que el objetivo de esto es armonizar este reglamento con la separaci\u00f3n que se dio de la Comisi\u00f3n de Educaci\u00f3n y Cultura.<\/p>\n\n\n\n<p class=\"wp-block-paragraph\">Adem\u00e1s se considera necesario actualizar los procedimientos de convocatoria, votaci\u00f3n y cu\u00f3rum del Consejo de Gobierno del IPACULT, a fin de que sus sesiones sean agiles, flexibles y acordes con las condiciones administrativas actuales.<\/p>\n","protected":false},"excerpt":{"rendered":"<p>Ciudad Ju\u00e1rez, Chih.- El Cabildo juarense aprob\u00f3 exhortar al Congreso del Estado de Chihuahua para que legisle en materia de maltrato animal y se aumenten las sanciones establecidas en el C\u00f3digo Penal del Estado de Chihuahua. La regidora Laura Fernanda Avalos Medina present\u00f3 el tema con el cual intenta dar voz a quienes no la [&hellip;]<\/p>\n","protected":false},"author":6,"featured_media":72212,"comment_status":"closed","ping_status":"closed","sticky":false,"template":"","format":"standard","meta":{"_acf_changed":false,"_monsterinsights_skip_tracking":false,"slim_seo":{"title":"Cabildo propone mayores sanciones para quien maltrate a los animales en Ju\u00e1rez - Opini\u00f3n P\u00fablica","description":"Ciudad Ju\u00e1rez, Chih .- El Cabildo juarense aprob\u00f3 exhortar al Congreso del Estado de Chihuahua para que legisle en materia de maltrato animal y se aumenten las"},"footnotes":""},"categories":[41],"tags":[1172,1171,375],"class_list":["post-72208","post","type-post","status-publish","format-standard","has-post-thumbnail","hentry","category-juarez","tag-bienestar-animal","tag-cabildo-de-juarez","tag-maltrato-animal"],"acf":[],"_links":{"self":[{"href":"https:\/\/www.opinionpublica.tv\/portada\/wp-json\/wp\/v2\/posts\/72208","targetHints":{"allow":["GET"]}}],"collection":[{"href":"https:\/\/www.opinionpublica.tv\/portada\/wp-json\/wp\/v2\/posts"}],"about":[{"href":"https:\/\/www.opinionpublica.tv\/portada\/wp-json\/wp\/v2\/types\/post"}],"author":[{"embeddable":true,"href":"https:\/\/www.opinionpublica.tv\/portada\/wp-json\/wp\/v2\/users\/6"}],"replies":[{"embeddable":true,"href":"https:\/\/www.opinionpublica.tv\/portada\/wp-json\/wp\/v2\/comments?post=72208"}],"version-history":[{"count":3,"href":"https:\/\/www.opinionpublica.tv\/portada\/wp-json\/wp\/v2\/posts\/72208\/revisions"}],"predecessor-version":[{"id":72213,"href":"https:\/\/www.opinionpublica.tv\/portada\/wp-json\/wp\/v2\/posts\/72208\/revisions\/72213"}],"wp:featuredmedia":[{"embeddable":true,"href":"https:\/\/www.opinionpublica.tv\/portada\/wp-json\/wp\/v2\/media\/72212"}],"wp:attachment":[{"href":"https:\/\/www.opinionpublica.tv\/portada\/wp-json\/wp\/v2\/media?parent=72208"}],"wp:term":[{"taxonomy":"category","embeddable":true,"href":"https:\/\/www.opinionpublica.tv\/portada\/wp-json\/wp\/v2\/categories?post=72208"},{"taxonomy":"post_tag","embeddable":true,"href":"https:\/\/www.opinionpublica.tv\/portada\/wp-json\/wp\/v2\/tags?post=72208"}],"curies":[{"name":"wp","href":"https:\/\/api.w.org\/{rel}","templated":true}]}}