{"id":72180,"date":"2025-11-13T00:01:00","date_gmt":"2025-11-13T07:01:00","guid":{"rendered":"https:\/\/www.opinionpublica.tv\/portada\/?p=72180"},"modified":"2025-11-12T18:13:13","modified_gmt":"2025-11-13T01:13:13","slug":"adan-augusto-admite-nexo-con-empresario-juan-pablo-vega-ligado-a-huachicol-fiscal","status":"publish","type":"post","link":"https:\/\/www.opinionpublica.tv\/portada\/adan-augusto-admite-nexo-con-empresario-juan-pablo-vega-ligado-a-huachicol-fiscal\/","title":{"rendered":"Ad\u00e1n Augusto admite nexo con empresario Juan Pablo Vega ligado a huachicol fiscal"},"content":{"rendered":"\n<figure class=\"wp-block-image size-full\"><img fetchpriority=\"high\" decoding=\"async\" width=\"770\" height=\"530\" src=\"https:\/\/www.opinionpublica.tv\/portada\/wp-content\/uploads\/2025\/11\/Adan-Augusto-admite-nexo-con-empresario-ligado-a-huachicol-.webp\" alt=\"Ada\u0301n augusto admite nexo con empresario ligado a huachicol\" class=\"wp-image-72182\" srcset=\"https:\/\/www.opinionpublica.tv\/portada\/wp-content\/uploads\/2025\/11\/Adan-Augusto-admite-nexo-con-empresario-ligado-a-huachicol-.webp 770w, https:\/\/www.opinionpublica.tv\/portada\/wp-content\/uploads\/2025\/11\/Adan-Augusto-admite-nexo-con-empresario-ligado-a-huachicol--300x206.webp 300w, https:\/\/www.opinionpublica.tv\/portada\/wp-content\/uploads\/2025\/11\/Adan-Augusto-admite-nexo-con-empresario-ligado-a-huachicol--768x529.webp 768w\" sizes=\"(max-width: 770px) 100vw, 770px\" \/><\/figure>\n\n\n\n<p class=\"wp-block-paragraph\"><em>Ciudad de M\u00e9xico<\/em>.- El l\u00edder de los senadores de Morena, Ad\u00e1n Augusto L\u00f3pez Hern\u00e1ndez, reconoci\u00f3 que conoce desde hace cinco a\u00f1os al empresario Juan Pablo Vega Arriaga, quien es se\u00f1alado por el financiamiento de 21 millones de d\u00f3lares a manos del Banco Nacional de Comercio Exterior (Bancomext) para una naviera que es investigada por huachicol fiscal.<\/p>\n\n\n\n<p class=\"wp-block-paragraph\">\u201cEfectivamente conozco a Juan Pablo Vega Arriaga, somos conocidos desde hace cinco o seis a\u00f1os. Es un empresario a quien conozco, porque mantiene negocios con Petr\u00f3leos Mexicanos, contratos no desde hace uno o dos sexenios, entiendo que desde hace mucho m\u00e1s tiempo. Es uno de los empresarios que tiene una de las navieras m\u00e1s importantes, si no es que la m\u00e1s importante del pa\u00eds.<\/p>\n\n\n\n<p class=\"wp-block-paragraph\">Recordar\u00e1n ustedes que Transportaci\u00f3n Mar\u00edtima Mexicana, que se encargaba de eso pr\u00e1cticamente quebr\u00f3 y, entre otras, s\u00e9 que la empresa o las empresas o el grupo de empresas de Juan Pablo Vega, entre otras cosas, mantienen contratos con Petr\u00f3leos Mexicanos\u201d, asegur\u00f3 el senador de Morena.<\/p>\n\n\n\n<p class=\"wp-block-paragraph\">L\u00f3pez Hern\u00e1ndez acusa campa\u00f1a en su contra<\/p>\n\n\n\n<p class=\"wp-block-paragraph\">Entrevistado poco antes de comenzar la sesi\u00f3n del pleno del Senado, Ad\u00e1n Augusto L\u00f3pez Hern\u00e1ndez reiter\u00f3 que hay una campa\u00f1a en su contra, porque \u201cnosotros somos parte de un movimiento, y desde luego que esos grupos de inter\u00e9s se sienten afectados en sus intereses, pero nosotros vamos a seguir denunciando que los ciudadanos, que las mexicanas y los mexicanos sepan qu\u00e9 es lo que representa la ultraderecha. Quieren distorsionar el debate p\u00fablico\u201d, acus\u00f3 el senador morenista.<\/p>\n\n\n\n<p class=\"wp-block-paragraph\">Sobre la firma se\u00f1alada<\/p>\n\n\n\n<p class=\"wp-block-paragraph\">De acuerdo con la C\u00e1mara Mexicana de la Industria del Transporte Mar\u00edtimo (Cameintram) Juan Pablo Vega Arriaga es presidente de Naviera Integral.<\/p>\n\n\n\n<p class=\"wp-block-paragraph\">La empresa, 100% mexicana, fue fundada en 1987 \u201ccon el prop\u00f3sito de ofrecer servicios mar\u00edtimos confiables, innovadores y con los m\u00e1s altos est\u00e1ndares de \u00e9tica, calidad y seguridad\u201d.<\/p>\n\n\n\n<p class=\"wp-block-paragraph\">Seg\u00fan informaci\u00f3n de la Cameintram, la naviera provee soluciones integrales a la industria petrolera y mar\u00edtima en M\u00e9xico y Sudam\u00e9rica a trav\u00e9s de sus diferentes l\u00edneas de negocio. (Exc\u00e9lsior)<\/p>\n","protected":false},"excerpt":{"rendered":"<p>Ciudad de M\u00e9xico.- El l\u00edder de los senadores de Morena, Ad\u00e1n Augusto L\u00f3pez Hern\u00e1ndez, reconoci\u00f3 que conoce desde hace cinco a\u00f1os al empresario Juan Pablo Vega Arriaga, quien es se\u00f1alado por el financiamiento de 21 millones de d\u00f3lares a manos del Banco Nacional de Comercio Exterior (Bancomext) para una naviera que es investigada por huachicol [&hellip;]<\/p>\n","protected":false},"author":6,"featured_media":72182,"comment_status":"closed","ping_status":"closed","sticky":false,"template":"","format":"standard","meta":{"_acf_changed":false,"_monsterinsights_skip_tracking":false,"slim_seo":{"title":"Ad\u00e1n Augusto admite nexo con empresario Juan Pablo Vega ligado a huachicol fiscal - Opini\u00f3n P\u00fablica","description":"Ciudad de M\u00e9xico .- El l\u00edder de los senadores de Morena, Ad\u00e1n Augusto L\u00f3pez Hern\u00e1ndez, reconoci\u00f3 que conoce desde hace cinco a\u00f1os al empresario Juan Pablo Vega"},"footnotes":""},"categories":[4],"tags":[473,1166],"class_list":["post-72180","post","type-post","status-publish","format-standard","has-post-thumbnail","hentry","category-pulsopolitico","tag-adan-augusto-lopez","tag-huachicol-fiscal"],"acf":[],"_links":{"self":[{"href":"https:\/\/www.opinionpublica.tv\/portada\/wp-json\/wp\/v2\/posts\/72180","targetHints":{"allow":["GET"]}}],"collection":[{"href":"https:\/\/www.opinionpublica.tv\/portada\/wp-json\/wp\/v2\/posts"}],"about":[{"href":"https:\/\/www.opinionpublica.tv\/portada\/wp-json\/wp\/v2\/types\/post"}],"author":[{"embeddable":true,"href":"https:\/\/www.opinionpublica.tv\/portada\/wp-json\/wp\/v2\/users\/6"}],"replies":[{"embeddable":true,"href":"https:\/\/www.opinionpublica.tv\/portada\/wp-json\/wp\/v2\/comments?post=72180"}],"version-history":[{"count":2,"href":"https:\/\/www.opinionpublica.tv\/portada\/wp-json\/wp\/v2\/posts\/72180\/revisions"}],"predecessor-version":[{"id":72183,"href":"https:\/\/www.opinionpublica.tv\/portada\/wp-json\/wp\/v2\/posts\/72180\/revisions\/72183"}],"wp:featuredmedia":[{"embeddable":true,"href":"https:\/\/www.opinionpublica.tv\/portada\/wp-json\/wp\/v2\/media\/72182"}],"wp:attachment":[{"href":"https:\/\/www.opinionpublica.tv\/portada\/wp-json\/wp\/v2\/media?parent=72180"}],"wp:term":[{"taxonomy":"category","embeddable":true,"href":"https:\/\/www.opinionpublica.tv\/portada\/wp-json\/wp\/v2\/categories?post=72180"},{"taxonomy":"post_tag","embeddable":true,"href":"https:\/\/www.opinionpublica.tv\/portada\/wp-json\/wp\/v2\/tags?post=72180"}],"curies":[{"name":"wp","href":"https:\/\/api.w.org\/{rel}","templated":true}]}}