{"id":72157,"date":"2025-11-12T13:05:43","date_gmt":"2025-11-12T20:05:43","guid":{"rendered":"https:\/\/www.opinionpublica.tv\/portada\/?p=72157"},"modified":"2025-11-12T13:07:53","modified_gmt":"2025-11-12T20:07:53","slug":"preside-alcalde-convencion-internacional-de-asociacion-mexicana-de-jefes-de-bomberos","status":"publish","type":"post","link":"https:\/\/www.opinionpublica.tv\/portada\/preside-alcalde-convencion-internacional-de-asociacion-mexicana-de-jefes-de-bomberos\/","title":{"rendered":"Preside alcalde Convenci\u00f3n Internacional de Asociaci\u00f3n Mexicana de Bomberos"},"content":{"rendered":"\n<figure class=\"wp-block-image size-large\"><img fetchpriority=\"high\" decoding=\"async\" width=\"1024\" height=\"682\" src=\"https:\/\/www.opinionpublica.tv\/portada\/wp-content\/uploads\/2025\/11\/Preside-alcalde-Convencion-Internacional-de-Asociacion-Mexicana-de-Jefes-de-Bomberos-1024x682.jpeg\" alt=\"Preside alcalde convencio\u0301n internacional de asociacio\u0301n mexicana de jefes de bomberos\" class=\"wp-image-72159\" srcset=\"https:\/\/www.opinionpublica.tv\/portada\/wp-content\/uploads\/2025\/11\/Preside-alcalde-Convencion-Internacional-de-Asociacion-Mexicana-de-Jefes-de-Bomberos-1024x682.jpeg 1024w, https:\/\/www.opinionpublica.tv\/portada\/wp-content\/uploads\/2025\/11\/Preside-alcalde-Convencion-Internacional-de-Asociacion-Mexicana-de-Jefes-de-Bomberos-300x200.jpeg 300w, https:\/\/www.opinionpublica.tv\/portada\/wp-content\/uploads\/2025\/11\/Preside-alcalde-Convencion-Internacional-de-Asociacion-Mexicana-de-Jefes-de-Bomberos-768x512.jpeg 768w, https:\/\/www.opinionpublica.tv\/portada\/wp-content\/uploads\/2025\/11\/Preside-alcalde-Convencion-Internacional-de-Asociacion-Mexicana-de-Jefes-de-Bomberos-1536x1023.jpeg 1536w, https:\/\/www.opinionpublica.tv\/portada\/wp-content\/uploads\/2025\/11\/Preside-alcalde-Convencion-Internacional-de-Asociacion-Mexicana-de-Jefes-de-Bomberos.jpeg 1600w\" sizes=\"(max-width: 1024px) 100vw, 1024px\" \/><\/figure>\n\n\n\n<p><em>Ciudad Ju\u00e1rez, Chih<\/em>.- El presidente municipal de Ju\u00e1rez, Cruz P\u00e9rez Cu\u00e9llar, encabez\u00f3 este mi\u00e9rcoles la inauguraci\u00f3n de la sexag\u00e9sima novena convenci\u00f3n de la Asociaci\u00f3n Mexicana de Jefes de Bomberos, (AMJB).<\/p>\n\n\n\n<p>El alcalde reiter\u00f3 su compromiso con el Cuerpo de Bomberos de Ciudad Ju\u00e1rez para homologar sus salarios con los de la Secretar\u00eda de Seguridad P\u00fablica Municipal (SSPM) y la Coordinaci\u00f3n General de Seguridad Vial.<\/p>\n\n\n\n<p>\u201cSe hizo el compromiso el pasado 26 de agosto y hoy lo ratifico, que a partir del presupuesto del 2026 se va a igualar el sueldo de los primeros respondientes; un polic\u00eda municipal no debe de ganar m\u00e1s que un bombero, tienen que ganar lo mismo\u201d, expres\u00f3.<\/p>\n\n\n\n<p>Explic\u00f3 que no se va a reducir el gasto de inversi\u00f3n, sino que se van hacer algunos sacrificios en varias direcciones, en donde se bajar\u00e1 el gasto corriente, no en el sueldo, si no en vi\u00e1ticos y en otras cosas.<\/p>\n\n\n\n<p>Por otra parte, expres\u00f3 su agradecimiento a todas las personas que acudieron de diferentes partes de M\u00e9xico y de Estados Unidos para participar en esta convenci\u00f3n.<\/p>\n\n\n\n<p>El director general de Protecci\u00f3n Civil, Sergio Rodr\u00edguez, dijo que Ciudad Ju\u00e1rez se merece esta convenci\u00f3n, ya que es una ciudad que tiene mucho que ofrecer y este es solo un granito de lo que se puede otorgar.<\/p>\n\n\n\n<p>El funcionario agradeci\u00f3 al alcalde por todo el apoyo que ha otorgado al Departamento de Bomberos y les dio la bienvenida a los asistentes a este congreso.<\/p>\n\n\n\n<p>El presidente de la Asociaci\u00f3n Mexicana de Jefes de Bomberos, Marco Antonio S\u00e1nchez Guerrero, indic\u00f3 que el proyecto es algo m\u00e1s que un simple congreso, ya que se construir\u00e1n alianzas importantes para poner a las y los bomberos a la altura de los retos.<\/p>\n\n\n\n<p>Por su parte, el comandante de Bomberos Jorge Ignacio Puentes Hern\u00e1ndez, dio la bienvenida a todos los presentes a la convenci\u00f3n que se realiza por primera vez en Ciudad Ju\u00e1rez.<\/p>\n\n\n\n<p>\u201cLa ciudad los abraza y recibe con los brazos abiertos, estos talleres que se van a realizar es con el objetivo de prepararnos mejor y dar una mejor respuesta a la ciudadan\u00eda\u201d, dijo.<\/p>\n\n\n\n<p>A\u00f1adi\u00f3 que est\u00e1n dispuestos a recibir todo el conocimiento que les vienen a ense\u00f1ar, adem\u00e1s de compartir el suyo.<\/p>\n\n\n\n<p>En esta convenci\u00f3n se tiene la presencia de bomberos de diferentes partes del estado de Chihuahua, entre ellos de la capital, de Cuauht\u00e9moc, Delicias y Nuevo Casas Grandes, as\u00ed como invitados de Tabasco, Colima, Mazatl\u00e1n, Culiac\u00e1n, Canc\u00fan, Estado de M\u00e9xico, Hidalgo, Celaya, Guanajuato, San Crist\u00f3bal de las Casas, Morelia, San Luis Potos\u00ed y Acapulco.<\/p>\n\n\n\n<p>Adem\u00e1s participan elementos de bomberos de China, California, Guayaquil, Ecuador, Santiago de Chile, Orlando, Florida y Fairfax, Virginia.<\/p>\n\n\n\n<p>En la ceremonia de inici\u00f3 participaron el capit\u00e1n del Cuerpo de Bomberos de Guayaquil, Ecuador, Andr\u00e9s Hass Sarmiento; John Buller presidente de la Metro Fire Chiefs; el secretario ejecutivo de la Metro Fire Chiefs, Otto Dross; la Sindica Municipal, Ana Carmen Estrada; el vicepresidente de la Asociaci\u00f3n, Miguel Benavente<\/p>\n\n\n\n<p>Tambi\u00e9n la mesa directiva de la Asociaci\u00f3n de Jefes de Bomberos; jefes de Bomberos del estado de Chihuahua y de Estados Unidos, as\u00ed como funcionarios municipales y regidores.<\/p>\n","protected":false},"excerpt":{"rendered":"<p>Ciudad Ju\u00e1rez, Chih.- El presidente municipal de Ju\u00e1rez, Cruz P\u00e9rez Cu\u00e9llar, encabez\u00f3 este mi\u00e9rcoles la inauguraci\u00f3n de la sexag\u00e9sima novena convenci\u00f3n de la Asociaci\u00f3n Mexicana de Jefes de Bomberos, (AMJB). El alcalde reiter\u00f3 su compromiso con el Cuerpo de Bomberos de Ciudad Ju\u00e1rez para homologar sus salarios con los de la Secretar\u00eda de Seguridad P\u00fablica [&hellip;]<\/p>\n","protected":false},"author":6,"featured_media":72159,"comment_status":"closed","ping_status":"closed","sticky":false,"template":"","format":"standard","meta":{"_acf_changed":false,"_monsterinsights_skip_tracking":false,"_monsterinsights_sitenote_active":false,"_monsterinsights_sitenote_note":"","_monsterinsights_sitenote_category":0,"slim_seo":{"title":"Preside alcalde Convenci\u00f3n Internacional de Asociaci\u00f3n Mexicana de Bomberos - Opini\u00f3n P\u00fablica","description":"Ciudad Ju\u00e1rez, Chih .- El presidente municipal de Ju\u00e1rez, Cruz P\u00e9rez Cu\u00e9llar, encabez\u00f3 este mi\u00e9rcoles la inauguraci\u00f3n de la sexag\u00e9sima novena convenci\u00f3n de la A"},"footnotes":""},"categories":[41],"tags":[1162,608,753],"class_list":["post-72157","post","type-post","status-publish","format-standard","has-post-thumbnail","hentry","category-juarez","tag-bomberos","tag-ciudad-juarez","tag-cruz-perez-cuellar"],"acf":[],"_links":{"self":[{"href":"https:\/\/www.opinionpublica.tv\/portada\/wp-json\/wp\/v2\/posts\/72157","targetHints":{"allow":["GET"]}}],"collection":[{"href":"https:\/\/www.opinionpublica.tv\/portada\/wp-json\/wp\/v2\/posts"}],"about":[{"href":"https:\/\/www.opinionpublica.tv\/portada\/wp-json\/wp\/v2\/types\/post"}],"author":[{"embeddable":true,"href":"https:\/\/www.opinionpublica.tv\/portada\/wp-json\/wp\/v2\/users\/6"}],"replies":[{"embeddable":true,"href":"https:\/\/www.opinionpublica.tv\/portada\/wp-json\/wp\/v2\/comments?post=72157"}],"version-history":[{"count":2,"href":"https:\/\/www.opinionpublica.tv\/portada\/wp-json\/wp\/v2\/posts\/72157\/revisions"}],"predecessor-version":[{"id":72160,"href":"https:\/\/www.opinionpublica.tv\/portada\/wp-json\/wp\/v2\/posts\/72157\/revisions\/72160"}],"wp:featuredmedia":[{"embeddable":true,"href":"https:\/\/www.opinionpublica.tv\/portada\/wp-json\/wp\/v2\/media\/72159"}],"wp:attachment":[{"href":"https:\/\/www.opinionpublica.tv\/portada\/wp-json\/wp\/v2\/media?parent=72157"}],"wp:term":[{"taxonomy":"category","embeddable":true,"href":"https:\/\/www.opinionpublica.tv\/portada\/wp-json\/wp\/v2\/categories?post=72157"},{"taxonomy":"post_tag","embeddable":true,"href":"https:\/\/www.opinionpublica.tv\/portada\/wp-json\/wp\/v2\/tags?post=72157"}],"curies":[{"name":"wp","href":"https:\/\/api.w.org\/{rel}","templated":true}]}}