{"id":72150,"date":"2025-11-12T00:01:00","date_gmt":"2025-11-12T07:01:00","guid":{"rendered":"https:\/\/www.opinionpublica.tv\/portada\/?p=72150"},"modified":"2025-11-11T20:46:06","modified_gmt":"2025-11-12T03:46:06","slug":"gestiona-estado-vacantes-laborales-y-practicas-profesionales-para-sectores-vulnerables","status":"publish","type":"post","link":"https:\/\/www.opinionpublica.tv\/portada\/gestiona-estado-vacantes-laborales-y-practicas-profesionales-para-sectores-vulnerables\/","title":{"rendered":"Gestionan vacantes laborales y pr\u00e1cticas profesionales para sectores m\u00e1s vulnerables"},"content":{"rendered":"\n<figure class=\"wp-block-image size-large\"><img fetchpriority=\"high\" decoding=\"async\" width=\"1024\" height=\"1024\" src=\"https:\/\/www.opinionpublica.tv\/portada\/wp-content\/uploads\/2025\/11\/Gestionan-vacantes-laborales-y-practicas-profesionales-para-sectores-mas-vulnerables-1024x1024.jpeg\" alt=\"Gestionan vacantes laborales y pra\u0301cticas profesionales para sectores ma\u0301s vulnerables\" class=\"wp-image-72153\" srcset=\"https:\/\/www.opinionpublica.tv\/portada\/wp-content\/uploads\/2025\/11\/Gestionan-vacantes-laborales-y-practicas-profesionales-para-sectores-mas-vulnerables-1024x1024.jpeg 1024w, https:\/\/www.opinionpublica.tv\/portada\/wp-content\/uploads\/2025\/11\/Gestionan-vacantes-laborales-y-practicas-profesionales-para-sectores-mas-vulnerables-300x300.jpeg 300w, https:\/\/www.opinionpublica.tv\/portada\/wp-content\/uploads\/2025\/11\/Gestionan-vacantes-laborales-y-practicas-profesionales-para-sectores-mas-vulnerables-150x150.jpeg 150w, https:\/\/www.opinionpublica.tv\/portada\/wp-content\/uploads\/2025\/11\/Gestionan-vacantes-laborales-y-practicas-profesionales-para-sectores-mas-vulnerables-768x768.jpeg 768w, https:\/\/www.opinionpublica.tv\/portada\/wp-content\/uploads\/2025\/11\/Gestionan-vacantes-laborales-y-practicas-profesionales-para-sectores-mas-vulnerables-1536x1536.jpeg 1536w, https:\/\/www.opinionpublica.tv\/portada\/wp-content\/uploads\/2025\/11\/Gestionan-vacantes-laborales-y-practicas-profesionales-para-sectores-mas-vulnerables.jpeg 1600w\" sizes=\"(max-width: 1024px) 100vw, 1024px\" \/><\/figure>\n\n\n\n<p><em>Chihuahua, Chih<\/em>.- Con el prop\u00f3sito de fortalecer la inclusi\u00f3n productiva de los sectores vulnerables, el Gobierno del Estado, a trav\u00e9s de la Secretar\u00eda de Desarrollo Humano y Bien Com\u00fan SDHyBC, gestion\u00f3 nuevas vacantes laborales dirigidas a personas con discapacidad y adultos mayores.<\/p>\n\n\n\n<p>Para esta semana, en la capital del estado se encuentran disponibles diversos puestos para personas con formaci\u00f3n en Derecho, Ingenier\u00eda en Sistemas y Dise\u00f1o Gr\u00e1fico.<\/p>\n\n\n\n<p>En Ciudad Ju\u00e1rez se ofrece la oportunidad de realizar pr\u00e1cticas profesionales a j\u00f3venes que cursen los \u00faltimos semestres de las carreras de Ingenier\u00eda Automotriz, Industrial, en Manufactura, Mecatr\u00f3nica, Log\u00edstica o Mec\u00e1nica.<\/p>\n\n\n\n<p>De igual manera, se solicita la participaci\u00f3n de adultos mayores de 60 a 69 a\u00f1os interesados en integrarse como empacadores voluntarios en supermercados de los municipios de Delicias, Meoqui y Parral.<\/p>\n\n\n\n<p>El titular de la SDHyBC, Rafael Loera, destac\u00f3 que desde la dependencia que encabeza, se trabaja de manera permanente para generar condiciones que impulsen el desarrollo integral de todos los sectores sociales.<\/p>\n\n\n\n<p>Inform\u00f3 que las personas interesadas en recibir orientaci\u00f3n, acompa\u00f1amiento o informaci\u00f3n sobre c\u00f3mo integrarse a una plantilla laboral, pueden comunicarse con el equipo de la Direcci\u00f3n de Grupos Vulnerables al tel\u00e9fono (614) 429-33-00, extensi\u00f3n 17921.<\/p>\n","protected":false},"excerpt":{"rendered":"<p>Chihuahua, Chih.- Con el prop\u00f3sito de fortalecer la inclusi\u00f3n productiva de los sectores vulnerables, el Gobierno del Estado, a trav\u00e9s de la Secretar\u00eda de Desarrollo Humano y Bien Com\u00fan SDHyBC, gestion\u00f3 nuevas vacantes laborales dirigidas a personas con discapacidad y adultos mayores. Para esta semana, en la capital del estado se encuentran disponibles diversos puestos [&hellip;]<\/p>\n","protected":false},"author":6,"featured_media":72153,"comment_status":"closed","ping_status":"closed","sticky":false,"template":"","format":"standard","meta":{"_acf_changed":false,"_monsterinsights_skip_tracking":false,"_monsterinsights_sitenote_active":false,"_monsterinsights_sitenote_note":"","_monsterinsights_sitenote_category":0,"slim_seo":{"title":"Gestionan vacantes laborales y pr\u00e1cticas profesionales para sectores m\u00e1s vulnerables - Opini\u00f3n P\u00fablica","description":"Chihuahua, Chih .- Con el prop\u00f3sito de fortalecer la inclusi\u00f3n productiva de los sectores vulnerables, el Gobierno del Estado, a trav\u00e9s de la Secretar\u00eda de Desa"},"footnotes":""},"categories":[11],"tags":[88,1160,1161],"class_list":["post-72150","post","type-post","status-publish","format-standard","has-post-thumbnail","hentry","category-tendencias","tag-chihuahua","tag-practicas-profesionales","tag-vacantes-laborales"],"acf":[],"_links":{"self":[{"href":"https:\/\/www.opinionpublica.tv\/portada\/wp-json\/wp\/v2\/posts\/72150","targetHints":{"allow":["GET"]}}],"collection":[{"href":"https:\/\/www.opinionpublica.tv\/portada\/wp-json\/wp\/v2\/posts"}],"about":[{"href":"https:\/\/www.opinionpublica.tv\/portada\/wp-json\/wp\/v2\/types\/post"}],"author":[{"embeddable":true,"href":"https:\/\/www.opinionpublica.tv\/portada\/wp-json\/wp\/v2\/users\/6"}],"replies":[{"embeddable":true,"href":"https:\/\/www.opinionpublica.tv\/portada\/wp-json\/wp\/v2\/comments?post=72150"}],"version-history":[{"count":3,"href":"https:\/\/www.opinionpublica.tv\/portada\/wp-json\/wp\/v2\/posts\/72150\/revisions"}],"predecessor-version":[{"id":72155,"href":"https:\/\/www.opinionpublica.tv\/portada\/wp-json\/wp\/v2\/posts\/72150\/revisions\/72155"}],"wp:featuredmedia":[{"embeddable":true,"href":"https:\/\/www.opinionpublica.tv\/portada\/wp-json\/wp\/v2\/media\/72153"}],"wp:attachment":[{"href":"https:\/\/www.opinionpublica.tv\/portada\/wp-json\/wp\/v2\/media?parent=72150"}],"wp:term":[{"taxonomy":"category","embeddable":true,"href":"https:\/\/www.opinionpublica.tv\/portada\/wp-json\/wp\/v2\/categories?post=72150"},{"taxonomy":"post_tag","embeddable":true,"href":"https:\/\/www.opinionpublica.tv\/portada\/wp-json\/wp\/v2\/tags?post=72150"}],"curies":[{"name":"wp","href":"https:\/\/api.w.org\/{rel}","templated":true}]}}