{"id":72112,"date":"2025-11-12T00:01:00","date_gmt":"2025-11-12T07:01:00","guid":{"rendered":"https:\/\/www.opinionpublica.tv\/portada\/?p=72112"},"modified":"2025-11-11T19:51:25","modified_gmt":"2025-11-12T02:51:25","slug":"efemerides-12-de-noviembre-un-dia-como-hoy-en-la-historia","status":"publish","type":"post","link":"https:\/\/www.opinionpublica.tv\/portada\/efemerides-12-de-noviembre-un-dia-como-hoy-en-la-historia\/","title":{"rendered":"Efem\u00e9rides 12 de noviembre | Un d\u00eda como hoy en la historia&#8230;"},"content":{"rendered":"\n<p><em>Un d\u00eda 12 de noviembre como hoy, pero de 1936, en Estados Unidos, se inaugura el puente sobre la bah\u00eda de San Francisco, el m\u00e1s largo del mundo hasta ese momento<\/em>.<\/p>\n\n\n\n<figure class=\"wp-block-image size-large\"><img fetchpriority=\"high\" decoding=\"async\" width=\"1024\" height=\"737\" src=\"https:\/\/www.opinionpublica.tv\/portada\/wp-content\/uploads\/2025\/11\/1936-en-Estados-Unidos-se-inaugura-el-puente-sobre-la-bahia-de-San-Francisco-1024x737.avif\" alt=\"1936, en estados unidos, se inaugura el puente sobre la bahi\u0301a de san francisco\" class=\"wp-image-72113\" srcset=\"https:\/\/www.opinionpublica.tv\/portada\/wp-content\/uploads\/2025\/11\/1936-en-Estados-Unidos-se-inaugura-el-puente-sobre-la-bahia-de-San-Francisco-1024x737.avif 1024w, https:\/\/www.opinionpublica.tv\/portada\/wp-content\/uploads\/2025\/11\/1936-en-Estados-Unidos-se-inaugura-el-puente-sobre-la-bahia-de-San-Francisco-300x216.avif 300w, https:\/\/www.opinionpublica.tv\/portada\/wp-content\/uploads\/2025\/11\/1936-en-Estados-Unidos-se-inaugura-el-puente-sobre-la-bahia-de-San-Francisco-768x553.avif 768w, https:\/\/www.opinionpublica.tv\/portada\/wp-content\/uploads\/2025\/11\/1936-en-Estados-Unidos-se-inaugura-el-puente-sobre-la-bahia-de-San-Francisco.avif 1280w\" sizes=\"(max-width: 1024px) 100vw, 1024px\" \/><\/figure>\n\n\n\n<p><strong>Otras efem\u00e9rides<\/strong><\/p>\n\n\n\n<p>1864.- Comienza la Guerra de la Triple Alianza, el conflicto militar en el que Uruguay, Argentina y el entonces Imperio de Brasil, luchan en coalici\u00f3n contra Paraguay. El conflicto, que finaliz\u00f3 en 1870 con la derrota de Paraguay, est\u00e1 considerado el mayor enfrentamiento b\u00e9lico de Latinoam\u00e9rica.<\/p>\n\n\n\n<p>1900.- Se clausura de la Exposici\u00f3n Universal de Par\u00eds, que registr\u00f3 m\u00e1s de 50 millones de visitas.<\/p>\n\n\n\n<p>1906.- El brasile\u00f1o Santos-Dumont consigue el r\u00e9cord mundial de vuelo a distancia al recorrer 200 metros en 21 segundos en un aeroplano de su invenci\u00f3n.<\/p>\n\n\n\n<p>1912.- En la Ant\u00e1rtida es hallado el cad\u00e1ver del brit\u00e1nico Robert Falcon Scott y los de los miembros de la expedici\u00f3n por \u00e9l comandada, la segunda en llegar al Polo Sur despu\u00e9s de la dirigida por el noruego Roald Amundsen.<\/p>\n\n\n\n<p>1937.- Se inicia en Ciudad Trujillo (Rep\u00fablica Dominicana) el Vuelo Panamericano pro Faro de Col\u00f3n, constituido por cuatro aviones tripulados por pilotos cubanos y dominicanos para visitar toda Latinoam\u00e9rica, tras la Quinta Conferencia Internacional Americana. De la gesta, que finaliz\u00f3 en tragedia, se conserva un peque\u00f1o avi\u00f3n, modelo Curtiss Wright R19, de nombre Col\u00f3n, el \u00fanico que regres\u00f3 al punto de partida.<\/p>\n\n\n\n<p>1942.- Se inician los principales combates de la primera batalla naval de Guadalcanal, en el Pac\u00edfico, en la que las fuerzas aliadas se enfrentaron por mar y aire al Ej\u00e9rcito Imperial de Jap\u00f3n.<\/p>\n\n\n\n<p>1945.- La escritora, pedagoga y diplom\u00e1tica chilena Gabriela Mistral, seud\u00f3nimo de Lucila Godoy Alcayaga, es galardonada con el Premio Nobel de Literatura. Hasta la fecha, Mistral es la \u00fanica mujer de habla hispana que ha recibido este galard\u00f3n.<\/p>\n\n\n\n<p>1965.- La Uni\u00f3n Sovi\u00e9tica lanza al espacio la sonda Venera-2, la segunda del Programa Venera, enviada al planeta Venus con instrumentos cient\u00edficos y un equipo de televisi\u00f3n. Aunque no lleg\u00f3 a enviar datos, s\u00cd consigui\u00f3 alcanzar la \u00f3rbita de Venus en febrero de 1966.<\/p>\n\n\n\n<p>1980.- La sonda estadounidense \u00abVoyager 1\u00bb, lanzada el 5 de septiembre de 1977, se encuentra con Saturno.<\/p>\n\n\n\n<p>1984.- La Rep\u00fablica \u00c1rabe Democr\u00e1tica Saharaui es admitida en la Organizaci\u00f3n para la Unidad Africana (OUA) como miembro de pleno derecho, lo que provoca la retirada de Marruecos de la organizaci\u00f3n.<\/p>\n\n\n\n<p>1985.- La Comisi\u00f3n de Descolonizaci\u00f3n de Naciones Unidas aprueba, por consenso, una resoluci\u00f3n que insta a los Gobiernos de Espa\u00f1a y del Reino Unido a proseguir las negociaciones para una soluci\u00f3n del contencioso sobre Gibraltar, la \u00faltima colonia en suelo europeo.<\/p>\n\n\n\n<p>1990.- Tiene lugar, en el Palacio Imperial de Tokio, la coronaci\u00f3n oficial de Akihito como 125 emperador de Jap\u00f3n.<\/p>\n\n\n\n<p>1994.- El Gobierno de Venezuela nacionaliza el Banco Andino, duod\u00e9cima entidad de cr\u00e9dito declarada estatal en el pa\u00eds.<\/p>\n\n\n\n<p>1995.- La Commonwealth admite a Mozambique, antigua colonia portuguesa, en la mancomunidad brit\u00e1nica de naciones como \u00abun caso \u00fanico y especial\u00bb.<\/p>\n\n\n\n<p>2001.- Los ex Beatles Paul McCartney, Ringo Starr y George Harrison se re\u00fanen por \u00faltima vez en Nueva York a petici\u00f3n de Harrison, que falleci\u00f3 d\u00edas despu\u00e9s.<\/p>\n\n\n\n<p>2001.- Fallecen los 260 pasajeros de un avi\u00f3n Airbus de American Airlines que se estrell\u00f3 en el barrio neoyorquino de Rocakway, en Queens, poco despu\u00e9s de despegar rumbo a Santo Domingo.<\/p>\n\n\n\n<p>2002.- La ONU pide por und\u00e9cima vez y por abrumadora mayor\u00eda, el fin del embargo econ\u00f3mico impuesto por Estados Unidos a Cuba.<\/p>\n\n\n\n<p>2004.- 25 diputados argentinos realizan la primera sesi\u00f3n legislativa en la Ant\u00e1rtida, para conmemorar los 100 a\u00f1os de presencia argentina en el \u00abcontinente blanco\u00bb.<\/p>\n\n\n\n<p>2004.- El banco espa\u00f1ol Santander Central Hispano (SCH) adquiere el brit\u00e1nico Abbey National y se convierte en la octava entidad bancaria del mundo.<\/p>\n\n\n\n<p>2009.- Las compa\u00f1\u00edas Iberia y British Airways aprueban un acuerdo de fusi\u00f3n, del que surge la sociedad empresarial TopCo, uno de los tres mayores grupos a\u00e9reos del mundo.<\/p>\n\n\n\n<p>2014.- El m\u00f3dulo Philae, de la sonda Rosetta (Agencia Espacial Europea\/ESA), aterriza sobre la superficie de un cometa y consigue un hito en la carrera espacial.<\/p>\n\n\n\n<p>2016.- En Colombia, el Gobierno y las FARC logran, en La Habana un nuevo acuerdo de paz.<\/p>\n\n\n\n<p>2019.- Jeanine A\u00f1ez Chavez, asume el cargo como presidenta interina de Bolivia, tras la renuncia de Evo Morales.<\/p>\n\n\n\n<p>2021.- M\u00e9dicos del hospital madrile\u00f1o Gregorio Mara\u00f1\u00f3n presentan en Espa\u00f1a un sistema pionero en el mundo para tratar malformaciones craneofaciales en beb\u00e9s de menos de un a\u00f1o, mediante la combinaci\u00f3n de realidad aumentada, fotograf\u00edas tridimensionales y navegaci\u00f3n quir\u00fargica.<\/p>\n\n\n\n<p>2022.- En Francia muere EMehran Karimi Nasseri, un refugiado pol\u00edtico iran\u00ed, que vivi\u00f3 durante 18 a\u00f1os en el aeropuerto Charles de Gaulle de Par\u00eds e inspir\u00f3 la pel\u00edcula \u00abTerminal\u00bb.<\/p>\n\n\n\n<p><strong>Nacimientos<\/strong><\/p>\n\n\n\n<p>1651.- Juana In\u00e9s de la Cruz, poetisa mexicana.<\/p>\n\n\n\n<p>1833.- Alexander Borodin, compositor ruso.<\/p>\n\n\n\n<p>1840.- Auguste Rodin, escultor franc\u00e9s.<\/p>\n\n\n\n<p>1929.- Grace Kelly, actriz estadounidense y princesa de M\u00f3naco.<\/p>\n\n\n\n<p>1941.- Cristina Peri Rossi, escritora espa\u00f1ola, origen uruguayo.<\/p>\n\n\n\n<p>1945.- Neil Young, cantante canadiense.<\/p>\n\n\n\n<p>1947.- Patrice Leconte, director franc\u00e9s de cine.<\/p>\n\n\n\n<p>1961.- Nadia Comaneci, gimnasta y entrenadora rumana.<\/p>\n\n\n\n<p>1980.- Ryan Gosling, actor canadiense.<\/p>\n\n\n\n<p>1982.- Anne Jacqueline Hathaway, actriz estadounidense.<\/p>\n\n\n\n<p><strong>Defunciones<\/strong><\/p>\n\n\n\n<p>1984.- Chester Himes, escritor estadounidense.<\/p>\n\n\n\n<p>1989.- Dolores Ibarruri, \u00abLa Pasionaria\u00bb, presidenta del Partido Comunista de Espa\u00f1a (PCE).<\/p>\n\n\n\n<p>1994.- Wilma Rudolph, \u00abla gacela negra\u00bb, atleta estadounidense.<\/p>\n\n\n\n<p>1999.- Antonio Gonz\u00e1lez,\u00bbEl Pesca\u00edlla\u00bb, cantaor y marido de Lola Flores.<\/p>\n\n\n\n<p>2007.- Ira Levin, escritor estadounidense.<\/p>\n\n\n\n<p>2011.- Evelyn Lauder, vicepresidenta de Est\u00e9e Lauder, estadounidense de origen austriaco.<\/p>\n\n\n\n<p>2018.- Stan Lee, escritor y editor de c\u00f3mics estadounidense.<\/p>\n\n\n\n<p>2020.- Nelly Kaplan, directora francesa, icono feminista de la Nouvelle Vague.<\/p>\n","protected":false},"excerpt":{"rendered":"<p>Un d\u00eda 12 de noviembre como hoy, pero de 1936, en Estados Unidos, se inaugura el puente sobre la bah\u00eda de San Francisco, el m\u00e1s largo del mundo hasta ese momento. Otras efem\u00e9rides 1864.- Comienza la Guerra de la Triple Alianza, el conflicto militar en el que Uruguay, Argentina y el entonces Imperio de Brasil, [&hellip;]<\/p>\n","protected":false},"author":6,"featured_media":72113,"comment_status":"closed","ping_status":"closed","sticky":false,"template":"","format":"standard","meta":{"_acf_changed":false,"_monsterinsights_skip_tracking":false,"_monsterinsights_sitenote_active":false,"_monsterinsights_sitenote_note":"","_monsterinsights_sitenote_category":0,"slim_seo":{"title":"Efem\u00e9rides 12 de noviembre | Un d\u00eda como hoy en la historia... - Opini\u00f3n P\u00fablica","description":"Un d\u00eda 12 de noviembre como hoy, pero de 1936, en Estados Unidos, se inaugura el puente sobre la bah\u00eda de San Francisco, el m\u00e1s largo del mundo hasta ese moment"},"footnotes":""},"categories":[27],"tags":[1154,59],"class_list":["post-72112","post","type-post","status-publish","format-standard","has-post-thumbnail","hentry","category-un-dia-como-hoy","tag-efemerides-12-de-noviembre","tag-un-dia-como-hoy"],"acf":[],"_links":{"self":[{"href":"https:\/\/www.opinionpublica.tv\/portada\/wp-json\/wp\/v2\/posts\/72112","targetHints":{"allow":["GET"]}}],"collection":[{"href":"https:\/\/www.opinionpublica.tv\/portada\/wp-json\/wp\/v2\/posts"}],"about":[{"href":"https:\/\/www.opinionpublica.tv\/portada\/wp-json\/wp\/v2\/types\/post"}],"author":[{"embeddable":true,"href":"https:\/\/www.opinionpublica.tv\/portada\/wp-json\/wp\/v2\/users\/6"}],"replies":[{"embeddable":true,"href":"https:\/\/www.opinionpublica.tv\/portada\/wp-json\/wp\/v2\/comments?post=72112"}],"version-history":[{"count":1,"href":"https:\/\/www.opinionpublica.tv\/portada\/wp-json\/wp\/v2\/posts\/72112\/revisions"}],"predecessor-version":[{"id":72114,"href":"https:\/\/www.opinionpublica.tv\/portada\/wp-json\/wp\/v2\/posts\/72112\/revisions\/72114"}],"wp:featuredmedia":[{"embeddable":true,"href":"https:\/\/www.opinionpublica.tv\/portada\/wp-json\/wp\/v2\/media\/72113"}],"wp:attachment":[{"href":"https:\/\/www.opinionpublica.tv\/portada\/wp-json\/wp\/v2\/media?parent=72112"}],"wp:term":[{"taxonomy":"category","embeddable":true,"href":"https:\/\/www.opinionpublica.tv\/portada\/wp-json\/wp\/v2\/categories?post=72112"},{"taxonomy":"post_tag","embeddable":true,"href":"https:\/\/www.opinionpublica.tv\/portada\/wp-json\/wp\/v2\/tags?post=72112"}],"curies":[{"name":"wp","href":"https:\/\/api.w.org\/{rel}","templated":true}]}}