{"id":7195,"date":"2016-11-04T07:00:00","date_gmt":"2016-11-04T06:00:00","guid":{"rendered":"https:\/\/www.opinionpublica.tv\/portada\/2016\/11\/04\/piden-diputados-informe-sobre-inseguridad-en-la-entidad\/"},"modified":"2016-11-04T07:00:00","modified_gmt":"2016-11-04T06:00:00","slug":"piden-diputados-informe-sobre-inseguridad-en-la-entidad","status":"publish","type":"post","link":"https:\/\/www.opinionpublica.tv\/portada\/piden-diputados-informe-sobre-inseguridad-en-la-entidad\/","title":{"rendered":"Piden Diputados informe sobre inseguridad en la Entidad"},"content":{"rendered":"<p><img fetchpriority=\"high\" decoding=\"async\" class=\" size-full wp-image-7194\" src=\"https:\/\/www.opinionpublica.tv\/portada\/wp-content\/uploads\/2016\/11\/b9deed2baf78623484fc2170479f5cfb.jpg\" alt=\"\" width=\"1156\" height=\"768\" srcset=\"https:\/\/www.opinionpublica.tv\/portada\/wp-content\/uploads\/2016\/11\/b9deed2baf78623484fc2170479f5cfb.jpg 1156w, https:\/\/www.opinionpublica.tv\/portada\/wp-content\/uploads\/2016\/11\/b9deed2baf78623484fc2170479f5cfb-300x199.jpg 300w, https:\/\/www.opinionpublica.tv\/portada\/wp-content\/uploads\/2016\/11\/b9deed2baf78623484fc2170479f5cfb-1024x680.jpg 1024w, https:\/\/www.opinionpublica.tv\/portada\/wp-content\/uploads\/2016\/11\/b9deed2baf78623484fc2170479f5cfb-768x510.jpg 768w\" sizes=\"(max-width: 1156px) 100vw, 1156px\" \/><br \/>\n<!--more--><\/p>\n<p style=\"text-align: justify;\">El Poder Legislativo Estatal convocar\u00e1 al Fiscal General del Estado, Augusto Peniche Espejel, a efecto de que comparezca ante el Pleno del Congreso Estatal y emita un informe sobre la grave situaci\u00f3n de criminalidad y violencia que se advierte en la Entidad.<\/p>\n<p style=\"text-align: justify;\">Al respecto el Diputado Miguel La Torre, Coordinador del Grupo Parlamentario del PAN, dijo que la seguridad es un tema que preocupa a todos y como lo prometi\u00f3 el Gobernador Javier Corral, estamos de acuerdo a que comparezcan las veces que sea necesario, lo que no exenta al Fiscal, quien tambi\u00e9n se comprometi\u00f3 a hacerlo.<\/p>\n<p style=\"text-align: justify;\">\u201cYo propongo que sea aqu\u00ed en el pleno y que sea p\u00fablico, que los medios est\u00e9n presentes para que podamos intercambiar ideas respecto del tema de la seguridad; porque se deben trasparentar estas comparecencias, para dar una noci\u00f3n a la opini\u00f3n p\u00fablica de lo que estamos haciendo\u201d, se\u00f1al\u00f3 el legislador.<\/p>\n<p style=\"text-align: justify;\">Cabe mencionar que la seguridad p\u00fablica es la prioridad del Estado, sin ella no es posible la vida productiva ni el desarrollo social y humano de las comunidades rurales y de las ciudades; pues en un clima creciente de inseguridad la vida deja de ser vida, de la necesidad de la comparecencia del fiscal.<\/p>\n<p style=\"text-align: justify;\">La iniciativa fue presentada por la Diputada Karina Vel\u00e1zquez.<\/p>\n","protected":false},"excerpt":{"rendered":"","protected":false},"author":4,"featured_media":7194,"comment_status":"open","ping_status":"open","sticky":false,"template":"","format":"standard","meta":{"_acf_changed":false,"_monsterinsights_skip_tracking":false,"slim_seo":{"title":"Piden Diputados informe sobre inseguridad en la Entidad - Opini\u00f3n P\u00fablica","description":"El Poder Legislativo Estatal convocar\u00e1 al Fiscal General del Estado, Augusto Peniche Espejel, a efecto de que comparezca ante el Pleno del Congreso Estatal y em"},"footnotes":""},"categories":[4],"tags":[],"class_list":["post-7195","post","type-post","status-publish","format-standard","has-post-thumbnail","hentry","category-pulsopolitico"],"acf":[],"_links":{"self":[{"href":"https:\/\/www.opinionpublica.tv\/portada\/wp-json\/wp\/v2\/posts\/7195","targetHints":{"allow":["GET"]}}],"collection":[{"href":"https:\/\/www.opinionpublica.tv\/portada\/wp-json\/wp\/v2\/posts"}],"about":[{"href":"https:\/\/www.opinionpublica.tv\/portada\/wp-json\/wp\/v2\/types\/post"}],"author":[{"embeddable":true,"href":"https:\/\/www.opinionpublica.tv\/portada\/wp-json\/wp\/v2\/users\/4"}],"replies":[{"embeddable":true,"href":"https:\/\/www.opinionpublica.tv\/portada\/wp-json\/wp\/v2\/comments?post=7195"}],"version-history":[{"count":0,"href":"https:\/\/www.opinionpublica.tv\/portada\/wp-json\/wp\/v2\/posts\/7195\/revisions"}],"wp:featuredmedia":[{"embeddable":true,"href":"https:\/\/www.opinionpublica.tv\/portada\/wp-json\/wp\/v2\/media\/7194"}],"wp:attachment":[{"href":"https:\/\/www.opinionpublica.tv\/portada\/wp-json\/wp\/v2\/media?parent=7195"}],"wp:term":[{"taxonomy":"category","embeddable":true,"href":"https:\/\/www.opinionpublica.tv\/portada\/wp-json\/wp\/v2\/categories?post=7195"},{"taxonomy":"post_tag","embeddable":true,"href":"https:\/\/www.opinionpublica.tv\/portada\/wp-json\/wp\/v2\/tags?post=7195"}],"curies":[{"name":"wp","href":"https:\/\/api.w.org\/{rel}","templated":true}]}}