{"id":71907,"date":"2025-11-09T00:01:00","date_gmt":"2025-11-09T07:01:00","guid":{"rendered":"https:\/\/www.opinionpublica.tv\/portada\/?p=71907"},"modified":"2025-11-08T20:50:00","modified_gmt":"2025-11-09T03:50:00","slug":"promueve-municipio-el-consumo-local-con-la-segunda-edicion-de-la-expo-hogar-2025","status":"publish","type":"post","link":"https:\/\/www.opinionpublica.tv\/portada\/promueve-municipio-el-consumo-local-con-la-segunda-edicion-de-la-expo-hogar-2025\/","title":{"rendered":"Promueve Municipio el consumo local con la segunda edici\u00f3n de la Expo Hogar 2025"},"content":{"rendered":"\n<figure class=\"wp-block-image size-large\"><img fetchpriority=\"high\" decoding=\"async\" width=\"1024\" height=\"683\" src=\"https:\/\/www.opinionpublica.tv\/portada\/wp-content\/uploads\/2025\/11\/Promueve-Municipio-el-consumo-local-con-la-segunda-edicion-de-la-Expo-Hogar-2025-1024x683.jpeg\" alt=\"Promueve municipio el consumo local con la segunda edicio\u0301n de la expo hogar 2025\" class=\"wp-image-71911\" srcset=\"https:\/\/www.opinionpublica.tv\/portada\/wp-content\/uploads\/2025\/11\/Promueve-Municipio-el-consumo-local-con-la-segunda-edicion-de-la-Expo-Hogar-2025-1024x683.jpeg 1024w, https:\/\/www.opinionpublica.tv\/portada\/wp-content\/uploads\/2025\/11\/Promueve-Municipio-el-consumo-local-con-la-segunda-edicion-de-la-Expo-Hogar-2025-300x200.jpeg 300w, https:\/\/www.opinionpublica.tv\/portada\/wp-content\/uploads\/2025\/11\/Promueve-Municipio-el-consumo-local-con-la-segunda-edicion-de-la-Expo-Hogar-2025-768x512.jpeg 768w, https:\/\/www.opinionpublica.tv\/portada\/wp-content\/uploads\/2025\/11\/Promueve-Municipio-el-consumo-local-con-la-segunda-edicion-de-la-Expo-Hogar-2025.jpeg 1280w\" sizes=\"(max-width: 1024px) 100vw, 1024px\" \/><\/figure>\n\n\n\n<p class=\"wp-block-paragraph\"><em>Ciudad Ju\u00e1rez, Chih<\/em>.- La Direcci\u00f3n General de Desarrollo Econ\u00f3mico del Municipio de Ju\u00e1rez, encabezada por Tania Maldonado Gardu\u00f1o, impulsa la segunda edici\u00f3n de la Expo Hogar 2025, un evento que re\u00fane a m\u00e1s de 32 expositores locales del ramo de la construcci\u00f3n, remodelaci\u00f3n y decoraci\u00f3n.<\/p>\n\n\n\n<p class=\"wp-block-paragraph\">La funcionaria destac\u00f3 que el objetivo principal es acercar a la ciudadan\u00eda con los proveedores locales, ofreciendo en un solo espacio una amplia gama de productos y servicios para el hogar, desde pintura, impermeabilizantes y pisos, hasta art\u00edculos de jardiner\u00eda y accesorios decorativos.<\/p>\n\n\n\n<p class=\"wp-block-paragraph\">\u201cBuscamos que las familias puedan encontrar en un solo lugar todo lo que necesitan para su hogar, sin tener que trasladarse de un punto a otro. Adem\u00e1s, estas expos ayudan a visibilizar el talento y la oferta que existe en nuestra ciudad\u201d, expres\u00f3 Maldonado Gardu\u00f1o.<\/p>\n\n\n\n<p class=\"wp-block-paragraph\">La titular de Desarrollo Econ\u00f3mico subray\u00f3 que la Expo Hogar tambi\u00e9n cuenta con un \u00e1rea dedicada al emprendimiento, en la que nuevos negocios y proyectos locales pueden mostrar sus productos y servicios, fomentando as\u00ed el crecimiento de peque\u00f1as empresas.<\/p>\n\n\n\n<p class=\"wp-block-paragraph\">\u201cMuchos emprendedores quieren crecer y este tipo de espacios son fundamentales para que puedan hacerlo. Queremos que la ciudadan\u00eda venga, conozca, compare y consuma lo que Ju\u00e1rez produce\u201d, a\u00f1adi\u00f3 la directora.<\/p>\n\n\n\n<p class=\"wp-block-paragraph\">La Expo Hogar 2025 estar\u00e1 abierta este domingo de 12:00 del mediod\u00eda a 7:00 de la tarde, con entrada gratuita para todo p\u00fablico.<\/p>\n","protected":false},"excerpt":{"rendered":"<p>Ciudad Ju\u00e1rez, Chih.- La Direcci\u00f3n General de Desarrollo Econ\u00f3mico del Municipio de Ju\u00e1rez, encabezada por Tania Maldonado Gardu\u00f1o, impulsa la segunda edici\u00f3n de la Expo Hogar 2025, un evento que re\u00fane a m\u00e1s de 32 expositores locales del ramo de la construcci\u00f3n, remodelaci\u00f3n y decoraci\u00f3n. La funcionaria destac\u00f3 que el objetivo principal es acercar a [&hellip;]<\/p>\n","protected":false},"author":6,"featured_media":71911,"comment_status":"closed","ping_status":"closed","sticky":false,"template":"","format":"standard","meta":{"_acf_changed":false,"_monsterinsights_skip_tracking":false,"slim_seo":{"title":"Promueve Municipio el consumo local con la segunda edici\u00f3n de la Expo Hogar 2025 - Opini\u00f3n P\u00fablica","description":"Ciudad Ju\u00e1rez, Chih .- La Direcci\u00f3n General de Desarrollo Econ\u00f3mico del Municipio de Ju\u00e1rez, encabezada por Tania Maldonado Gardu\u00f1o, impulsa la segunda edici\u00f3n"},"footnotes":""},"categories":[41],"tags":[608,1124,1097],"class_list":["post-71907","post","type-post","status-publish","format-standard","has-post-thumbnail","hentry","category-juarez","tag-ciudad-juarez","tag-consumo-local","tag-expo-hogar"],"acf":[],"_links":{"self":[{"href":"https:\/\/www.opinionpublica.tv\/portada\/wp-json\/wp\/v2\/posts\/71907","targetHints":{"allow":["GET"]}}],"collection":[{"href":"https:\/\/www.opinionpublica.tv\/portada\/wp-json\/wp\/v2\/posts"}],"about":[{"href":"https:\/\/www.opinionpublica.tv\/portada\/wp-json\/wp\/v2\/types\/post"}],"author":[{"embeddable":true,"href":"https:\/\/www.opinionpublica.tv\/portada\/wp-json\/wp\/v2\/users\/6"}],"replies":[{"embeddable":true,"href":"https:\/\/www.opinionpublica.tv\/portada\/wp-json\/wp\/v2\/comments?post=71907"}],"version-history":[{"count":3,"href":"https:\/\/www.opinionpublica.tv\/portada\/wp-json\/wp\/v2\/posts\/71907\/revisions"}],"predecessor-version":[{"id":71912,"href":"https:\/\/www.opinionpublica.tv\/portada\/wp-json\/wp\/v2\/posts\/71907\/revisions\/71912"}],"wp:featuredmedia":[{"embeddable":true,"href":"https:\/\/www.opinionpublica.tv\/portada\/wp-json\/wp\/v2\/media\/71911"}],"wp:attachment":[{"href":"https:\/\/www.opinionpublica.tv\/portada\/wp-json\/wp\/v2\/media?parent=71907"}],"wp:term":[{"taxonomy":"category","embeddable":true,"href":"https:\/\/www.opinionpublica.tv\/portada\/wp-json\/wp\/v2\/categories?post=71907"},{"taxonomy":"post_tag","embeddable":true,"href":"https:\/\/www.opinionpublica.tv\/portada\/wp-json\/wp\/v2\/tags?post=71907"}],"curies":[{"name":"wp","href":"https:\/\/api.w.org\/{rel}","templated":true}]}}