{"id":71855,"date":"2025-11-08T00:01:00","date_gmt":"2025-11-08T07:01:00","guid":{"rendered":"https:\/\/www.opinionpublica.tv\/portada\/?p=71855"},"modified":"2025-11-07T19:41:16","modified_gmt":"2025-11-08T02:41:16","slug":"encabeza-alcalde-perez-cuellar-arranque-del-santa-bombero-en-su-edicion-86","status":"publish","type":"post","link":"https:\/\/www.opinionpublica.tv\/portada\/encabeza-alcalde-perez-cuellar-arranque-del-santa-bombero-en-su-edicion-86\/","title":{"rendered":"Encabeza alcalde Cruz P\u00e9rez Cu\u00e9llar arranque del Santa Bombero en su edici\u00f3n 86"},"content":{"rendered":"\n<figure class=\"wp-block-image size-large\"><img fetchpriority=\"high\" decoding=\"async\" width=\"1024\" height=\"683\" src=\"https:\/\/www.opinionpublica.tv\/portada\/wp-content\/uploads\/2025\/11\/Encabeza-alcalde-Cruz-Perez-Cuellar-arranque-del-Santa-Bombero-en-su-edicion-86-1024x683.jpeg\" alt=\"Encabeza alcalde cruz pe\u0301rez cue\u0301llar arranque del santa bombero en su edicio\u0301n 86\" class=\"wp-image-71858\" srcset=\"https:\/\/www.opinionpublica.tv\/portada\/wp-content\/uploads\/2025\/11\/Encabeza-alcalde-Cruz-Perez-Cuellar-arranque-del-Santa-Bombero-en-su-edicion-86-1024x683.jpeg 1024w, https:\/\/www.opinionpublica.tv\/portada\/wp-content\/uploads\/2025\/11\/Encabeza-alcalde-Cruz-Perez-Cuellar-arranque-del-Santa-Bombero-en-su-edicion-86-300x200.jpeg 300w, https:\/\/www.opinionpublica.tv\/portada\/wp-content\/uploads\/2025\/11\/Encabeza-alcalde-Cruz-Perez-Cuellar-arranque-del-Santa-Bombero-en-su-edicion-86-768x512.jpeg 768w, https:\/\/www.opinionpublica.tv\/portada\/wp-content\/uploads\/2025\/11\/Encabeza-alcalde-Cruz-Perez-Cuellar-arranque-del-Santa-Bombero-en-su-edicion-86.jpeg 1280w\" sizes=\"(max-width: 1024px) 100vw, 1024px\" \/><\/figure>\n\n\n\n<p class=\"wp-block-paragraph\"><em>Ciudad Ju\u00e1rez, Chih<\/em>.- El presidente municipal, Cruz P\u00e9rez Cu\u00e9llar, encabez\u00f3 el arranque de la edici\u00f3n n\u00famero 86 de la campa\u00f1a del Santa Bombero, una tradici\u00f3n fronteriza que a lo largo de las d\u00e9cadas ha mantenido como objetivo principal brindar alegr\u00eda a ni\u00f1as y ni\u00f1os en situaci\u00f3n de vulnerabilidad.<\/p>\n\n\n\n<p class=\"wp-block-paragraph\">Durante el inicio de esta edici\u00f3n, el alcalde destac\u00f3 que Santa Bombero representa una historia de solidaridad construida entre generaciones.<\/p>\n\n\n\n<p class=\"wp-block-paragraph\">Se\u00f1al\u00f3 que la sonrisa de las y los infantes es invaluable, por lo que invit\u00f3 a la comunidad de ambos lados de la frontera a colaborar y mantener viva esta tradici\u00f3n que busca llevar alegr\u00eda a quienes menos tienen.<\/p>\n\n\n\n<p class=\"wp-block-paragraph\">P\u00e9rez Cu\u00e9llar agradeci\u00f3 la presencia y apoyo de funcionarios, regidores, empresarios, comerciantes, clubes de motociclistas y ciudadan\u00eda en general que se suman a\u00f1o con a\u00f1o.<\/p>\n\n\n\n<p class=\"wp-block-paragraph\">En la ceremonia de arranque tambi\u00e9n estuvieron presentes Santacl\u00f3s Bombero y Bomboc\u00e1n, personajes representativos del Cuerpo de Bomberos.<\/p>\n\n\n\n<p class=\"wp-block-paragraph\">Se inform\u00f3 que del 11 al 14 de diciembre, los locutores Rom\u00e1n V\u00e1zquez y Shaon Ortiz se sumar\u00e1n a la campa\u00f1a \u201cCon un regalo de altura\u201d, permaneciendo a 40 metros de altura durante cuatro d\u00edas para incentivar la colecta de juguetes.<\/p>\n\n\n\n<p class=\"wp-block-paragraph\">La presidenta del Sistema para el Desarrollo Integral de la Familia del Municipio, Rub\u00ed Enr\u00edquez, resalt\u00f3 que esta actividad es significativa porque los bomberos no solo atienden emergencias, sino que tambi\u00e9n contribuyen a encender la ilusi\u00f3n en los corazones de la ni\u00f1ez juarense.<\/p>\n\n\n\n<p class=\"wp-block-paragraph\">Hizo un llamado a las familias a sumarse aportando un juguete y ense\u00f1ando a sus hijos valores como la empat\u00eda y la solidaridad.<\/p>\n\n\n\n<p class=\"wp-block-paragraph\">A\u00f1adi\u00f3 que los obsequios podr\u00e1n entregarse en las estaciones de Bomberos y en las instalaciones del DIF Municipal.<\/p>\n\n\n\n<p class=\"wp-block-paragraph\">El director general de Protecci\u00f3n Civil, Sergio Rodr\u00edguez, agradeci\u00f3 el respaldo constante de la comunidad que hace posible la continuidad de esta campa\u00f1a, se\u00f1alando que al momento de entregar bicicletas y juguetes se puede ver reflejada la ilusi\u00f3n y felicidad de los peque\u00f1os.<\/p>\n\n\n\n<p class=\"wp-block-paragraph\">Jorge Ignacio Puentes, comandante de Bomberos, coment\u00f3 que esta bella tradici\u00f3n se remonta a 1939, cuando el comandante Leonardo Sol\u00eds Barraza atendi\u00f3 la petici\u00f3n de varios ni\u00f1os que buscaban un regalo.<\/p>\n\n\n\n<p class=\"wp-block-paragraph\">Aunque no contaba con juguetes, les pidi\u00f3 regresar despu\u00e9s y logr\u00f3 entregarles obsequios, dando origen a la campa\u00f1a que actualmente forma parte del esp\u00edritu social de la ciudad. El evento concluy\u00f3 con el encendido del \u00e1rbol navide\u00f1o, simbolizando oficialmente el inicio de esta edici\u00f3n de Santa Bombero.<\/p>\n","protected":false},"excerpt":{"rendered":"<p>Ciudad Ju\u00e1rez, Chih.- El presidente municipal, Cruz P\u00e9rez Cu\u00e9llar, encabez\u00f3 el arranque de la edici\u00f3n n\u00famero 86 de la campa\u00f1a del Santa Bombero, una tradici\u00f3n fronteriza que a lo largo de las d\u00e9cadas ha mantenido como objetivo principal brindar alegr\u00eda a ni\u00f1as y ni\u00f1os en situaci\u00f3n de vulnerabilidad. Durante el inicio de esta edici\u00f3n, el [&hellip;]<\/p>\n","protected":false},"author":6,"featured_media":71858,"comment_status":"closed","ping_status":"closed","sticky":false,"template":"","format":"standard","meta":{"_acf_changed":false,"_monsterinsights_skip_tracking":false,"slim_seo":{"title":"Encabeza alcalde Cruz P\u00e9rez Cu\u00e9llar arranque del Santa Bombero en su edici\u00f3n 86 - Opini\u00f3n P\u00fablica","description":"Ciudad Ju\u00e1rez, Chih .- El presidente municipal, Cruz P\u00e9rez Cu\u00e9llar, encabez\u00f3 el arranque de la edici\u00f3n n\u00famero 86 de la campa\u00f1a del Santa Bombero, una tradici\u00f3n"},"footnotes":""},"categories":[41],"tags":[608,753,1118],"class_list":["post-71855","post","type-post","status-publish","format-standard","has-post-thumbnail","hentry","category-juarez","tag-ciudad-juarez","tag-cruz-perez-cuellar","tag-santa-bombero"],"acf":[],"_links":{"self":[{"href":"https:\/\/www.opinionpublica.tv\/portada\/wp-json\/wp\/v2\/posts\/71855","targetHints":{"allow":["GET"]}}],"collection":[{"href":"https:\/\/www.opinionpublica.tv\/portada\/wp-json\/wp\/v2\/posts"}],"about":[{"href":"https:\/\/www.opinionpublica.tv\/portada\/wp-json\/wp\/v2\/types\/post"}],"author":[{"embeddable":true,"href":"https:\/\/www.opinionpublica.tv\/portada\/wp-json\/wp\/v2\/users\/6"}],"replies":[{"embeddable":true,"href":"https:\/\/www.opinionpublica.tv\/portada\/wp-json\/wp\/v2\/comments?post=71855"}],"version-history":[{"count":2,"href":"https:\/\/www.opinionpublica.tv\/portada\/wp-json\/wp\/v2\/posts\/71855\/revisions"}],"predecessor-version":[{"id":71859,"href":"https:\/\/www.opinionpublica.tv\/portada\/wp-json\/wp\/v2\/posts\/71855\/revisions\/71859"}],"wp:featuredmedia":[{"embeddable":true,"href":"https:\/\/www.opinionpublica.tv\/portada\/wp-json\/wp\/v2\/media\/71858"}],"wp:attachment":[{"href":"https:\/\/www.opinionpublica.tv\/portada\/wp-json\/wp\/v2\/media?parent=71855"}],"wp:term":[{"taxonomy":"category","embeddable":true,"href":"https:\/\/www.opinionpublica.tv\/portada\/wp-json\/wp\/v2\/categories?post=71855"},{"taxonomy":"post_tag","embeddable":true,"href":"https:\/\/www.opinionpublica.tv\/portada\/wp-json\/wp\/v2\/tags?post=71855"}],"curies":[{"name":"wp","href":"https:\/\/api.w.org\/{rel}","templated":true}]}}