{"id":7173,"date":"2016-11-04T07:00:00","date_gmt":"2016-11-04T06:00:00","guid":{"rendered":"https:\/\/www.opinionpublica.tv\/portada\/2016\/11\/04\/benjamin-von-wong-y-sus-fotos-en-lava\/"},"modified":"2016-11-04T07:00:00","modified_gmt":"2016-11-04T06:00:00","slug":"benjamin-von-wong-y-sus-fotos-en-lava","status":"publish","type":"post","link":"https:\/\/www.opinionpublica.tv\/portada\/benjamin-von-wong-y-sus-fotos-en-lava\/","title":{"rendered":"Benjamin Von Wong y sus fotos en lava"},"content":{"rendered":"<p><img fetchpriority=\"high\" decoding=\"async\" class=\" size-full wp-image-7167\" src=\"https:\/\/www.opinionpublica.tv\/portada\/wp-content\/uploads\/2016\/11\/16d498f0bc740a6e2490611597bb103d.jpg\" alt=\"\" width=\"550\" height=\"309\" srcset=\"https:\/\/www.opinionpublica.tv\/portada\/wp-content\/uploads\/2016\/11\/16d498f0bc740a6e2490611597bb103d.jpg 550w, https:\/\/www.opinionpublica.tv\/portada\/wp-content\/uploads\/2016\/11\/16d498f0bc740a6e2490611597bb103d-300x169.jpg 300w\" sizes=\"(max-width: 550px) 100vw, 550px\" \/><br \/>\n<!--more--><\/p>\n<p style=\"text-align: justify;\">El fot\u00f3grafo creativo Benjamin Von Wong ha llevado las fotos de lava a un nuevo nivel al colocar a un modelo a poca distancia de la roca fundida. Este artista con sede en Montreal ha capturado im\u00e1genes submarinas impresionantes y puesto a un hombre en llamas, pero su nueva serie de trabajo requiri\u00f3 de un nuevo proceso de pensamiento para garantizar la seguridad de todos.<\/p>\n<p style=\"text-align: justify;\">Von Wong llam\u00f3 al experto en fotograf\u00eda de lava CJ Kale por su experiencia mientras planeaba el rodaje en la Isla Grande de Haw\u00e1i. A la tripulaci\u00f3n se le advirti\u00f3 que empacara ligero, pero que quer\u00edan estar listos para cualquier cosa. Tuvieron que llevar durante 6 km varios \u00a0dispositivo desde bolas de humo y un rociador de agua de 2 litros hasta una m\u00e1quina de humo con pilas. Al final, este equipo era fundamental para dar al fot\u00f3grafo la atm\u00f3sfera surrealista y apocal\u00edptica que deseaba.<\/p>\n<p style=\"text-align: justify;\">El modelo Tau Samuels se mantuvo fresco con la niebla del rociador de agua de 2L, que tambi\u00e9n da el efecto de vapor que se levanta de la superficie caliente. Para obtener el efecto de iluminaci\u00f3n de fondo que aporta definici\u00f3n a las im\u00e1genes, un miembro de la tripulaci\u00f3n trabaj\u00f3 en t\u00e1ndem con Samuels, teniendo que colocarse directamente detr\u00e1s del modelo para no ser visto en las im\u00e1genes. Esta coreograf\u00eda permiti\u00f3 que el modelo no fuera opacado por la lava roja brillante en un mar de negro.<\/p>\n<p style=\"text-align: justify;\">Era un deseo de devolver algo lo que llev\u00f3 a Von Wong a estas condiciones extremas. \u00abDe sequias a huracanes devastadores -parece casi imposible ver las noticias \u00faltimamente sin estar expuestos a los \u00faltimos eventos de clima extremo. Para m\u00ed, esto siempre ha llevado a una sensaci\u00f3n de desesperanza \u2013 algo que nunca he sabido lidiar bien,\u00bb escribe Von Wong en su blog. \u00abEl deseo de hacer algo, cualquier cosa, llev\u00f3 a la creaci\u00f3n de este rodaje con un personaje tribal frente a un paisaje desolado. Mi esperanza era llamar la atenci\u00f3n sobre las comunidades ind\u00edgenas en riesgo por el cambio clim\u00e1tico y donar el 100% de las ganancias por la impresiones vendidas a las v\u00edctimas del Hurac\u00e1n Matthew.\u201d<\/p>\n<p style=\"text-align: justify;\">Con ese fin, las impresiones pueden ser compradas y las ganancias est\u00e1n destinadas a la Fundaci\u00f3n St. Boniface de Hait\u00ed. Fundaci\u00f3n haitiana que se enfoca en brindar ayuda m\u00e9dica, oportunidades de educaci\u00f3n y desarrollo de comunidades a los haitianos que m\u00e1s lo necesitan.<\/p>\n<p style=\"text-align: justify;\"><img decoding=\"async\" class=\" size-full wp-image-7168\" src=\"https:\/\/www.opinionpublica.tv\/portada\/wp-content\/uploads\/2016\/11\/vonwong_lavaportrait_7jpgimgo.jpg\" width=\"550\" height=\"367\" srcset=\"https:\/\/www.opinionpublica.tv\/portada\/wp-content\/uploads\/2016\/11\/vonwong_lavaportrait_7jpgimgo.jpg 550w, https:\/\/www.opinionpublica.tv\/portada\/wp-content\/uploads\/2016\/11\/vonwong_lavaportrait_7jpgimgo-300x200.jpg 300w\" sizes=\"(max-width: 550px) 100vw, 550px\" \/><\/p>\n<p>\u00a0<img decoding=\"async\" class=\" size-full wp-image-7169\" src=\"https:\/\/www.opinionpublica.tv\/portada\/wp-content\/uploads\/2016\/11\/vonwong_lavaportrait_4jpgimgo.jpg\" width=\"550\" height=\"309\" srcset=\"https:\/\/www.opinionpublica.tv\/portada\/wp-content\/uploads\/2016\/11\/vonwong_lavaportrait_4jpgimgo.jpg 550w, https:\/\/www.opinionpublica.tv\/portada\/wp-content\/uploads\/2016\/11\/vonwong_lavaportrait_4jpgimgo-300x169.jpg 300w\" sizes=\"(max-width: 550px) 100vw, 550px\" \/><img loading=\"lazy\" decoding=\"async\" class=\" size-full wp-image-7170\" src=\"https:\/\/www.opinionpublica.tv\/portada\/wp-content\/uploads\/2016\/11\/vonwong_lavaportrait_6jpgimgo.jpg\" width=\"550\" height=\"367\" srcset=\"https:\/\/www.opinionpublica.tv\/portada\/wp-content\/uploads\/2016\/11\/vonwong_lavaportrait_6jpgimgo.jpg 550w, https:\/\/www.opinionpublica.tv\/portada\/wp-content\/uploads\/2016\/11\/vonwong_lavaportrait_6jpgimgo-300x200.jpg 300w\" sizes=\"(max-width: 550px) 100vw, 550px\" \/><img loading=\"lazy\" decoding=\"async\" class=\" size-full wp-image-7171\" src=\"https:\/\/www.opinionpublica.tv\/portada\/wp-content\/uploads\/2016\/11\/vonwong_lavaportrait_5jpgimgo.jpg\" width=\"550\" height=\"309\" srcset=\"https:\/\/www.opinionpublica.tv\/portada\/wp-content\/uploads\/2016\/11\/vonwong_lavaportrait_5jpgimgo.jpg 550w, https:\/\/www.opinionpublica.tv\/portada\/wp-content\/uploads\/2016\/11\/vonwong_lavaportrait_5jpgimgo-300x169.jpg 300w\" sizes=\"(max-width: 550px) 100vw, 550px\" \/><img loading=\"lazy\" decoding=\"async\" class=\" size-full wp-image-7172\" src=\"https:\/\/www.opinionpublica.tv\/portada\/wp-content\/uploads\/2016\/11\/vonwong_lavaportrait_3jpgimgo.jpg\" width=\"550\" height=\"234\" srcset=\"https:\/\/www.opinionpublica.tv\/portada\/wp-content\/uploads\/2016\/11\/vonwong_lavaportrait_3jpgimgo.jpg 550w, https:\/\/www.opinionpublica.tv\/portada\/wp-content\/uploads\/2016\/11\/vonwong_lavaportrait_3jpgimgo-300x128.jpg 300w\" sizes=\"(max-width: 550px) 100vw, 550px\" \/><\/p>\n","protected":false},"excerpt":{"rendered":"","protected":false},"author":1,"featured_media":7167,"comment_status":"open","ping_status":"open","sticky":false,"template":"","format":"standard","meta":{"_acf_changed":false,"_monsterinsights_skip_tracking":false,"slim_seo":{"title":"Benjamin Von Wong y sus fotos en lava - Opini\u00f3n P\u00fablica","description":"El fot\u00f3grafo creativo Benjamin Von Wong ha llevado las fotos de lava a un nuevo nivel al colocar a un modelo a poca distancia de la roca fundida. Este artista c"},"footnotes":""},"categories":[15],"tags":[],"class_list":["post-7173","post","type-post","status-publish","format-standard","has-post-thumbnail","hentry","category-galerias"],"acf":[],"_links":{"self":[{"href":"https:\/\/www.opinionpublica.tv\/portada\/wp-json\/wp\/v2\/posts\/7173","targetHints":{"allow":["GET"]}}],"collection":[{"href":"https:\/\/www.opinionpublica.tv\/portada\/wp-json\/wp\/v2\/posts"}],"about":[{"href":"https:\/\/www.opinionpublica.tv\/portada\/wp-json\/wp\/v2\/types\/post"}],"author":[{"embeddable":true,"href":"https:\/\/www.opinionpublica.tv\/portada\/wp-json\/wp\/v2\/users\/1"}],"replies":[{"embeddable":true,"href":"https:\/\/www.opinionpublica.tv\/portada\/wp-json\/wp\/v2\/comments?post=7173"}],"version-history":[{"count":0,"href":"https:\/\/www.opinionpublica.tv\/portada\/wp-json\/wp\/v2\/posts\/7173\/revisions"}],"wp:featuredmedia":[{"embeddable":true,"href":"https:\/\/www.opinionpublica.tv\/portada\/wp-json\/wp\/v2\/media\/7167"}],"wp:attachment":[{"href":"https:\/\/www.opinionpublica.tv\/portada\/wp-json\/wp\/v2\/media?parent=7173"}],"wp:term":[{"taxonomy":"category","embeddable":true,"href":"https:\/\/www.opinionpublica.tv\/portada\/wp-json\/wp\/v2\/categories?post=7173"},{"taxonomy":"post_tag","embeddable":true,"href":"https:\/\/www.opinionpublica.tv\/portada\/wp-json\/wp\/v2\/tags?post=7173"}],"curies":[{"name":"wp","href":"https:\/\/api.w.org\/{rel}","templated":true}]}}