{"id":71676,"date":"2025-11-05T00:01:00","date_gmt":"2025-11-05T07:01:00","guid":{"rendered":"https:\/\/www.opinionpublica.tv\/portada\/?p=71676"},"modified":"2025-11-04T19:00:42","modified_gmt":"2025-11-05T02:00:42","slug":"invita-municipio-a-asistir-a-la-expo-hogar-2025-este-fin-de-semana-en-la-zona-del-pronaf","status":"publish","type":"post","link":"https:\/\/www.opinionpublica.tv\/portada\/invita-municipio-a-asistir-a-la-expo-hogar-2025-este-fin-de-semana-en-la-zona-del-pronaf\/","title":{"rendered":"Invita Municipio a asistir a la Expo Hogar 2025 este fin de semana en la zona del Pronaf"},"content":{"rendered":"\n<figure class=\"wp-block-image size-large\"><img fetchpriority=\"high\" decoding=\"async\" width=\"1024\" height=\"682\" src=\"https:\/\/www.opinionpublica.tv\/portada\/wp-content\/uploads\/2025\/11\/Invita-Municipio-a-asistir-a-la-Expo-Hogar-2025-este-fin-de-semana-en-la-zona-del-Pronaf-1024x682.jpeg\" alt=\"Invita municipio a asistir a la expo hogar 2025 este fin de semana en la zona del pronaf\" class=\"wp-image-71678\" srcset=\"https:\/\/www.opinionpublica.tv\/portada\/wp-content\/uploads\/2025\/11\/Invita-Municipio-a-asistir-a-la-Expo-Hogar-2025-este-fin-de-semana-en-la-zona-del-Pronaf-1024x682.jpeg 1024w, https:\/\/www.opinionpublica.tv\/portada\/wp-content\/uploads\/2025\/11\/Invita-Municipio-a-asistir-a-la-Expo-Hogar-2025-este-fin-de-semana-en-la-zona-del-Pronaf-300x200.jpeg 300w, https:\/\/www.opinionpublica.tv\/portada\/wp-content\/uploads\/2025\/11\/Invita-Municipio-a-asistir-a-la-Expo-Hogar-2025-este-fin-de-semana-en-la-zona-del-Pronaf-768x512.jpeg 768w, https:\/\/www.opinionpublica.tv\/portada\/wp-content\/uploads\/2025\/11\/Invita-Municipio-a-asistir-a-la-Expo-Hogar-2025-este-fin-de-semana-en-la-zona-del-Pronaf-1536x1023.jpeg 1536w, https:\/\/www.opinionpublica.tv\/portada\/wp-content\/uploads\/2025\/11\/Invita-Municipio-a-asistir-a-la-Expo-Hogar-2025-este-fin-de-semana-en-la-zona-del-Pronaf.jpeg 1600w\" sizes=\"(max-width: 1024px) 100vw, 1024px\" \/><\/figure>\n\n\n\n<p class=\"wp-block-paragraph\"><em>Ciudad Ju\u00e1rez, Chih<\/em>.- Este pr\u00f3ximo s\u00e1bado 8 y domingo 9 de noviembre se llevar\u00e1 a cabo la segunda edici\u00f3n de \u201cExpo Hogar\u201d, evento que tendr\u00e1 como sede el gimnasio de la Facultad de Educaci\u00f3n F\u00edsica de la Universidad Aut\u00f3noma de Chihuahua (UACH).<\/p>\n\n\n\n<p class=\"wp-block-paragraph\">\u201cTodo lo que est\u00e9s buscando para tu hogar en cuesti\u00f3n de muebles o servicios, lo vas a poder encontrar en este sitio que concentrar\u00e1 una cantidad importante de proveedores\u201d, indic\u00f3 la titular de la Direcci\u00f3n de Desarrollo Econ\u00f3mico del Municipio, Tania Maldonado Gardu\u00f1o.<\/p>\n\n\n\n<p class=\"wp-block-paragraph\">Dijo que el corte del list\u00f3n ser\u00e1 a las 2:00 de la tarde del s\u00e1bado, no obstante, los dos d\u00edas las actividades tendr\u00e1n un horario de 12:00 del mediod\u00eda a las 7:00 de la tarde.<\/p>\n\n\n\n<p class=\"wp-block-paragraph\">Por su parte, la directora general de Expo Hogar, J\u00e9ssica Sierra, se\u00f1al\u00f3 que habr\u00e1 50 marcas entre locales, nacionales e internacionales, as\u00ed como 20 marcas de emprendedores que ofrecer\u00e1n excelentes descuentos a las familias que acudan.<\/p>\n\n\n\n<p class=\"wp-block-paragraph\">\u201cSabemos que el tema de la remodelaci\u00f3n toma demasiado tiempo, sin embargo, hacerlo en un solo lugar es lo id\u00f3neo, adem\u00e1s de que tambi\u00e9n contaremos con talleres de pintura, cer\u00e1mica y conferencias\u201d, expres\u00f3.<\/p>\n\n\n\n<p class=\"wp-block-paragraph\">Asimismo, mencion\u00f3 que el d\u00eda del cierre del evento se llevar\u00e1 a cabo una rifa con una bolsa de 100 mil pesos en regalos, por lo que si deseas conocer m\u00e1s detalles acerca de la exhibici\u00f3n, visita www.expohogar.com.mx<\/p>\n","protected":false},"excerpt":{"rendered":"<p>Ciudad Ju\u00e1rez, Chih.- Este pr\u00f3ximo s\u00e1bado 8 y domingo 9 de noviembre se llevar\u00e1 a cabo la segunda edici\u00f3n de \u201cExpo Hogar\u201d, evento que tendr\u00e1 como sede el gimnasio de la Facultad de Educaci\u00f3n F\u00edsica de la Universidad Aut\u00f3noma de Chihuahua (UACH). \u201cTodo lo que est\u00e9s buscando para tu hogar en cuesti\u00f3n de muebles o [&hellip;]<\/p>\n","protected":false},"author":6,"featured_media":71678,"comment_status":"closed","ping_status":"closed","sticky":false,"template":"","format":"standard","meta":{"_acf_changed":false,"_monsterinsights_skip_tracking":false,"slim_seo":{"title":"Invita Municipio a asistir a la Expo Hogar 2025 este fin de semana en la zona del Pronaf - Opini\u00f3n P\u00fablica","description":"Ciudad Ju\u00e1rez, Chih .- Este pr\u00f3ximo s\u00e1bado 8 y domingo 9 de noviembre se llevar\u00e1 a cabo la segunda edici\u00f3n de \u201cExpo Hogar\u201d, evento que tendr\u00e1 como sede el gimna"},"footnotes":""},"categories":[41],"tags":[608,1097],"class_list":["post-71676","post","type-post","status-publish","format-standard","has-post-thumbnail","hentry","category-juarez","tag-ciudad-juarez","tag-expo-hogar"],"acf":[],"_links":{"self":[{"href":"https:\/\/www.opinionpublica.tv\/portada\/wp-json\/wp\/v2\/posts\/71676","targetHints":{"allow":["GET"]}}],"collection":[{"href":"https:\/\/www.opinionpublica.tv\/portada\/wp-json\/wp\/v2\/posts"}],"about":[{"href":"https:\/\/www.opinionpublica.tv\/portada\/wp-json\/wp\/v2\/types\/post"}],"author":[{"embeddable":true,"href":"https:\/\/www.opinionpublica.tv\/portada\/wp-json\/wp\/v2\/users\/6"}],"replies":[{"embeddable":true,"href":"https:\/\/www.opinionpublica.tv\/portada\/wp-json\/wp\/v2\/comments?post=71676"}],"version-history":[{"count":2,"href":"https:\/\/www.opinionpublica.tv\/portada\/wp-json\/wp\/v2\/posts\/71676\/revisions"}],"predecessor-version":[{"id":71679,"href":"https:\/\/www.opinionpublica.tv\/portada\/wp-json\/wp\/v2\/posts\/71676\/revisions\/71679"}],"wp:featuredmedia":[{"embeddable":true,"href":"https:\/\/www.opinionpublica.tv\/portada\/wp-json\/wp\/v2\/media\/71678"}],"wp:attachment":[{"href":"https:\/\/www.opinionpublica.tv\/portada\/wp-json\/wp\/v2\/media?parent=71676"}],"wp:term":[{"taxonomy":"category","embeddable":true,"href":"https:\/\/www.opinionpublica.tv\/portada\/wp-json\/wp\/v2\/categories?post=71676"},{"taxonomy":"post_tag","embeddable":true,"href":"https:\/\/www.opinionpublica.tv\/portada\/wp-json\/wp\/v2\/tags?post=71676"}],"curies":[{"name":"wp","href":"https:\/\/api.w.org\/{rel}","templated":true}]}}