{"id":7166,"date":"2016-11-04T07:00:00","date_gmt":"2016-11-04T06:00:00","guid":{"rendered":"https:\/\/www.opinionpublica.tv\/portada\/2016\/11\/04\/promete-trump-no-derrocar-regimenes-extranjeros\/"},"modified":"2016-11-04T07:00:00","modified_gmt":"2016-11-04T06:00:00","slug":"promete-trump-no-derrocar-regimenes-extranjeros","status":"publish","type":"post","link":"https:\/\/www.opinionpublica.tv\/portada\/promete-trump-no-derrocar-regimenes-extranjeros\/","title":{"rendered":"Promete Trump no derrocar reg\u00edmenes extranjeros"},"content":{"rendered":"<p><img fetchpriority=\"high\" decoding=\"async\" class=\" size-full wp-image-7165\" src=\"https:\/\/www.opinionpublica.tv\/portada\/wp-content\/uploads\/2016\/11\/ec4cc9ca3766a48a25cdc62d9f4eb2e4.jpg\" alt=\"\" width=\"750\" height=\"422\" srcset=\"https:\/\/www.opinionpublica.tv\/portada\/wp-content\/uploads\/2016\/11\/ec4cc9ca3766a48a25cdc62d9f4eb2e4.jpg 750w, https:\/\/www.opinionpublica.tv\/portada\/wp-content\/uploads\/2016\/11\/ec4cc9ca3766a48a25cdc62d9f4eb2e4-300x169.jpg 300w\" sizes=\"(max-width: 750px) 100vw, 750px\" \/><br \/>\n<!--more--><\/p>\n<p style=\"text-align: justify;\">A tan solo cinco d\u00edas de las elecciones presidenciales en EE.UU., el candidato por el Partido Republicano,\u00a0Donald Trump,\u00a0volvi\u00f3 a criticar\u00a0la pol\u00edtica exterior del actual presidente estadounidense\u00a0Barack Obama\u00a0y se comprometi\u00f3 a que, bajo su mandato, el pa\u00eds no intervendr\u00e1 en los asuntos internos de otras naciones.\u00a0<\/p>\n<p style=\"text-align: justify;\">\u00abVamos a\u00a0dejar de\u00a0tratar de construir democracias extranjeras, derrocar reg\u00edmenes\u00a0e intervenir imprudentemente en situaciones donde no tenemos derecho de estar\u00bb, prometi\u00f3 el candidato republicano en\u00a0un evento de campa\u00f1a\u00a0llevado a cabo en un estado clave para las elecciones, Carolina del Norte.<\/p>\n<p style=\"text-align: justify;\">Adem\u00e1s, Trump trat\u00f3 de asegurarse m\u00e1s votos en ese estado al reiterar su planes de impulsar el apoyo para los veteranos militares, fortalecer el Ej\u00e9rcito y, sobre todo, combatir el terrorismo y el\u00a0Estado Isl\u00e1mico.<\/p>\n<p style=\"text-align: justify;\">\u00abNuestra atenci\u00f3n debe centrarse en mantener a EE.UU. seguro y en destruir al Estado Isl\u00e1mico,\u00a0no tenemos m\u00e1s opci\u00f3n que derrotar el terrorismo radical isl\u00e1mico\u00bb, subray\u00f3 el magnate ante sus partidarios, entre los cuales se encontraban muchos veteranos militares.<\/p>\n<p style=\"text-align: justify;\">Seg\u00fan indica &#8216;The Washington Post&#8217;, Donald Trump busca conseguir m\u00e1s votos en la carrera hacia la Casa Blanca con declaraciones enfocadas en asuntos externos y militares. En los \u00faltimos d\u00edas, varias\u00a0encuestas\u00a0le han otorgado ventaja sobre la candidata de Hillary Clinton\u00a0en varios estados clave.<\/p>\n<p style=\"text-align: justify;\">Informaci\u00f3n de RT<\/p>\n","protected":false},"excerpt":{"rendered":"","protected":false},"author":1,"featured_media":7165,"comment_status":"open","ping_status":"open","sticky":false,"template":"","format":"standard","meta":{"_acf_changed":false,"_monsterinsights_skip_tracking":false,"slim_seo":{"title":"Promete Trump no derrocar reg\u00edmenes extranjeros - Opini\u00f3n P\u00fablica","description":"A tan solo cinco d\u00edas de las elecciones presidenciales en EE.UU., el candidato por el Partido Republicano,\u00a0Donald Trump,\u00a0volvi\u00f3 a criticar\u00a0la pol\u00edtica exterior"},"footnotes":""},"categories":[30],"tags":[],"class_list":["post-7166","post","type-post","status-publish","format-standard","has-post-thumbnail","hentry","category-elecciones-estados-unidos"],"acf":[],"_links":{"self":[{"href":"https:\/\/www.opinionpublica.tv\/portada\/wp-json\/wp\/v2\/posts\/7166","targetHints":{"allow":["GET"]}}],"collection":[{"href":"https:\/\/www.opinionpublica.tv\/portada\/wp-json\/wp\/v2\/posts"}],"about":[{"href":"https:\/\/www.opinionpublica.tv\/portada\/wp-json\/wp\/v2\/types\/post"}],"author":[{"embeddable":true,"href":"https:\/\/www.opinionpublica.tv\/portada\/wp-json\/wp\/v2\/users\/1"}],"replies":[{"embeddable":true,"href":"https:\/\/www.opinionpublica.tv\/portada\/wp-json\/wp\/v2\/comments?post=7166"}],"version-history":[{"count":0,"href":"https:\/\/www.opinionpublica.tv\/portada\/wp-json\/wp\/v2\/posts\/7166\/revisions"}],"wp:featuredmedia":[{"embeddable":true,"href":"https:\/\/www.opinionpublica.tv\/portada\/wp-json\/wp\/v2\/media\/7165"}],"wp:attachment":[{"href":"https:\/\/www.opinionpublica.tv\/portada\/wp-json\/wp\/v2\/media?parent=7166"}],"wp:term":[{"taxonomy":"category","embeddable":true,"href":"https:\/\/www.opinionpublica.tv\/portada\/wp-json\/wp\/v2\/categories?post=7166"},{"taxonomy":"post_tag","embeddable":true,"href":"https:\/\/www.opinionpublica.tv\/portada\/wp-json\/wp\/v2\/tags?post=7166"}],"curies":[{"name":"wp","href":"https:\/\/api.w.org\/{rel}","templated":true}]}}