{"id":71608,"date":"2025-11-04T00:01:00","date_gmt":"2025-11-04T07:01:00","guid":{"rendered":"https:\/\/www.opinionpublica.tv\/portada\/?p=71608"},"modified":"2025-11-03T18:03:27","modified_gmt":"2025-11-04T01:03:27","slug":"video-tres-episodios-en-la-ultima-semana-retratan-el-vacio-diplomatico-de-la-4t-arturo-sarukhan","status":"publish","type":"post","link":"https:\/\/www.opinionpublica.tv\/portada\/video-tres-episodios-en-la-ultima-semana-retratan-el-vacio-diplomatico-de-la-4t-arturo-sarukhan\/","title":{"rendered":"Video: Tres episodios en la \u00faltima semana retratan el vac\u00edo diplom\u00e1tico de la 4T | Arturo Sarukh\u00e1n"},"content":{"rendered":"\n<p class=\"wp-block-paragraph\"><a href=\"https:\/\/www.youtube.com\/@Latinusus\"><\/a><\/p>\n\n\n\n<figure class=\"wp-block-embed is-type-video is-provider-youtube wp-block-embed-youtube wp-embed-aspect-16-9 wp-has-aspect-ratio\"><div class=\"wp-block-embed__wrapper\">\n<iframe title=\"Tres episodios en la \u00faltima semana retratan el vac\u00edo diplom\u00e1tico de la 4T: Arturo Sarukh\u00e1n\" width=\"800\" height=\"450\" src=\"https:\/\/www.youtube.com\/embed\/G1E0Wfzg-LE?feature=oembed\" frameborder=\"0\" allow=\"accelerometer; autoplay; clipboard-write; encrypted-media; gyroscope; picture-in-picture; web-share\" referrerpolicy=\"strict-origin-when-cross-origin\" allowfullscreen><\/iframe>\n<\/div><\/figure>\n\n\n\n<p class=\"wp-block-paragraph\">El acad\u00e9mico y ex embajador de M\u00e9xico en Estados Unidos, Arturo Sarukh\u00e1n, analiza lo que se\u00f1ala como tres episodios que retratan el vac\u00edo diplom\u00e1tico de la 4T durante la \u00faltima semana.<\/p>\n\n\n\n<p class=\"wp-block-paragraph\"><em>Cr\u00e9ditos: Latinus<\/em>.<\/p>\n","protected":false},"excerpt":{"rendered":"<p>El acad\u00e9mico y ex embajador de M\u00e9xico en Estados Unidos, Arturo Sarukh\u00e1n, analiza lo que se\u00f1ala como tres episodios que retratan el vac\u00edo diplom\u00e1tico de la 4T durante la \u00faltima semana. Cr\u00e9ditos: Latinus.<\/p>\n","protected":false},"author":6,"featured_media":71610,"comment_status":"closed","ping_status":"closed","sticky":false,"template":"","format":"standard","meta":{"_acf_changed":false,"_monsterinsights_skip_tracking":false,"slim_seo":{"title":"Video: Tres episodios en la \u00faltima semana retratan el vac\u00edo diplom\u00e1tico de la 4T | Arturo Sarukh\u00e1n - Opini\u00f3n P\u00fablica","description":"https:\/\/youtu.be\/G1E0Wfzg-LE?si=urTBQO50rWgy8rPO El acad\u00e9mico y ex embajador de M\u00e9xico en Estados Unidos, Arturo Sarukh\u00e1n, analiza lo que se\u00f1ala como tres episo"},"footnotes":""},"categories":[13,2,8],"tags":[],"class_list":["post-71608","post","type-post","status-publish","format-standard","has-post-thumbnail","hentry","category-videos-destacados-contenido","category-videos-destacados","category-videos"],"acf":[],"_links":{"self":[{"href":"https:\/\/www.opinionpublica.tv\/portada\/wp-json\/wp\/v2\/posts\/71608","targetHints":{"allow":["GET"]}}],"collection":[{"href":"https:\/\/www.opinionpublica.tv\/portada\/wp-json\/wp\/v2\/posts"}],"about":[{"href":"https:\/\/www.opinionpublica.tv\/portada\/wp-json\/wp\/v2\/types\/post"}],"author":[{"embeddable":true,"href":"https:\/\/www.opinionpublica.tv\/portada\/wp-json\/wp\/v2\/users\/6"}],"replies":[{"embeddable":true,"href":"https:\/\/www.opinionpublica.tv\/portada\/wp-json\/wp\/v2\/comments?post=71608"}],"version-history":[{"count":1,"href":"https:\/\/www.opinionpublica.tv\/portada\/wp-json\/wp\/v2\/posts\/71608\/revisions"}],"predecessor-version":[{"id":71609,"href":"https:\/\/www.opinionpublica.tv\/portada\/wp-json\/wp\/v2\/posts\/71608\/revisions\/71609"}],"wp:featuredmedia":[{"embeddable":true,"href":"https:\/\/www.opinionpublica.tv\/portada\/wp-json\/wp\/v2\/media\/71610"}],"wp:attachment":[{"href":"https:\/\/www.opinionpublica.tv\/portada\/wp-json\/wp\/v2\/media?parent=71608"}],"wp:term":[{"taxonomy":"category","embeddable":true,"href":"https:\/\/www.opinionpublica.tv\/portada\/wp-json\/wp\/v2\/categories?post=71608"},{"taxonomy":"post_tag","embeddable":true,"href":"https:\/\/www.opinionpublica.tv\/portada\/wp-json\/wp\/v2\/tags?post=71608"}],"curies":[{"name":"wp","href":"https:\/\/api.w.org\/{rel}","templated":true}]}}