{"id":7160,"date":"2016-11-04T07:00:00","date_gmt":"2016-11-04T06:00:00","guid":{"rendered":"https:\/\/www.opinionpublica.tv\/portada\/2016\/11\/04\/designan-a-martha-banuelos-como-rectora-de-la-ut-paso-del-norte\/"},"modified":"2016-11-04T07:00:00","modified_gmt":"2016-11-04T06:00:00","slug":"designan-a-martha-banuelos-como-rectora-de-la-ut-paso-del-norte","status":"publish","type":"post","link":"https:\/\/www.opinionpublica.tv\/portada\/designan-a-martha-banuelos-como-rectora-de-la-ut-paso-del-norte\/","title":{"rendered":"Designan a Martha Ba\u00f1uelos como rectora de la UT Paso del Norte"},"content":{"rendered":"<p><img fetchpriority=\"high\" decoding=\"async\" class=\" size-full wp-image-7159\" src=\"https:\/\/www.opinionpublica.tv\/portada\/wp-content\/uploads\/2016\/11\/450c27f271bf518f2c0f7aa67ef2d4d4.jpg\" alt=\"\" width=\"570\" height=\"399\" srcset=\"https:\/\/www.opinionpublica.tv\/portada\/wp-content\/uploads\/2016\/11\/450c27f271bf518f2c0f7aa67ef2d4d4.jpg 570w, https:\/\/www.opinionpublica.tv\/portada\/wp-content\/uploads\/2016\/11\/450c27f271bf518f2c0f7aa67ef2d4d4-300x210.jpg 300w\" sizes=\"(max-width: 570px) 100vw, 570px\" \/><br \/>\n<!--more--><\/p>\n<p>El secretario de Educaci\u00f3n y Deporte, Pablo Cuar\u00f3n Galindo encabez\u00f3 la reuni\u00f3n de la Junta de Consejo Directivo de la Universidad Tecnol\u00f3gica Paso del Norte, donde se design\u00f3 a Martha Gisella Ba\u00f1uelos P\u00e9rez como nueva titular de dicha instituci\u00f3n, en sustituci\u00f3n de Heriberto Jara V\u00e1zquez.<\/p>\n<p>Durante el evento protocolario, el Heriberto Jara agradeci\u00f3 la oportunidad de haber estado al frente del plantel formador de estudiantes en la frontera y exhort\u00f3 al personal docente-administrativo a seguir trabajando en conjunto, asegurando que es el camino que se ha proyectado a la Universidad.<\/p>\n<p>Por su parte, la rectora de la UT Paso del Norte, Martha Gisella Ba\u00f1uelos P\u00e9rez, destac\u00f3 el trabajo realizado por su antecesor y garantiz\u00f3 que seguir\u00e1 con el firme prop\u00f3sito de lograr un mayor crecimiento de la instituci\u00f3n y consolidar las acciones que se han emprendido.<\/p>\n<p>Posterior a la designaci\u00f3n, con el objetivo de tener un contacto directo con los estudiantes y saber las necesidades reales de la instituci\u00f3n, el secretario de Educaci\u00f3n y Deporte, Pablo Cuar\u00f3n Galindo realiz\u00f3 un recorrido por las instalaciones del plantel.<\/p>\n<p>Durante su estad\u00eda, el funcionario estatal comparti\u00f3 puntos de vista con los universitarios, as\u00ed como con j\u00f3venes de la Preparatoria Hermanos Escobar, quienes visitaron la Universidad como parte de las acciones emprendidas para la captaci\u00f3n de matr\u00edcula para el per\u00edodo enero-abril 2017.<\/p>\n","protected":false},"excerpt":{"rendered":"","protected":false},"author":1,"featured_media":7159,"comment_status":"open","ping_status":"open","sticky":false,"template":"","format":"standard","meta":{"_acf_changed":false,"_monsterinsights_skip_tracking":false,"slim_seo":{"title":"Designan a Martha Ba\u00f1uelos como rectora de la UT Paso del Norte - Opini\u00f3n P\u00fablica","description":"El secretario de Educaci\u00f3n y Deporte, Pablo Cuar\u00f3n Galindo encabez\u00f3 la reuni\u00f3n de la Junta de Consejo Directivo de la Universidad Tecnol\u00f3gica Paso del Norte, do"},"footnotes":""},"categories":[5],"tags":[],"class_list":["post-7160","post","type-post","status-publish","format-standard","has-post-thumbnail","hentry","category-frontera"],"acf":[],"_links":{"self":[{"href":"https:\/\/www.opinionpublica.tv\/portada\/wp-json\/wp\/v2\/posts\/7160","targetHints":{"allow":["GET"]}}],"collection":[{"href":"https:\/\/www.opinionpublica.tv\/portada\/wp-json\/wp\/v2\/posts"}],"about":[{"href":"https:\/\/www.opinionpublica.tv\/portada\/wp-json\/wp\/v2\/types\/post"}],"author":[{"embeddable":true,"href":"https:\/\/www.opinionpublica.tv\/portada\/wp-json\/wp\/v2\/users\/1"}],"replies":[{"embeddable":true,"href":"https:\/\/www.opinionpublica.tv\/portada\/wp-json\/wp\/v2\/comments?post=7160"}],"version-history":[{"count":0,"href":"https:\/\/www.opinionpublica.tv\/portada\/wp-json\/wp\/v2\/posts\/7160\/revisions"}],"wp:featuredmedia":[{"embeddable":true,"href":"https:\/\/www.opinionpublica.tv\/portada\/wp-json\/wp\/v2\/media\/7159"}],"wp:attachment":[{"href":"https:\/\/www.opinionpublica.tv\/portada\/wp-json\/wp\/v2\/media?parent=7160"}],"wp:term":[{"taxonomy":"category","embeddable":true,"href":"https:\/\/www.opinionpublica.tv\/portada\/wp-json\/wp\/v2\/categories?post=7160"},{"taxonomy":"post_tag","embeddable":true,"href":"https:\/\/www.opinionpublica.tv\/portada\/wp-json\/wp\/v2\/tags?post=7160"}],"curies":[{"name":"wp","href":"https:\/\/api.w.org\/{rel}","templated":true}]}}