{"id":7154,"date":"2016-11-04T07:00:00","date_gmt":"2016-11-04T06:00:00","guid":{"rendered":"https:\/\/www.opinionpublica.tv\/portada\/2016\/11\/04\/horario-de-verano-en-juarez-termina-el-domingo\/"},"modified":"2016-11-04T07:00:00","modified_gmt":"2016-11-04T06:00:00","slug":"horario-de-verano-en-juarez-termina-el-domingo","status":"publish","type":"post","link":"https:\/\/www.opinionpublica.tv\/portada\/horario-de-verano-en-juarez-termina-el-domingo\/","title":{"rendered":"Horario de verano en Ju\u00e1rez termina el domingo"},"content":{"rendered":"<p><img fetchpriority=\"high\" decoding=\"async\" class=\" size-full wp-image-7153\" src=\"https:\/\/www.opinionpublica.tv\/portada\/wp-content\/uploads\/2016\/11\/aabc989c29f7021f18d511588a3a476d.jpg\" alt=\"\" width=\"666\" height=\"500\" srcset=\"https:\/\/www.opinionpublica.tv\/portada\/wp-content\/uploads\/2016\/11\/aabc989c29f7021f18d511588a3a476d.jpg 666w, https:\/\/www.opinionpublica.tv\/portada\/wp-content\/uploads\/2016\/11\/aabc989c29f7021f18d511588a3a476d-300x225.jpg 300w\" sizes=\"(max-width: 666px) 100vw, 666px\" \/><br \/>\n<!--more--><\/p>\n<p style=\"text-align: justify;\">El pr\u00f3ximo domingo 6 de noviembre termina el Horario de Verano 2016 para los 33 municipios de la franja fronteriza del norte del pa\u00eds, donde inici\u00f3 el 13 de marzo. Por lo anterior se recomienda a la poblaci\u00f3n de esta zona que el s\u00e1bado 5 de noviembre atrase una hora sus relojes antes de irse a dormir, de modo que al d\u00eda siguiente reanude sus actividades con el horario normal.<\/p>\n<p style=\"text-align: justify;\">A diferencia del resto de los estados de la Rep\u00fablica Mexicana, donde el Horario de Verano aplic\u00f3 del 3 de abril al pasado 30 de octubre, en la franja fronteriza norte esta medida se extiende cuatro semanas. Es decir, inicia el segundo domingo de marzo y culmina el primer domingo de noviembre. Esta medida obedece al prop\u00f3sito de facilitar la vida cotidiana de los residentes locales, que cruzan la frontera por motivos laborales o escolares, al homologar el horario con la zona fronteriza estadounidense.<\/p>\n<p style=\"text-align: justify;\">Cabe mencionar el estado de Sonora no aplica el Horario de Verano, por lo que mantiene un solo horario durante todo el a\u00f1o, al igual que Arizona.<\/p>\n<p style=\"text-align: justify;\">Los 33 municipios fronterizos en donde el Horario de Verano termina el pr\u00f3ximo domingo 6 de noviembre son:<\/p>\n<p style=\"text-align: justify;\">En Baja California: Ensenada, Mexicali, Playa Rosarito, Tecate y Tijuana.<br \/> En Chihuahua: Ascensi\u00f3n, Coyame del Sotol, Guadalupe, Janos, Ju\u00e1rez, Manuel Benavides, Ojinaga y Praxedis G. Guerrero.<br \/> En Coahuila: Acu\u00f1a, Guerrero, Hidalgo, Jim\u00e9nez, Nava, Ocampo, Piedras Negras y Zaragoza.<br \/> En Nuevo Le\u00f3n: An\u00e1huac y Los Aldama.<br \/> En Tamaulipas: Camargo, Guerrero, Gustavo D\u00edaz Ordaz, Matamoros, Mier, Miguel Alem\u00e1n, Nuevo Laredo, Reynosa, R\u00edo Bravo y Valle Hermoso.<\/p>\n<p>\u00a0<\/p>\n","protected":false},"excerpt":{"rendered":"","protected":false},"author":1,"featured_media":7153,"comment_status":"open","ping_status":"open","sticky":false,"template":"","format":"standard","meta":{"_acf_changed":false,"_monsterinsights_skip_tracking":false,"slim_seo":{"title":"Horario de verano en Ju\u00e1rez termina el domingo - Opini\u00f3n P\u00fablica","description":"El pr\u00f3ximo domingo 6 de noviembre termina el Horario de Verano 2016 para los 33 municipios de la franja fronteriza del norte del pa\u00eds, donde inici\u00f3 el 13 de mar"},"footnotes":""},"categories":[5],"tags":[],"class_list":["post-7154","post","type-post","status-publish","format-standard","has-post-thumbnail","hentry","category-frontera"],"acf":[],"_links":{"self":[{"href":"https:\/\/www.opinionpublica.tv\/portada\/wp-json\/wp\/v2\/posts\/7154","targetHints":{"allow":["GET"]}}],"collection":[{"href":"https:\/\/www.opinionpublica.tv\/portada\/wp-json\/wp\/v2\/posts"}],"about":[{"href":"https:\/\/www.opinionpublica.tv\/portada\/wp-json\/wp\/v2\/types\/post"}],"author":[{"embeddable":true,"href":"https:\/\/www.opinionpublica.tv\/portada\/wp-json\/wp\/v2\/users\/1"}],"replies":[{"embeddable":true,"href":"https:\/\/www.opinionpublica.tv\/portada\/wp-json\/wp\/v2\/comments?post=7154"}],"version-history":[{"count":0,"href":"https:\/\/www.opinionpublica.tv\/portada\/wp-json\/wp\/v2\/posts\/7154\/revisions"}],"wp:featuredmedia":[{"embeddable":true,"href":"https:\/\/www.opinionpublica.tv\/portada\/wp-json\/wp\/v2\/media\/7153"}],"wp:attachment":[{"href":"https:\/\/www.opinionpublica.tv\/portada\/wp-json\/wp\/v2\/media?parent=7154"}],"wp:term":[{"taxonomy":"category","embeddable":true,"href":"https:\/\/www.opinionpublica.tv\/portada\/wp-json\/wp\/v2\/categories?post=7154"},{"taxonomy":"post_tag","embeddable":true,"href":"https:\/\/www.opinionpublica.tv\/portada\/wp-json\/wp\/v2\/tags?post=7154"}],"curies":[{"name":"wp","href":"https:\/\/api.w.org\/{rel}","templated":true}]}}