{"id":71527,"date":"2025-11-03T00:01:00","date_gmt":"2025-11-03T07:01:00","guid":{"rendered":"https:\/\/www.opinionpublica.tv\/portada\/?p=71527"},"modified":"2025-11-02T17:11:41","modified_gmt":"2025-11-03T00:11:41","slug":"mexicanos-en-el-exterior-piden-inclusion-politica-y-voto-garantizado-en-nueva-reforma-electoral","status":"publish","type":"post","link":"https:\/\/www.opinionpublica.tv\/portada\/mexicanos-en-el-exterior-piden-inclusion-politica-y-voto-garantizado-en-nueva-reforma-electoral\/","title":{"rendered":"Mexicanos en el exterior piden inclusi\u00f3n y voto garantizado en la nueva reforma electoral"},"content":{"rendered":"\n<figure class=\"wp-block-image size-large\"><img fetchpriority=\"high\" decoding=\"async\" width=\"1024\" height=\"683\" src=\"https:\/\/www.opinionpublica.tv\/portada\/wp-content\/uploads\/2025\/11\/Mexicanos-en-el-exterior-piden-inclusion-y-voto-garantizado-en-la-nueva-reforma-electoral-1024x683.webp\" alt=\"Mexicanos en el exterior piden inclusio\u0301n y voto garantizado en la nueva reforma electoral\" class=\"wp-image-71533\" srcset=\"https:\/\/www.opinionpublica.tv\/portada\/wp-content\/uploads\/2025\/11\/Mexicanos-en-el-exterior-piden-inclusion-y-voto-garantizado-en-la-nueva-reforma-electoral-1024x683.webp 1024w, https:\/\/www.opinionpublica.tv\/portada\/wp-content\/uploads\/2025\/11\/Mexicanos-en-el-exterior-piden-inclusion-y-voto-garantizado-en-la-nueva-reforma-electoral-300x200.webp 300w, https:\/\/www.opinionpublica.tv\/portada\/wp-content\/uploads\/2025\/11\/Mexicanos-en-el-exterior-piden-inclusion-y-voto-garantizado-en-la-nueva-reforma-electoral-768x512.webp 768w, https:\/\/www.opinionpublica.tv\/portada\/wp-content\/uploads\/2025\/11\/Mexicanos-en-el-exterior-piden-inclusion-y-voto-garantizado-en-la-nueva-reforma-electoral.webp 1200w\" sizes=\"(max-width: 1024px) 100vw, 1024px\" \/><\/figure>\n\n\n\n<p class=\"wp-block-paragraph\"><em>Ciudad de M\u00e9xico<\/em>.- Con el reconocimiento gubernamental de la persistencia de deudas con los mexicanos residentes en el exterior, este viernes la Comisi\u00f3n Presidencial para la Reforma Electoral realiz\u00f3 la primera audiencia p\u00fablica con este sector.<\/p>\n\n\n\n<p class=\"wp-block-paragraph\">Migrantes pidieron garant\u00edas de representaci\u00f3n en el Congreso de la Uni\u00f3n; ampliar derechos para votar por distintos cargos federales y locales; derecho pleno a la identidad, y mejores sistemas tecnol\u00f3gicos para sufragar, entre muchas otras propuestas.<\/p>\n\n\n\n<p class=\"wp-block-paragraph\">En la audiencia, la n\u00famero 31 en este ejercicio, L\u00e1zaro C\u00e1rdenas Batel, jefe de la Oficina de la Presidencia de la Rep\u00fablica, recalc\u00f3 que no existe una propuesta de reforma pre elaborada, y asever\u00f3 que el documento que se env\u00ede al Congreso de la Uni\u00f3n no ser\u00e1 producto de \u00e9lites o c\u00fapulas.<\/p>\n\n\n\n<p class=\"wp-block-paragraph\">\u201cM\u00e9xico no est\u00e1 completo sin nuestros compatriotas que viven fuera de nuestras fronteras, que mantienen un s\u00f3lido v\u00ednculo con sus comunidades de origen, que contribuyen con el pa\u00eds de muchas maneras todos los d\u00edas, y con quienes aun hay deudas hist\u00f3ricas pendientes.<\/p>\n\n\n\n<p class=\"wp-block-paragraph\">\u201cLos mexicanos que viven en el exterior no solo han defendido su inter\u00e9s y su derecho a incidir en la vida pol\u00edtica de la naci\u00f3n, su derecho a votar y ser votados, han hecho una contribuci\u00f3n muy significativa y generosa a la lucha democr\u00e1tica\u201d, dijo al inicio de esta audiencia realizada por la v\u00eda virtual, atendida tambi\u00e9n por Pablo G\u00f3mez.<\/p>\n\n\n\n<p class=\"wp-block-paragraph\">Entre las personas ponentes \u2013 presentes en el consulado de M\u00e9xico en Los Angeles- particip\u00f3 Karina Isabel Ruiz, senadora migrante, quien enumer\u00f3 propuestas espec\u00edficas \u2013 y comunes entre otros participantes-. A saber: transformar la figura de representaci\u00f3n proporcional (plurinominal) por la figura de \u201crepresentaci\u00f3n ciudadana nacional\u201d, a fin de garantizar la inclusi\u00f3n del Congreso de las minor\u00edas.<\/p>\n\n\n\n<p class=\"wp-block-paragraph\">Plante\u00f3 la reducci\u00f3n de los integrantes de la C\u00e1mara de Diputados de 500 a 400 (300 por mayor\u00eda relativa y cien ciudadanos nacionales, incluidos 10 reservados para mexicanas y mexicanos en el exterior).<\/p>\n\n\n\n<p class=\"wp-block-paragraph\">En el caso del Senado, pasar de 128 esca\u00f1os a 96 (32 de mayor\u00eda, 32 segundos mejores lugares y 32 de representaci\u00f3n ciudadana nacional, reservando cuatro espacios para mexicanas y mexicanos en el exterior).<\/p>\n\n\n\n<p class=\"wp-block-paragraph\">Como tercera propuesta se refiri\u00f3 a la garant\u00eda de espacios para personas vulnerables, con la prohibici\u00f3n de que las dirigencias de partidos pol\u00edticos est\u00e9n en las listas de representaci\u00f3n ciudadana.<\/p>\n\n\n\n<p class=\"wp-block-paragraph\">Tambi\u00e9n plante\u00f3 que las candidaturas para los migrantes deber\u00e1n ser para personas que tengan m\u00ednimo cinco a\u00f1os de residencia fuera del pa\u00eds y cuenten con el respaldo comunitario comprobado, sin recibir financiamiento partidista.<\/p>\n\n\n\n<p class=\"wp-block-paragraph\">Igualmente, previo registro en el Instituto Nacional Electoral, permitir a los migrantes votar con matr\u00edcula consular o pasaporte; instalar de manera permanente en los consulados m\u00f3dulos del INE para tramitar la credencial; que las listas sean permanentes (para evitar el registro cada vez que haya una elecci\u00f3n); ampliar el rango de votaci\u00f3n \u2013 por ejemplo hacia presidencias municipales- y no solo por el Senado o la Presidencia de la Rep\u00fablica.<\/p>\n\n\n\n<p class=\"wp-block-paragraph\">La senadora pidi\u00f3 que el INE tenga una campa\u00f1a permanente de promoci\u00f3n del voto entre los mexicanos residentes en el exterior en las modalidades postal, presencial y por internet. (La Jornada)<\/p>\n","protected":false},"excerpt":{"rendered":"<p>Ciudad de M\u00e9xico.- Con el reconocimiento gubernamental de la persistencia de deudas con los mexicanos residentes en el exterior, este viernes la Comisi\u00f3n Presidencial para la Reforma Electoral realiz\u00f3 la primera audiencia p\u00fablica con este sector. Migrantes pidieron garant\u00edas de representaci\u00f3n en el Congreso de la Uni\u00f3n; ampliar derechos para votar por distintos cargos federales [&hellip;]<\/p>\n","protected":false},"author":6,"featured_media":71533,"comment_status":"closed","ping_status":"closed","sticky":false,"template":"","format":"standard","meta":{"_acf_changed":false,"_monsterinsights_skip_tracking":false,"slim_seo":{"title":"Mexicanos en el exterior piden inclusi\u00f3n y voto garantizado en la nueva reforma electoral - Opini\u00f3n P\u00fablica","description":"Ciudad de M\u00e9xico .- Con el reconocimiento gubernamental de la persistencia de deudas con los mexicanos residentes en el exterior, este viernes la Comisi\u00f3n Presi"},"footnotes":""},"categories":[4],"tags":[67,1074,499,1075],"class_list":["post-71527","post","type-post","status-publish","format-standard","has-post-thumbnail","hentry","category-pulsopolitico","tag-ine","tag-mexicanos-en-el-exterior","tag-reforma-electoral","tag-voto-en-el-exterior"],"acf":[],"_links":{"self":[{"href":"https:\/\/www.opinionpublica.tv\/portada\/wp-json\/wp\/v2\/posts\/71527","targetHints":{"allow":["GET"]}}],"collection":[{"href":"https:\/\/www.opinionpublica.tv\/portada\/wp-json\/wp\/v2\/posts"}],"about":[{"href":"https:\/\/www.opinionpublica.tv\/portada\/wp-json\/wp\/v2\/types\/post"}],"author":[{"embeddable":true,"href":"https:\/\/www.opinionpublica.tv\/portada\/wp-json\/wp\/v2\/users\/6"}],"replies":[{"embeddable":true,"href":"https:\/\/www.opinionpublica.tv\/portada\/wp-json\/wp\/v2\/comments?post=71527"}],"version-history":[{"count":4,"href":"https:\/\/www.opinionpublica.tv\/portada\/wp-json\/wp\/v2\/posts\/71527\/revisions"}],"predecessor-version":[{"id":71534,"href":"https:\/\/www.opinionpublica.tv\/portada\/wp-json\/wp\/v2\/posts\/71527\/revisions\/71534"}],"wp:featuredmedia":[{"embeddable":true,"href":"https:\/\/www.opinionpublica.tv\/portada\/wp-json\/wp\/v2\/media\/71533"}],"wp:attachment":[{"href":"https:\/\/www.opinionpublica.tv\/portada\/wp-json\/wp\/v2\/media?parent=71527"}],"wp:term":[{"taxonomy":"category","embeddable":true,"href":"https:\/\/www.opinionpublica.tv\/portada\/wp-json\/wp\/v2\/categories?post=71527"},{"taxonomy":"post_tag","embeddable":true,"href":"https:\/\/www.opinionpublica.tv\/portada\/wp-json\/wp\/v2\/tags?post=71527"}],"curies":[{"name":"wp","href":"https:\/\/api.w.org\/{rel}","templated":true}]}}