{"id":7152,"date":"2016-11-04T07:00:00","date_gmt":"2016-11-04T06:00:00","guid":{"rendered":"https:\/\/www.opinionpublica.tv\/portada\/2016\/11\/04\/inicia-jmas-trabajos-en-americas-y-paseo-triunfo\/"},"modified":"2016-11-04T07:00:00","modified_gmt":"2016-11-04T06:00:00","slug":"inicia-jmas-trabajos-en-americas-y-paseo-triunfo","status":"publish","type":"post","link":"https:\/\/www.opinionpublica.tv\/portada\/inicia-jmas-trabajos-en-americas-y-paseo-triunfo\/","title":{"rendered":"Inicia JMAS trabajos en Am\u00e9ricas y Paseo Triunfo"},"content":{"rendered":"<p><img fetchpriority=\"high\" decoding=\"async\" class=\" size-full wp-image-7151\" src=\"https:\/\/www.opinionpublica.tv\/portada\/wp-content\/uploads\/2016\/11\/e6763e1b00100a0a7cb2172861116b0f.jpg\" alt=\"\" width=\"1298\" height=\"865\" srcset=\"https:\/\/www.opinionpublica.tv\/portada\/wp-content\/uploads\/2016\/11\/e6763e1b00100a0a7cb2172861116b0f.jpg 1298w, https:\/\/www.opinionpublica.tv\/portada\/wp-content\/uploads\/2016\/11\/e6763e1b00100a0a7cb2172861116b0f-300x200.jpg 300w, https:\/\/www.opinionpublica.tv\/portada\/wp-content\/uploads\/2016\/11\/e6763e1b00100a0a7cb2172861116b0f-1024x682.jpg 1024w, https:\/\/www.opinionpublica.tv\/portada\/wp-content\/uploads\/2016\/11\/e6763e1b00100a0a7cb2172861116b0f-768x512.jpg 768w\" sizes=\"(max-width: 1298px) 100vw, 1298px\" \/><br \/>\n<!--more--><\/p>\n<p style=\"text-align: justify;\">El Departamento de Ingenier\u00eda y Construcci\u00f3n de la Junta Municipal de Agua y Saneamiento en Ju\u00e1rez inici\u00f3 este viernes 4 de noviembre a las 5:00 a.m., con trabajos de reparaci\u00f3n de l\u00ednea de drenaje de 8 pulgadas en mal estado, en Ave. De las Am\u00e9ricas y Paseo Triunfo de la Rep\u00fablica, se reparar\u00e1n 10 metros lineales.<\/p>\n<p style=\"text-align: justify;\">El cierre vehicular ser\u00e1 parcial, afectando 2 carriles centrales en sentido de sur a norte, estos trabajos incluyendo bacheo, concluir\u00e1n en 10 d\u00edas.<\/p>\n","protected":false},"excerpt":{"rendered":"","protected":false},"author":1,"featured_media":7151,"comment_status":"open","ping_status":"open","sticky":false,"template":"","format":"standard","meta":{"_acf_changed":false,"_monsterinsights_skip_tracking":false,"slim_seo":{"title":"Inicia JMAS trabajos en Am\u00e9ricas y Paseo Triunfo - Opini\u00f3n P\u00fablica","description":"El Departamento de Ingenier\u00eda y Construcci\u00f3n de la Junta Municipal de Agua y Saneamiento en Ju\u00e1rez inici\u00f3 este viernes 4 de noviembre a las 5:00 a.m., con traba"},"footnotes":""},"categories":[5],"tags":[],"class_list":["post-7152","post","type-post","status-publish","format-standard","has-post-thumbnail","hentry","category-frontera"],"acf":[],"_links":{"self":[{"href":"https:\/\/www.opinionpublica.tv\/portada\/wp-json\/wp\/v2\/posts\/7152","targetHints":{"allow":["GET"]}}],"collection":[{"href":"https:\/\/www.opinionpublica.tv\/portada\/wp-json\/wp\/v2\/posts"}],"about":[{"href":"https:\/\/www.opinionpublica.tv\/portada\/wp-json\/wp\/v2\/types\/post"}],"author":[{"embeddable":true,"href":"https:\/\/www.opinionpublica.tv\/portada\/wp-json\/wp\/v2\/users\/1"}],"replies":[{"embeddable":true,"href":"https:\/\/www.opinionpublica.tv\/portada\/wp-json\/wp\/v2\/comments?post=7152"}],"version-history":[{"count":0,"href":"https:\/\/www.opinionpublica.tv\/portada\/wp-json\/wp\/v2\/posts\/7152\/revisions"}],"wp:featuredmedia":[{"embeddable":true,"href":"https:\/\/www.opinionpublica.tv\/portada\/wp-json\/wp\/v2\/media\/7151"}],"wp:attachment":[{"href":"https:\/\/www.opinionpublica.tv\/portada\/wp-json\/wp\/v2\/media?parent=7152"}],"wp:term":[{"taxonomy":"category","embeddable":true,"href":"https:\/\/www.opinionpublica.tv\/portada\/wp-json\/wp\/v2\/categories?post=7152"},{"taxonomy":"post_tag","embeddable":true,"href":"https:\/\/www.opinionpublica.tv\/portada\/wp-json\/wp\/v2\/tags?post=7152"}],"curies":[{"name":"wp","href":"https:\/\/api.w.org\/{rel}","templated":true}]}}