{"id":7150,"date":"2016-11-04T07:00:00","date_gmt":"2016-11-04T06:00:00","guid":{"rendered":"https:\/\/www.opinionpublica.tv\/portada\/2016\/11\/04\/realizan-conferencia-restauracion-y-adecuacion-de-la-biblioteca-franklin\/"},"modified":"2016-11-04T07:00:00","modified_gmt":"2016-11-04T06:00:00","slug":"realizan-conferencia-restauracion-y-adecuacion-de-la-biblioteca-franklin","status":"publish","type":"post","link":"https:\/\/www.opinionpublica.tv\/portada\/realizan-conferencia-restauracion-y-adecuacion-de-la-biblioteca-franklin\/","title":{"rendered":"Realizan conferencia \u201cRestauraci\u00f3n y adecuaci\u00f3n de la Biblioteca Franklin\u201d"},"content":{"rendered":"<p><img fetchpriority=\"high\" decoding=\"async\" class=\" size-full wp-image-7149\" src=\"https:\/\/www.opinionpublica.tv\/portada\/wp-content\/uploads\/2016\/11\/c0150f00c2f926c45bf05ed02276a896.jpg\" alt=\"\" width=\"1298\" height=\"865\" srcset=\"https:\/\/www.opinionpublica.tv\/portada\/wp-content\/uploads\/2016\/11\/c0150f00c2f926c45bf05ed02276a896.jpg 1298w, https:\/\/www.opinionpublica.tv\/portada\/wp-content\/uploads\/2016\/11\/c0150f00c2f926c45bf05ed02276a896-300x200.jpg 300w, https:\/\/www.opinionpublica.tv\/portada\/wp-content\/uploads\/2016\/11\/c0150f00c2f926c45bf05ed02276a896-1024x682.jpg 1024w, https:\/\/www.opinionpublica.tv\/portada\/wp-content\/uploads\/2016\/11\/c0150f00c2f926c45bf05ed02276a896-768x512.jpg 768w\" sizes=\"(max-width: 1298px) 100vw, 1298px\" \/><br \/>\n<!--more--><\/p>\n<p style=\"text-align: justify;\">Como parte de las actividades del Taller Internacional de Conservaci\u00f3n y Restauraci\u00f3n de Arquitectura de Tierra (TICRAT) se llev\u00f3 a cabo la conferencia \u201cRestauraci\u00f3n y adecuaci\u00f3n de la Biblioteca Franklin\u201d, una pl\u00e1tica a cargo del arquitecto Alfonso Aguirre en la que se detall\u00f3 el proceso de rescate de una de las construcciones antiguas m\u00e1s emblem\u00e1ticas de la ciudad de Parral: el Teatro Hidalgo.<\/p>\n<p style=\"text-align: justify;\">Alfonso Aguirre Caballero fue director de Planeaci\u00f3n del gobierno municipal de Parral durante la pasada administraci\u00f3n, y dentro de las acciones que le toc\u00f3 desarrollar en este cargo estuvo la restauraci\u00f3n y adecuaci\u00f3n del edificio hist\u00f3rico en cuesti\u00f3n, el cual se encontraba pr\u00e1cticamente en ruinas. Durante su pl\u00e1tica, el arquitecto habl\u00f3 acerca de c\u00f3mo se trabaj\u00f3 para reutilizar este espacio, una parte como biblioteca y otra como teatro al aire libre.<\/p>\n<p style=\"text-align: justify;\">Entre la investigaci\u00f3n previa que se realiz\u00f3 para el desarrollo de este proyecto, el arquitecto relat\u00f3 que se encontr\u00f3 evidencia de la existencia de este espacio como templo y convento desde 1641, sin embargo, se edific\u00f3 de nuevo en el a\u00f1o 1699 y con el paso de los a\u00f1os se fue deteriorando hasta que finalmente, en 1905, fue reconstruido como teatro.<\/p>\n<p style=\"text-align: justify;\">\u201cEste fue por muchos a\u00f1os el \u00fanico teatro de Parral, y daba evidencia de la elegancia arquitect\u00f3nica de la ciudad hace m\u00e1s de 100 a\u00f1os\u201d, mencion\u00f3 el arquitecto, quien mostr\u00f3 una serie de fotograf\u00edas antiguas en donde se constata la belleza y grandeza de este espacio a principios del siglo XX. Dijo tambi\u00e9n que cuando el teatro fue construido se aprovecharon los muros del antiguo templo, por lo que aun hoy esta construcci\u00f3n contiene elementos originales de finales del siglo XVII.<\/p>\n<p style=\"text-align: justify;\">En 1928 el teatro sufri\u00f3 un incendio que provoc\u00f3 su desuso por varios a\u00f1os y en \u00a01940 tres viviendas fueron construidas en parte del espacio del inmueble, en el ala contigua a la calle Donato Guerra.<\/p>\n<p style=\"text-align: justify;\">En el a\u00f1o 2013 se comenz\u00f3 con el proyecto de rehabilitaci\u00f3n, cuando el gobierno municipal realiz\u00f3 un convenio con la logia mas\u00f3nica que hasta hoy utiliza una parte del lugar. \u201cCuando iniciamos la liberaci\u00f3n del espacio, es decir, retirar todos los elementos que no pertenec\u00edan a la construcci\u00f3n original, nos dimos cuenta de que hab\u00eda muros del teatro, muros de las casas, muros del convento, por lo que fue necesario un trabajo minucioso. Todo se hizo a mano, con marro y cincel y acarreo del escombro en carretillas\u201d, mencion\u00f3. \u00a0<\/p>\n<p style=\"text-align: justify;\">Habl\u00f3 tambi\u00e9n acerca de los hallazgos arqueol\u00f3gicos que se realizaron durante este proceso. \u201cSe encontraron unas osamentas antiguas, lo cual era predecible ya que antes era com\u00fan sepultar a las personas adentro de los templos\u201d, coment\u00f3 el expositor, y dijo que esta situaci\u00f3n contrario a frenar la obra, la dio mayor difusi\u00f3n y la hizo a\u00fan m\u00e1s interesante. \u201cLos arque\u00f3logos del INAH acudieron de inmediato y atendieron el hallazgo, no hubo retraso en el desarrollo de la obra por este hecho\u201d, dijo.<\/p>\n","protected":false},"excerpt":{"rendered":"","protected":false},"author":1,"featured_media":7149,"comment_status":"open","ping_status":"open","sticky":false,"template":"","format":"standard","meta":{"_acf_changed":false,"_monsterinsights_skip_tracking":false,"slim_seo":{"title":"Realizan conferencia \u201cRestauraci\u00f3n y adecuaci\u00f3n de la Biblioteca Franklin\u201d - Opini\u00f3n P\u00fablica","description":"Como parte de las actividades del Taller Internacional de Conservaci\u00f3n y Restauraci\u00f3n de Arquitectura de Tierra (TICRAT) se llev\u00f3 a cabo la conferencia \u201cRestaur"},"footnotes":""},"categories":[4],"tags":[],"class_list":["post-7150","post","type-post","status-publish","format-standard","has-post-thumbnail","hentry","category-pulsopolitico"],"acf":[],"_links":{"self":[{"href":"https:\/\/www.opinionpublica.tv\/portada\/wp-json\/wp\/v2\/posts\/7150","targetHints":{"allow":["GET"]}}],"collection":[{"href":"https:\/\/www.opinionpublica.tv\/portada\/wp-json\/wp\/v2\/posts"}],"about":[{"href":"https:\/\/www.opinionpublica.tv\/portada\/wp-json\/wp\/v2\/types\/post"}],"author":[{"embeddable":true,"href":"https:\/\/www.opinionpublica.tv\/portada\/wp-json\/wp\/v2\/users\/1"}],"replies":[{"embeddable":true,"href":"https:\/\/www.opinionpublica.tv\/portada\/wp-json\/wp\/v2\/comments?post=7150"}],"version-history":[{"count":0,"href":"https:\/\/www.opinionpublica.tv\/portada\/wp-json\/wp\/v2\/posts\/7150\/revisions"}],"wp:featuredmedia":[{"embeddable":true,"href":"https:\/\/www.opinionpublica.tv\/portada\/wp-json\/wp\/v2\/media\/7149"}],"wp:attachment":[{"href":"https:\/\/www.opinionpublica.tv\/portada\/wp-json\/wp\/v2\/media?parent=7150"}],"wp:term":[{"taxonomy":"category","embeddable":true,"href":"https:\/\/www.opinionpublica.tv\/portada\/wp-json\/wp\/v2\/categories?post=7150"},{"taxonomy":"post_tag","embeddable":true,"href":"https:\/\/www.opinionpublica.tv\/portada\/wp-json\/wp\/v2\/tags?post=7150"}],"curies":[{"name":"wp","href":"https:\/\/api.w.org\/{rel}","templated":true}]}}