{"id":71440,"date":"2025-11-02T00:01:00","date_gmt":"2025-11-02T06:01:00","guid":{"rendered":"https:\/\/www.opinionpublica.tv\/portada\/?p=71440"},"modified":"2025-11-01T18:25:05","modified_gmt":"2025-11-02T00:25:05","slug":"efemerides-2-de-noviembre-un-dia-como-hoy-en-la-historia","status":"publish","type":"post","link":"https:\/\/www.opinionpublica.tv\/portada\/efemerides-2-de-noviembre-un-dia-como-hoy-en-la-historia\/","title":{"rendered":"Efem\u00e9rides 2 de noviembre | Un d\u00eda como hoy en la historia&#8230;"},"content":{"rendered":"\n<p class=\"wp-block-paragraph\"><em>Un d\u00eda 2 de noviembre como hoy, pero de 1920, en Estados Unidos, tiene lugar la &#8216;Masacre de Ocoee, Florida, cuando un afroamericano se propone votar en las elecciones presidenciales, desencadenando el conocido como &#8216;peor acto de violencia electoral&#8217; que se conoce en el pa\u00eds. Se habla de unos 60 afroamericanos muertos en los disturbios, en un hecho a\u00fan rodeado de misterio<\/em>.<\/p>\n\n\n\n<figure class=\"wp-block-image size-full\"><img fetchpriority=\"high\" decoding=\"async\" width=\"1000\" height=\"750\" src=\"https:\/\/www.opinionpublica.tv\/portada\/wp-content\/uploads\/2025\/11\/1920-en-Estados-Unidos-tiene-lugar-la-Masacre-de-Ocoe-Florida-cuando-un-afroamericano-se-propone-votar-en-las-elecciones-presidenciales.jpg\" alt=\"1920, en estados unidos, tiene lugar la 'masacre de ocoe' (florida), cuando un afroamericano se propone votar en las elecciones presidenciales\" class=\"wp-image-71441\" srcset=\"https:\/\/www.opinionpublica.tv\/portada\/wp-content\/uploads\/2025\/11\/1920-en-Estados-Unidos-tiene-lugar-la-Masacre-de-Ocoe-Florida-cuando-un-afroamericano-se-propone-votar-en-las-elecciones-presidenciales.jpg 1000w, https:\/\/www.opinionpublica.tv\/portada\/wp-content\/uploads\/2025\/11\/1920-en-Estados-Unidos-tiene-lugar-la-Masacre-de-Ocoe-Florida-cuando-un-afroamericano-se-propone-votar-en-las-elecciones-presidenciales-300x225.jpg 300w, https:\/\/www.opinionpublica.tv\/portada\/wp-content\/uploads\/2025\/11\/1920-en-Estados-Unidos-tiene-lugar-la-Masacre-de-Ocoe-Florida-cuando-un-afroamericano-se-propone-votar-en-las-elecciones-presidenciales-768x576.jpg 768w\" sizes=\"(max-width: 1000px) 100vw, 1000px\" \/><\/figure>\n\n\n\n<p class=\"wp-block-paragraph\"><strong>Otras efem\u00e9rides<\/strong><\/p>\n\n\n\n<p class=\"wp-block-paragraph\">1789.- La Asamblea Nacional de Francia decreta la nacionalizaci\u00f3n de los bienes del clero.<\/p>\n\n\n\n<p class=\"wp-block-paragraph\">1907.- El escritor brit\u00e1nico Joseph Rudyard Kipling es galardonado con el Premio Nobel de Literatura.<\/p>\n\n\n\n<p class=\"wp-block-paragraph\">1917.- El gobierno del Reino Unido firma la Declaraci\u00f3n de Balfour con la que por primera vez respalda \u00abun hogar nacional para el pueblo jud\u00edo\u00bb en Palestina.<\/p>\n\n\n\n<p class=\"wp-block-paragraph\">1930.- En Adis Abeba, Ras Tafari Makonnen e Itigue Menem son coronados emperadores de Etiop\u00eda. El emperador adopt\u00f3 el nombre de Haile Selassie, Poder de la Santa Trinidad, Rey de Reyes y Se\u00f1or de Se\u00f1ores.<\/p>\n\n\n\n<p class=\"wp-block-paragraph\">1936.- En el Reino Unido, se inaugura el servicio de televisi\u00f3n de la BBC, que se convierte en la primera cadena del mundo en ofrecer una programaci\u00f3n diaria.<\/p>\n\n\n\n<p class=\"wp-block-paragraph\">1948.- Harry S. Truman es elegido trig\u00e9simo tercer presidente de Estados Unidos.<\/p>\n\n\n\n<p class=\"wp-block-paragraph\">1955.- Los investigadores estadounidenses Carlton-Schwerdt y Schaffer obtienen en forma cristalina el virus que causa la poliomielitis.<\/p>\n\n\n\n<p class=\"wp-block-paragraph\">1962.- El presidente estadounidense John F. Kennedy informa de que las bases sovi\u00e9ticas en Cuba han sido desmanteladas.<\/p>\n\n\n\n<p class=\"wp-block-paragraph\">1964.- El pr\u00edncipe Faisal es proclamado rey de Arabia Saud\u00ed tras la abdicaci\u00f3n de su hermano Saud.<\/p>\n\n\n\n<p class=\"wp-block-paragraph\">1975.- Es asesinado, en un descampado de Ostia (Italia) el director de cine y escritor Pier Paolo Passolini.<\/p>\n\n\n\n<p class=\"wp-block-paragraph\">1976.- En Estados Unidos, el dem\u00f3crata Jimmy Carter es elegido 39 presidente de EE.UU, con el 50.1 por ciento de los votos.<\/p>\n\n\n\n<p class=\"wp-block-paragraph\">1983.- Se celebra en Sud\u00e1frica el refer\u00e9ndum para la reforma de la Constituci\u00f3n que ampl\u00eda los derechos pol\u00edticos de asi\u00e1ticos y mestizos, pero no de los negros, que son el 73 por ciento de la poblaci\u00f3n.<\/p>\n\n\n\n<p class=\"wp-block-paragraph\">1984.- Espa\u00f1a entra por primera vez en la lista del patrimonio mundial de la Unesco con la mezquita de C\u00f3rdoba, la Alhambra y el Generalife, la catedral de Burgos, el monasterio de El Escorial y su real sitio y el conjunto arquitect\u00f3nico de Gaud\u00ed.<\/p>\n\n\n\n<p class=\"wp-block-paragraph\">1988.- Se lanza desde el estadounidense Instituto Tecnol\u00f3gico de Massachussets (MIT) el Morris Worm, el primer virus en Internet.<\/p>\n\n\n\n<p class=\"wp-block-paragraph\">1990.- El Parlamento de Mozambique aprueba la nueva Constituci\u00f3n para el pa\u00eds, que consagra el multipartidismo y la econom\u00eda de mercado.<\/p>\n\n\n\n<p class=\"wp-block-paragraph\">1997.- Rusia y Jap\u00f3n firman un acuerdo para resolver el conflicto territorial de las Islas Kuriles, ocupadas por la URSS al final de la II Guerra Mundial y que Jap\u00f3n reclama a Rusia.<\/p>\n\n\n\n<p class=\"wp-block-paragraph\">2000.- Llega a la Estaci\u00f3n Espacial Internacional (EEI) la primera expedici\u00f3n formada por dos cosmonautas rusos, Serguei Krikaliov y Yuri Gidzenko, y el astronauta estadounidenses Bill Shepherd.<\/p>\n\n\n\n<p class=\"wp-block-paragraph\">2001.- Estados Unidos decide bloquear las cuentas de 28 organizaciones terroristas extranjeras, entre ellas ETA, en el marco de la lucha internacional contra el terrorismo.<\/p>\n\n\n\n<p class=\"wp-block-paragraph\">2004.- Se celebran elecciones presidenciales en Estados Unidos y el republicano George W.Bush es elegido presidente.<\/p>\n\n\n\n<p class=\"wp-block-paragraph\">2006.- Un inversor mexicano compra el Cuadro &#8216;No 5, 1948&#8217;, del estadounidense Jackson Pollock, y bate el precio r\u00e9cord del mundo al pagar 109 millones de euros.<\/p>\n\n\n\n<p class=\"wp-block-paragraph\">2015.- Estalla en el Vaticano el caso denominado &#8216;Vatileaks2&#8217;, por sustracci\u00f3n y divulgaci\u00f3n de documentos reservados vaticanos. Fueron detenidos un sacerdote espa\u00f1ol y una ciudadana italiana.<\/p>\n\n\n\n<p class=\"wp-block-paragraph\">2017.- En Espa\u00f1a, el expresidente de la Generalitat de Catalu\u00f1a Carles Puigdemont no comparece ante la Audiencia Nacional y el juez decreta prisi\u00f3n incondicional para el exvicepresidente Oriol Junqueras y otros siete exconsellers.<\/p>\n\n\n\n<p class=\"wp-block-paragraph\">2019.- Se venden, en Los \u00c1ngeles (EEUU), en una subasta la chaqueta y los pantalones de cuero que Olivia Newton-John luci\u00f3 en 1978 en la pel\u00edcula &#8216;Grease&#8217; por 405 mil 700 d\u00f3lares.<\/p>\n\n\n\n<p class=\"wp-block-paragraph\">2020.- Mueren cinco personas en una serie de atentados terroristas yihadistas en seis puntos del centro de Viena.<\/p>\n\n\n\n<p class=\"wp-block-paragraph\">2021.- Cierra en el L\u00edbano el diario &#8216;The Daily Star&#8217;, uno de los \u00faltimos escritos en ingl\u00e9s en el pa\u00eds, despu\u00e9s de casi 70 a\u00f1os de su fundaci\u00f3n.<\/p>\n\n\n\n<p class=\"wp-block-paragraph\">2022.- El ministro polaco de Defensa, Mariusz Blaszczak, anuncia la construcci\u00f3n de una barrera provisional a lo largo de la frontera con el enclave ruso de Kaliningrado y el comienzo de los trabajos para levantar un muro permanente.<\/p>\n\n\n\n<p class=\"wp-block-paragraph\">2022.- Barcelona estrena &#8216;Picmi Taxi&#8217;, la primera app p\u00fablica del mundo para pedir taxis de forma digital.<\/p>\n\n\n\n<p class=\"wp-block-paragraph\">2023.- Se lanza &#8216;Now and Then&#8217;, la \u00faltima canci\u00f3n de The Beatles que, gracias a la Inteligencia Artificial, recupera la voz de John Lennon y la guitarra de George Harrison.<\/p>\n\n\n\n<p class=\"wp-block-paragraph\"><strong>Nacimientos<\/strong><\/p>\n\n\n\n<p class=\"wp-block-paragraph\">1906.- Luchino Visconti, cineasta italiano.<\/p>\n\n\n\n<p class=\"wp-block-paragraph\">1913.- Burt Lancaster, actor estadounidense.<\/p>\n\n\n\n<p class=\"wp-block-paragraph\">1913.- Carmen Amaya y Amaya, bailaora espa\u00f1ola.<\/p>\n\n\n\n<p class=\"wp-block-paragraph\">1923.- Ida Vitale, poeta uruguaya.<\/p>\n\n\n\n<p class=\"wp-block-paragraph\">1925.- Modesto Cuixart, pintor espa\u00f1ol.<\/p>\n\n\n\n<p class=\"wp-block-paragraph\">1929.- Richard E. Taylor, cient\u00edfico canadiense, Premio Nobel de F\u00edsica 1990.<\/p>\n\n\n\n<p class=\"wp-block-paragraph\">1934.- Enrique Collar, ex futbolista espa\u00f1ol.<\/p>\n\n\n\n<p class=\"wp-block-paragraph\">1937.- Mar\u00eda Fernanda D&#8217;Oc\u00f3n, actriz espa\u00f1ola.<\/p>\n\n\n\n<p class=\"wp-block-paragraph\">1938.- Sof\u00eda de Grecia, reina em\u00e9rita de Espa\u00f1a.<\/p>\n\n\n\n<p class=\"wp-block-paragraph\">1946.- Alan Jones, piloto automovilista australiano de F\u00f3rmula 1.<\/p>\n\n\n\n<p class=\"wp-block-paragraph\">1960.- Said Aouita, atleta marroqu\u00ed.<\/p>\n\n\n\n<p class=\"wp-block-paragraph\">1963.- Calixto Bieito, dramaturgo espa\u00f1ol.<\/p>\n\n\n\n<p class=\"wp-block-paragraph\">1967.- Corine Pelluchon, fil\u00f3sofa y ensayista francesa.<\/p>\n\n\n\n<p class=\"wp-block-paragraph\">1970.- Diego David Dom\u00ednguez Gonz\u00e1lez, David Delf\u00edn, dise\u00f1ador, pintor y actor espa\u00f1ol.<\/p>\n\n\n\n<p class=\"wp-block-paragraph\"><strong>Defunciones<\/strong><\/p>\n\n\n\n<p class=\"wp-block-paragraph\">1950.- George Bernard Shaw, escritor irland\u00e9s, Premio Nobel 1925.<\/p>\n\n\n\n<p class=\"wp-block-paragraph\">1975.- Pier Paolo Pasolini, cineasta italiano.<\/p>\n\n\n\n<p class=\"wp-block-paragraph\">1994.- Richard Pottier, realizador cinematogr\u00e1fico franc\u00e9s.<\/p>\n\n\n\n<p class=\"wp-block-paragraph\">2002.- Enrique Sarasola Lerchundi, empresario espa\u00f1ol.<\/p>\n\n\n\n<p class=\"wp-block-paragraph\">2003.- Fernando Vizca\u00edno Casas, escritor y abogado espa\u00f1ol.<\/p>\n\n\n\n<p class=\"wp-block-paragraph\">2004.- Theo van Gogh, cineasta holand\u00e9s.<\/p>\n\n\n\n<p class=\"wp-block-paragraph\">2009.- Jos\u00e9 Luis L\u00f3pez V\u00e1zquez, actor espa\u00f1ol.<\/p>\n\n\n\n<p class=\"wp-block-paragraph\">2018.- \u00c1lvaro de Luna, actor espa\u00f1ol.<\/p>\n\n\n\n<p class=\"wp-block-paragraph\">2019.- Marie Lafor\u00eat, cantante y actriz francesa.<\/p>\n\n\n\n<p class=\"wp-block-paragraph\">2020.- Gigi Proietti, actor italiano.<\/p>\n\n\n\n<p class=\"wp-block-paragraph\">2023.- Miguel Mora Serrano, escritor e investigador literario dominicano.<\/p>\n","protected":false},"excerpt":{"rendered":"<p>Un d\u00eda 2 de noviembre como hoy, pero de 1920, en Estados Unidos, tiene lugar la &#8216;Masacre de Ocoee, Florida, cuando un afroamericano se propone votar en las elecciones presidenciales, desencadenando el conocido como &#8216;peor acto de violencia electoral&#8217; que se conoce en el pa\u00eds. Se habla de unos 60 afroamericanos muertos en los disturbios, [&hellip;]<\/p>\n","protected":false},"author":6,"featured_media":71441,"comment_status":"closed","ping_status":"closed","sticky":false,"template":"","format":"standard","meta":{"_acf_changed":false,"_monsterinsights_skip_tracking":false,"slim_seo":{"title":"Efem\u00e9rides 2 de noviembre | Un d\u00eda como hoy en la historia... - Opini\u00f3n P\u00fablica","description":"Un d\u00eda 2 de noviembre como hoy, pero de 1920, en Estados Unidos, tiene lugar la 'Masacre de Ocoee, Florida, cuando un afroamericano se propone votar en las elec"},"footnotes":""},"categories":[27],"tags":[1068,59],"class_list":["post-71440","post","type-post","status-publish","format-standard","has-post-thumbnail","hentry","category-un-dia-como-hoy","tag-efemerides-2-de-noviembre","tag-un-dia-como-hoy"],"acf":[],"_links":{"self":[{"href":"https:\/\/www.opinionpublica.tv\/portada\/wp-json\/wp\/v2\/posts\/71440","targetHints":{"allow":["GET"]}}],"collection":[{"href":"https:\/\/www.opinionpublica.tv\/portada\/wp-json\/wp\/v2\/posts"}],"about":[{"href":"https:\/\/www.opinionpublica.tv\/portada\/wp-json\/wp\/v2\/types\/post"}],"author":[{"embeddable":true,"href":"https:\/\/www.opinionpublica.tv\/portada\/wp-json\/wp\/v2\/users\/6"}],"replies":[{"embeddable":true,"href":"https:\/\/www.opinionpublica.tv\/portada\/wp-json\/wp\/v2\/comments?post=71440"}],"version-history":[{"count":1,"href":"https:\/\/www.opinionpublica.tv\/portada\/wp-json\/wp\/v2\/posts\/71440\/revisions"}],"predecessor-version":[{"id":71442,"href":"https:\/\/www.opinionpublica.tv\/portada\/wp-json\/wp\/v2\/posts\/71440\/revisions\/71442"}],"wp:featuredmedia":[{"embeddable":true,"href":"https:\/\/www.opinionpublica.tv\/portada\/wp-json\/wp\/v2\/media\/71441"}],"wp:attachment":[{"href":"https:\/\/www.opinionpublica.tv\/portada\/wp-json\/wp\/v2\/media?parent=71440"}],"wp:term":[{"taxonomy":"category","embeddable":true,"href":"https:\/\/www.opinionpublica.tv\/portada\/wp-json\/wp\/v2\/categories?post=71440"},{"taxonomy":"post_tag","embeddable":true,"href":"https:\/\/www.opinionpublica.tv\/portada\/wp-json\/wp\/v2\/tags?post=71440"}],"curies":[{"name":"wp","href":"https:\/\/api.w.org\/{rel}","templated":true}]}}