{"id":7144,"date":"2016-11-04T07:00:00","date_gmt":"2016-11-04T06:00:00","guid":{"rendered":"https:\/\/www.opinionpublica.tv\/portada\/2016\/11\/04\/video-papa-francisco-celebra-misa-por-cardenales-fallecidos\/"},"modified":"2016-11-04T07:00:00","modified_gmt":"2016-11-04T06:00:00","slug":"video-papa-francisco-celebra-misa-por-cardenales-fallecidos","status":"publish","type":"post","link":"https:\/\/www.opinionpublica.tv\/portada\/video-papa-francisco-celebra-misa-por-cardenales-fallecidos\/","title":{"rendered":"Video: Papa Francisco celebra misa por cardenales fallecidos"},"content":{"rendered":"<p><img fetchpriority=\"high\" decoding=\"async\" class=\" size-full wp-image-7143\" src=\"https:\/\/www.opinionpublica.tv\/portada\/wp-content\/uploads\/2016\/11\/31a537a280c527fbcf6fa9a3fb967c3f.jpg\" alt=\"\" width=\"514\" height=\"326\" srcset=\"https:\/\/www.opinionpublica.tv\/portada\/wp-content\/uploads\/2016\/11\/31a537a280c527fbcf6fa9a3fb967c3f.jpg 514w, https:\/\/www.opinionpublica.tv\/portada\/wp-content\/uploads\/2016\/11\/31a537a280c527fbcf6fa9a3fb967c3f-300x190.jpg 300w\" sizes=\"(max-width: 514px) 100vw, 514px\" \/><br \/>\n<!--more--><\/p>\n<p style=\"text-align: justify;\">El papa Francisco ofici\u00f3 hoy en la bas\u00edlica de San Pedro la tradicional misa de sufragio por los cardenales y obispos fallecidos durante el a\u00f1o, como el purpurado boliviano Julio Terrazas Sandoval, Pakabras<\/p>\n<div class=\"k2_video\"><iframe title=\"Papa Francisco celebra misa por los cardenales fallecidos durante el a\u00f1o\" width=\"800\" height=\"450\" src=\"https:\/\/www.youtube.com\/embed\/Cl9VM4nsWd8?feature=oembed\" frameborder=\"0\" allow=\"accelerometer; autoplay; clipboard-write; encrypted-media; gyroscope; picture-in-picture; web-share\" referrerpolicy=\"strict-origin-when-cross-origin\" allowfullscreen><\/iframe>\n<\/div>\n","protected":false},"excerpt":{"rendered":"","protected":false},"author":1,"featured_media":7143,"comment_status":"open","ping_status":"open","sticky":false,"template":"","format":"standard","meta":{"_acf_changed":false,"_monsterinsights_skip_tracking":false,"slim_seo":{"title":"Video: Papa Francisco celebra misa por cardenales fallecidos - Opini\u00f3n P\u00fablica","description":"El papa Francisco ofici\u00f3 hoy en la bas\u00edlica de San Pedro la tradicional misa de sufragio por los cardenales y obispos fallecidos durante el a\u00f1o, como el purpura"},"footnotes":""},"categories":[8],"tags":[],"class_list":["post-7144","post","type-post","status-publish","format-standard","has-post-thumbnail","hentry","category-videos"],"acf":[],"_links":{"self":[{"href":"https:\/\/www.opinionpublica.tv\/portada\/wp-json\/wp\/v2\/posts\/7144","targetHints":{"allow":["GET"]}}],"collection":[{"href":"https:\/\/www.opinionpublica.tv\/portada\/wp-json\/wp\/v2\/posts"}],"about":[{"href":"https:\/\/www.opinionpublica.tv\/portada\/wp-json\/wp\/v2\/types\/post"}],"author":[{"embeddable":true,"href":"https:\/\/www.opinionpublica.tv\/portada\/wp-json\/wp\/v2\/users\/1"}],"replies":[{"embeddable":true,"href":"https:\/\/www.opinionpublica.tv\/portada\/wp-json\/wp\/v2\/comments?post=7144"}],"version-history":[{"count":0,"href":"https:\/\/www.opinionpublica.tv\/portada\/wp-json\/wp\/v2\/posts\/7144\/revisions"}],"wp:featuredmedia":[{"embeddable":true,"href":"https:\/\/www.opinionpublica.tv\/portada\/wp-json\/wp\/v2\/media\/7143"}],"wp:attachment":[{"href":"https:\/\/www.opinionpublica.tv\/portada\/wp-json\/wp\/v2\/media?parent=7144"}],"wp:term":[{"taxonomy":"category","embeddable":true,"href":"https:\/\/www.opinionpublica.tv\/portada\/wp-json\/wp\/v2\/categories?post=7144"},{"taxonomy":"post_tag","embeddable":true,"href":"https:\/\/www.opinionpublica.tv\/portada\/wp-json\/wp\/v2\/tags?post=7144"}],"curies":[{"name":"wp","href":"https:\/\/api.w.org\/{rel}","templated":true}]}}