{"id":71320,"date":"2025-10-31T00:01:00","date_gmt":"2025-10-31T06:01:00","guid":{"rendered":"https:\/\/www.opinionpublica.tv\/portada\/?p=71320"},"modified":"2025-10-30T16:32:50","modified_gmt":"2025-10-30T22:32:50","slug":"exportaciones-mexicanas-al-alza-pese-a-aranceles-y-nuevo-entorno-comercial-destacan-expertos","status":"publish","type":"post","link":"https:\/\/www.opinionpublica.tv\/portada\/exportaciones-mexicanas-al-alza-pese-a-aranceles-y-nuevo-entorno-comercial-destacan-expertos\/","title":{"rendered":"Exportaciones mexicanas al alza pese a aranceles y el nuevo entorno comercial"},"content":{"rendered":"\n<figure class=\"wp-block-image size-full\"><img fetchpriority=\"high\" decoding=\"async\" width=\"1006\" height=\"620\" src=\"https:\/\/www.opinionpublica.tv\/portada\/wp-content\/uploads\/2025\/10\/Exportaciones-mexicanas-al-alza-pese-a-aranceles-y-el-nuevo-entorno-comercial.avif\" alt=\"Exportaciones mexicanas al alza pese a aranceles y el nuevo entorno comercial\" class=\"wp-image-71324\" srcset=\"https:\/\/www.opinionpublica.tv\/portada\/wp-content\/uploads\/2025\/10\/Exportaciones-mexicanas-al-alza-pese-a-aranceles-y-el-nuevo-entorno-comercial.avif 1006w, https:\/\/www.opinionpublica.tv\/portada\/wp-content\/uploads\/2025\/10\/Exportaciones-mexicanas-al-alza-pese-a-aranceles-y-el-nuevo-entorno-comercial-300x185.avif 300w, https:\/\/www.opinionpublica.tv\/portada\/wp-content\/uploads\/2025\/10\/Exportaciones-mexicanas-al-alza-pese-a-aranceles-y-el-nuevo-entorno-comercial-768x473.avif 768w\" sizes=\"(max-width: 1006px) 100vw, 1006px\" \/><\/figure>\n\n\n\n<p class=\"wp-block-paragraph\">A pesar del cambio de reglas en el comercial mundial, M\u00e9xico logr\u00f3 mantener sus exportaciones como motor de crecimiento, coincidieron expertos.<\/p>\n\n\n\n<p class=\"wp-block-paragraph\">Durante el 31 Congreso de Comercio Exterior Mexicano, el presidente ejecutivo del Comce, Sergio Contreras, dijo que en los primeros nueve meses del 2025 el intercambio de mercanc\u00edas de M\u00e9xico con otros pa\u00edses creci\u00f3 5.7%.<\/p>\n\n\n\n<p class=\"wp-block-paragraph\">\u201c\u00bfEso qu\u00e9 quiere decir? Que los aranceles, la log\u00edstica y todo lo que ha sucedido en este a\u00f1o lo hemos superado porque se sigue consolidando el sector exportador\u2026el cual es muy importante, es el 75% del Producto Interno Bruto de M\u00e9xico\u201d, a\u00f1adi\u00f3.<\/p>\n\n\n\n<p class=\"wp-block-paragraph\">Explic\u00f3 que las exportaciones son la \u00abcolumna vertebral\u00bb de la econom\u00eda mexicana, porque genera empleo y abre oportunidades a peque\u00f1as y medianas empresas con el exterior, ya que pueden ser proveedoras de las cadenas productivas.<\/p>\n\n\n\n<p class=\"wp-block-paragraph\">Lo que tambi\u00e9n atrae inversiones, como los m\u00e1s de 30 mil millones de d\u00f3lares en el primer semestre del 2025.<\/p>\n\n\n\n<p class=\"wp-block-paragraph\">En el evento organizado por el Consejo Empresarial Mexicano de Comercio Exterior, Inversi\u00f3n y Tecnolog\u00eda (Comce), el presidente honorario del consejo, Valent\u00edn Diez Morodo, destac\u00f3 que el comercio exterior no solamente mueve productos sino que tambi\u00e9n construye puentes.<\/p>\n\n\n\n<p class=\"wp-block-paragraph\">En ese sentido resalt\u00f3 la importancia de dicho sector para el pa\u00eds, al se\u00f1alar que \u00abnos convirti\u00f3 en la d\u00e9cima econom\u00eda exportadora del mundo\u00bb.<\/p>\n\n\n\n<p class=\"wp-block-paragraph\">Agreg\u00f3 que aunque \u201choy enfrentamos retos y tiempos de transformaci\u00f3n que nos obligan a reconocer un nuevo orden de comercio mundial. Este entorno nos exige adaptarnos con resiliencia, innovaci\u00f3n y la necesidad de fortalecer nuestras cadenas de valor\u201d.<\/p>\n\n\n\n<p class=\"wp-block-paragraph\">Consider\u00f3 que las peque\u00f1as y medianas empresas juegan un papel esencial porque representan el motor de la productividad nacional para la exportaci\u00f3n.<\/p>\n\n\n\n<p class=\"wp-block-paragraph\">En su intervenci\u00f3n, la coordinadora del Consejo Asesor de Desarrollo Econ\u00f3mico Regional y Relocalizaci\u00f3n, Altagracia G\u00f3mez, explic\u00f3 que es necesario tener una visi\u00f3n de pa\u00eds, en la que se tiene que detonar un c\u00edrculo virtuoso en el que participe la academia, el sector p\u00fablico y privado.<\/p>\n\n\n\n<p class=\"wp-block-paragraph\">Dijo que estamos en momentos en que se replantea la postura de M\u00e9xico ante una forma de entender la globalizaci\u00f3n y la econom\u00eda en todo el mundo.<\/p>\n\n\n\n<p class=\"wp-block-paragraph\"><em>Con informaci\u00f3n de El Universal<\/em>.<\/p>\n","protected":false},"excerpt":{"rendered":"<p>A pesar del cambio de reglas en el comercial mundial, M\u00e9xico logr\u00f3 mantener sus exportaciones como motor de crecimiento, coincidieron expertos. Durante el 31 Congreso de Comercio Exterior Mexicano, el presidente ejecutivo del Comce, Sergio Contreras, dijo que en los primeros nueve meses del 2025 el intercambio de mercanc\u00edas de M\u00e9xico con otros pa\u00edses creci\u00f3 [&hellip;]<\/p>\n","protected":false},"author":6,"featured_media":71324,"comment_status":"closed","ping_status":"closed","sticky":false,"template":"","format":"standard","meta":{"_acf_changed":false,"_monsterinsights_skip_tracking":false,"slim_seo":{"title":"Exportaciones mexicanas al alza pese a aranceles y el nuevo entorno comercial - Opini\u00f3n P\u00fablica","description":"A pesar del cambio de reglas en el comercial mundial, M\u00e9xico logr\u00f3 mantener sus exportaciones como motor de crecimiento, coincidieron expertos. Durante el 31 Co"},"footnotes":""},"categories":[3],"tags":[],"class_list":["post-71320","post","type-post","status-publish","format-standard","has-post-thumbnail","hentry","category-principal"],"acf":[],"_links":{"self":[{"href":"https:\/\/www.opinionpublica.tv\/portada\/wp-json\/wp\/v2\/posts\/71320","targetHints":{"allow":["GET"]}}],"collection":[{"href":"https:\/\/www.opinionpublica.tv\/portada\/wp-json\/wp\/v2\/posts"}],"about":[{"href":"https:\/\/www.opinionpublica.tv\/portada\/wp-json\/wp\/v2\/types\/post"}],"author":[{"embeddable":true,"href":"https:\/\/www.opinionpublica.tv\/portada\/wp-json\/wp\/v2\/users\/6"}],"replies":[{"embeddable":true,"href":"https:\/\/www.opinionpublica.tv\/portada\/wp-json\/wp\/v2\/comments?post=71320"}],"version-history":[{"count":3,"href":"https:\/\/www.opinionpublica.tv\/portada\/wp-json\/wp\/v2\/posts\/71320\/revisions"}],"predecessor-version":[{"id":71325,"href":"https:\/\/www.opinionpublica.tv\/portada\/wp-json\/wp\/v2\/posts\/71320\/revisions\/71325"}],"wp:featuredmedia":[{"embeddable":true,"href":"https:\/\/www.opinionpublica.tv\/portada\/wp-json\/wp\/v2\/media\/71324"}],"wp:attachment":[{"href":"https:\/\/www.opinionpublica.tv\/portada\/wp-json\/wp\/v2\/media?parent=71320"}],"wp:term":[{"taxonomy":"category","embeddable":true,"href":"https:\/\/www.opinionpublica.tv\/portada\/wp-json\/wp\/v2\/categories?post=71320"},{"taxonomy":"post_tag","embeddable":true,"href":"https:\/\/www.opinionpublica.tv\/portada\/wp-json\/wp\/v2\/tags?post=71320"}],"curies":[{"name":"wp","href":"https:\/\/api.w.org\/{rel}","templated":true}]}}