{"id":71293,"date":"2025-10-31T00:01:00","date_gmt":"2025-10-31T06:01:00","guid":{"rendered":"https:\/\/www.opinionpublica.tv\/portada\/?p=71293"},"modified":"2025-10-30T16:07:17","modified_gmt":"2025-10-30T22:07:17","slug":"trump-ordena-reiniciar-pruebas-de-armas-nucleares-en-eu-despues-de-30-anos","status":"publish","type":"post","link":"https:\/\/www.opinionpublica.tv\/portada\/trump-ordena-reiniciar-pruebas-de-armas-nucleares-en-eu-despues-de-30-anos\/","title":{"rendered":"Ordena Trump reiniciar las pruebas de armas nucleares en EU despu\u00e9s de 30 a\u00f1os"},"content":{"rendered":"\n<figure class=\"wp-block-image size-full\"><img fetchpriority=\"high\" decoding=\"async\" width=\"770\" height=\"530\" src=\"https:\/\/www.opinionpublica.tv\/portada\/wp-content\/uploads\/2025\/10\/Ordena-Trump-reiniciar-las-pruebas-de-armas-nucleares-en-EU-despues-de-30-anos.webp\" alt=\"Ordena trump reiniciar las pruebas de armas nucleares en eu despue\u0301s de 30 an\u0303os\" class=\"wp-image-71298\" srcset=\"https:\/\/www.opinionpublica.tv\/portada\/wp-content\/uploads\/2025\/10\/Ordena-Trump-reiniciar-las-pruebas-de-armas-nucleares-en-EU-despues-de-30-anos.webp 770w, https:\/\/www.opinionpublica.tv\/portada\/wp-content\/uploads\/2025\/10\/Ordena-Trump-reiniciar-las-pruebas-de-armas-nucleares-en-EU-despues-de-30-anos-300x206.webp 300w, https:\/\/www.opinionpublica.tv\/portada\/wp-content\/uploads\/2025\/10\/Ordena-Trump-reiniciar-las-pruebas-de-armas-nucleares-en-EU-despues-de-30-anos-768x529.webp 768w\" sizes=\"(max-width: 770px) 100vw, 770px\" \/><\/figure>\n\n\n\n<p class=\"wp-block-paragraph\">Sin aportar mayores detalles, el presidente Donald Trump dijo que orden\u00f3 reiniciar las pruebas de armas nucleares en Estados Unidos \u00abinmediatamente\u00bb.<\/p>\n\n\n\n<p class=\"wp-block-paragraph\">La medida se produce despu\u00e9s de que el l\u00edder ruso, Vladimir Putin, anunciara el mi\u00e9rcoles la prueba de un dron submarino ruso con capacidad nuclear, en desaf\u00edo a las advertencias de Washington.<\/p>\n\n\n\n<p class=\"wp-block-paragraph\">Debido a los programas de prueba de otros pa\u00edses, he instruido al Departamento de Guerra para que comience a probar nuestras armas nucleares en igualdad de condiciones\u00bb, escribi\u00f3 Trump en su plataforma Truth Social.<\/p>\n\n\n\n<p class=\"wp-block-paragraph\">Trump tambi\u00e9n mencion\u00f3 que Estados Unidos tiene m\u00e1s armas nucleares que cualquier otro pa\u00eds, elogiando sus propios esfuerzos por realizar \u00abuna actualizaci\u00f3n y renovaci\u00f3n completa de las armas existentes\u00bb.<\/p>\n\n\n\n<p class=\"wp-block-paragraph\">El republicano agreg\u00f3 que \u00abRusia est\u00e1 en segundo lugar, y China est\u00e1 muy por detr\u00e1s, pero estar\u00e1 a la par en cinco a\u00f1os\u00bb. Tampoco proporcion\u00f3 m\u00e1s detalles sobre las pruebas, excepto que \u00abel proceso comenzar\u00e1 de inmediato\u00bb.<\/p>\n\n\n\n<p class=\"wp-block-paragraph\">Adem\u00e1s de anunciar la prueba del dron submarino ruso, apodado Poseid\u00f3n, Putin tambi\u00e9n se congratul\u00f3 el domingo por la prueba final del misil de crucero de propulsi\u00f3n nuclear Burevestnik, de \u00abalcance ilimitado\u00bb.<\/p>\n\n\n\n<p class=\"wp-block-paragraph\">Putin hab\u00eda revelado en 2018 el desarrollo por parte del ej\u00e9rcito ruso de armas ultramodernas \u2014entre ellas los misiles Burevestnik y los drones Poseid\u00f3n\u2014 destinadas, seg\u00fan Mosc\u00fa, a hacer frente a las amenazas de Estados Unidos. (Exc\u00e9lsior)<\/p>\n","protected":false},"excerpt":{"rendered":"<p>Sin aportar mayores detalles, el presidente Donald Trump dijo que orden\u00f3 reiniciar las pruebas de armas nucleares en Estados Unidos \u00abinmediatamente\u00bb. La medida se produce despu\u00e9s de que el l\u00edder ruso, Vladimir Putin, anunciara el mi\u00e9rcoles la prueba de un dron submarino ruso con capacidad nuclear, en desaf\u00edo a las advertencias de Washington. Debido a [&hellip;]<\/p>\n","protected":false},"author":6,"featured_media":71298,"comment_status":"closed","ping_status":"closed","sticky":false,"template":"","format":"standard","meta":{"_acf_changed":false,"_monsterinsights_skip_tracking":false,"slim_seo":{"title":"Ordena Trump reiniciar las pruebas de armas nucleares en EU despu\u00e9s de 30 a\u00f1os - Opini\u00f3n P\u00fablica","description":"Sin aportar mayores detalles, el presidente Donald Trump dijo que orden\u00f3 reiniciar las pruebas de armas nucleares en Estados Unidos \"inmediatamente\". La medida"},"footnotes":""},"categories":[4],"tags":[1055,102],"class_list":["post-71293","post","type-post","status-publish","format-standard","has-post-thumbnail","hentry","category-pulsopolitico","tag-armas-nucleares","tag-donald-trump"],"acf":[],"_links":{"self":[{"href":"https:\/\/www.opinionpublica.tv\/portada\/wp-json\/wp\/v2\/posts\/71293","targetHints":{"allow":["GET"]}}],"collection":[{"href":"https:\/\/www.opinionpublica.tv\/portada\/wp-json\/wp\/v2\/posts"}],"about":[{"href":"https:\/\/www.opinionpublica.tv\/portada\/wp-json\/wp\/v2\/types\/post"}],"author":[{"embeddable":true,"href":"https:\/\/www.opinionpublica.tv\/portada\/wp-json\/wp\/v2\/users\/6"}],"replies":[{"embeddable":true,"href":"https:\/\/www.opinionpublica.tv\/portada\/wp-json\/wp\/v2\/comments?post=71293"}],"version-history":[{"count":4,"href":"https:\/\/www.opinionpublica.tv\/portada\/wp-json\/wp\/v2\/posts\/71293\/revisions"}],"predecessor-version":[{"id":71299,"href":"https:\/\/www.opinionpublica.tv\/portada\/wp-json\/wp\/v2\/posts\/71293\/revisions\/71299"}],"wp:featuredmedia":[{"embeddable":true,"href":"https:\/\/www.opinionpublica.tv\/portada\/wp-json\/wp\/v2\/media\/71298"}],"wp:attachment":[{"href":"https:\/\/www.opinionpublica.tv\/portada\/wp-json\/wp\/v2\/media?parent=71293"}],"wp:term":[{"taxonomy":"category","embeddable":true,"href":"https:\/\/www.opinionpublica.tv\/portada\/wp-json\/wp\/v2\/categories?post=71293"},{"taxonomy":"post_tag","embeddable":true,"href":"https:\/\/www.opinionpublica.tv\/portada\/wp-json\/wp\/v2\/tags?post=71293"}],"curies":[{"name":"wp","href":"https:\/\/api.w.org\/{rel}","templated":true}]}}