{"id":71259,"date":"2025-10-30T00:01:00","date_gmt":"2025-10-30T06:01:00","guid":{"rendered":"https:\/\/www.opinionpublica.tv\/portada\/?p=71259"},"modified":"2025-10-29T18:19:59","modified_gmt":"2025-10-30T00:19:59","slug":"efemerides-30-de-octubre-un-dia-como-hoy-en-la-historia","status":"publish","type":"post","link":"https:\/\/www.opinionpublica.tv\/portada\/efemerides-30-de-octubre-un-dia-como-hoy-en-la-historia\/","title":{"rendered":"Efem\u00e9rides 30 de octubre | Un d\u00eda como hoy en la historia&#8230;"},"content":{"rendered":"\n<p><em>Un d\u00eda 30 de octubre como hoy, pero de 1938, la emisi\u00f3n radiof\u00f3nica de \u00abLa guerra de los mundos\u00bb, de H.G. Wells, realizada por Orson Welles, provoca el p\u00e1nico en varias ciudades de Estados Unidos<\/em>.<\/p>\n\n\n\n<figure class=\"wp-block-image size-large\"><img fetchpriority=\"high\" decoding=\"async\" width=\"1024\" height=\"438\" src=\"https:\/\/www.opinionpublica.tv\/portada\/wp-content\/uploads\/2025\/10\/1938-la-emision-radiofonica-de-22La-guerra-de-los-mundos22-de-H.G.-Wells-realizada-por-Orson-Welles-provoca-el-panico-en-varias-ciudades-de-Estados-Unidos-1024x438.jpg\" alt=\"1938, la emisio\u0301n radiofo\u0301nica de %22la guerra de los mundos%22, de h.g. wells, realizada por orson welles, provoca el pa\u0301nico en varias ciudades de estados unidos\" class=\"wp-image-71260\" srcset=\"https:\/\/www.opinionpublica.tv\/portada\/wp-content\/uploads\/2025\/10\/1938-la-emision-radiofonica-de-22La-guerra-de-los-mundos22-de-H.G.-Wells-realizada-por-Orson-Welles-provoca-el-panico-en-varias-ciudades-de-Estados-Unidos-1024x438.jpg 1024w, https:\/\/www.opinionpublica.tv\/portada\/wp-content\/uploads\/2025\/10\/1938-la-emision-radiofonica-de-22La-guerra-de-los-mundos22-de-H.G.-Wells-realizada-por-Orson-Welles-provoca-el-panico-en-varias-ciudades-de-Estados-Unidos-300x128.jpg 300w, https:\/\/www.opinionpublica.tv\/portada\/wp-content\/uploads\/2025\/10\/1938-la-emision-radiofonica-de-22La-guerra-de-los-mundos22-de-H.G.-Wells-realizada-por-Orson-Welles-provoca-el-panico-en-varias-ciudades-de-Estados-Unidos-768x329.jpg 768w, https:\/\/www.opinionpublica.tv\/portada\/wp-content\/uploads\/2025\/10\/1938-la-emision-radiofonica-de-22La-guerra-de-los-mundos22-de-H.G.-Wells-realizada-por-Orson-Welles-provoca-el-panico-en-varias-ciudades-de-Estados-Unidos-1536x658.jpg 1536w, https:\/\/www.opinionpublica.tv\/portada\/wp-content\/uploads\/2025\/10\/1938-la-emision-radiofonica-de-22La-guerra-de-los-mundos22-de-H.G.-Wells-realizada-por-Orson-Welles-provoca-el-panico-en-varias-ciudades-de-Estados-Unidos.jpg 1920w\" sizes=\"(max-width: 1024px) 100vw, 1024px\" \/><\/figure>\n\n\n\n<p><strong>Otras efem\u00e9rides<\/strong><\/p>\n\n\n\n<p>1340.- Fuerzas cristianas de Castilla y Portugal derrotan a las musulmanas en la batalla del Salado, una de las m\u00e1s decisivas de la Reconquista.<\/p>\n\n\n\n<p>1520.- De ese d\u00eda es la fecha de la segunda carta de Hern\u00e1n Cort\u00e9s a Carlos I, desde M\u00e9xico, en la que comunica al emperador que le ha dado el nombre de Nueva Espa\u00f1a al territorio donde se hab\u00eda establecido.<\/p>\n\n\n\n<p>1864.- Se firma el tratado de Paz de Viena, que pone fin a la guerra que libraba Dinamarca con Prusia y Austria. Fue la primera gran victoria de Bismarck, el \u00abCanciller de Hierro\u00bb.<\/p>\n\n\n\n<p>1902.- Se estrena en Madrid (Espa\u00f1a), en el Teatro Apolo, la zarzuela \u00abEl pu\u00f1ao de rosas\u00bb, con letra de Carlos Arniches y Enrique Garc\u00eda \u00c1lvarez y m\u00fasica de Ruperto Chap\u00ed.<\/p>\n\n\n\n<p>1910.- Se celebra en Barcelona (Espa\u00f1a), en el Sal\u00f3n de Bellas Artes, el congreso constitutivo de la Confederaci\u00f3n Nacional del Trabajo (CNT).<\/p>\n\n\n\n<p>1968.- Se inaugura en Barcelona (Espa\u00f1a), el Teatro Nacional Calder\u00f3n de la Barca.<\/p>\n\n\n\n<p>1975.- El pr\u00edncipe Juan Carlos de Borb\u00f3n asume interinamente la Jefatura del Estado espa\u00f1ol por enfermedad del general Franco.<\/p>\n\n\n\n<p>1980.- Ahmed Ben Bella, presidente de Argelia derrocado en 1965, es puesto en libertad, tras permanecer 15 a\u00f1os encarcelado.<\/p>\n\n\n\n<p>1985.- El Consejo de Ministros de Espa\u00f1a aprueba el reglamento del Impuesto sobre el Valor A\u00f1adido (IVA).<\/p>\n\n\n\n<p>1987.- En Espa\u00f1a, la Audiencia Nacional dicta sentencia del caso Sofico, uno de los grandes esc\u00e1ndalos financieros del franquismo que conden\u00f3 a Eugenio Peydr\u00f3, presidente de la empresa, a 9 a\u00f1os de c\u00e1rcel y a su hijo de igual nombre a dos a\u00f1os y cuatro meses de prisi\u00f3n.<\/p>\n\n\n\n<p>1988.- El industrial espa\u00f1ol, Emiliano Revilla, es liberado en Madrid, tras pagar un rescate, por la organizaci\u00f3n terrorista ETA que lo mantuvo secuestrado 249 d\u00edas.<\/p>\n\n\n\n<p>1988.- En Jap\u00f3n, Ayrton Senna gana su primer Campeonato Mundial de Pilotos de F\u00f3rmula 1.<\/p>\n\n\n\n<p>1989.- Se inicia en el aeropuerto de Luanda, la retirada de 25.000 soldados cubanos, la mitad del contingente destacado en Angola desde 1975, en el conflicto b\u00e9lico del \u00c1frica sudoccidental.<\/p>\n\n\n\n<p>1991.- Se inaugura en Madrid (Espa\u00f1a) la Conferencia de Paz para Oriente Pr\u00f3ximo.<\/p>\n\n\n\n<p>1995.- La provincia franc\u00f3fona de Quebec decide en refer\u00e9ndum mantener la unidad de Canad\u00e1.<\/p>\n\n\n\n<p>1998.- En Suecia, mueren 63 personas y cerca de dos centenares resultan heridas en un incendio en la discoteca de la Asociaci\u00f3n Macedonia de Gotemburgo.<\/p>\n\n\n\n<p>2001.- Ucrania destruye el \u00faltimo de sus silos para misiles intercontinentales heredados de la Guerra Fr\u00eda.<\/p>\n\n\n\n<p>2001.- El cantante Michael Jackson publica \u00abInvincible\u00bb, su d\u00e9cimo primer \u00e1lbum y el \u00faltimo de estudio.<\/p>\n\n\n\n<p>2003.- En Italia, el Tribunal Supremo absuelve al exprimer ministro Giulio Andreotti del asesinato del periodista Mino Pecorelli en 1979 con lo que revoca la pena de 24 a\u00f1os de prisi\u00f3n a la que hab\u00eda sido condenado.<\/p>\n\n\n\n<p>2007.- La Asamblea General de Naciones Unidas pide, por abrumadora mayor\u00eda, el levantamiento del embargo de EEUU a Cuba.<\/p>\n\n\n\n<p>2007.- En Espa\u00f1a, el Museo del Prado inaugura oficialmente la mayor ampliaci\u00f3n de sus casi 200 a\u00f1os de historia.<\/p>\n\n\n\n<p>2014.- Suecia reconoce a Palestina como estado independiente.<\/p>\n\n\n\n<p>2016.- La Uni\u00f3n Europea (UE) y Canad\u00e1 forman el acuerdo de libre comercio CETA.<\/p>\n\n\n\n<p>2017.- En Espa\u00f1a, se sabe que el expresidente catal\u00e1n Carles Puigdemont y cinco ex consellers se encuentran Bruselas (B\u00e9lgica) con la opci\u00f3n de pedir asilo pol\u00edtico.<\/p>\n\n\n\n<p>2020.- Dos mujeres militares del Ej\u00e9rcito de Taiw\u00e1n contraen matrimonio en una ceremonia oficiada por las Fuerzas Armadas. Son las primeras en casarse en el \u00fanico pa\u00eds de Asia que ha legalizado las uniones entre personas del mismo sexo.<\/p>\n\n\n\n<p>2021.- La rusa Dina Averina se proclama primera tetracampeona mundial de la historia de gimnasia r\u00edtmica en los campeonatos de Kitakyushu (Jap\u00f3n).<\/p>\n\n\n\n<p>2022.- En la India, mueren al menos 134 personas y m\u00e1s de 60 resultan heridas al derrumbarse un puente colgante reci\u00e9n reabierto tras su restauraci\u00f3n, en el estado de Gujarat.<\/p>\n\n\n\n<p>2023.- La futbolista espa\u00f1ola del Barcelona Aitana Bonmat\u00ed logra el Bal\u00f3n de Oro femenino 2023, y sucede en el palmar\u00e9s a su compa\u00f1era y compatriota Alexia Putellas, ganadora de las dos ediciones anteriores.<\/p>\n\n\n\n<p><strong>Nacimientos<\/strong><\/p>\n\n\n\n<p>1735.- John Adams, presidente estadounidense.<\/p>\n\n\n\n<p>1809.- Claudio Moyano, pol\u00edtico espa\u00f1ol.<\/p>\n\n\n\n<p>1871.- Paul Valery, escritor franc\u00e9s.<\/p>\n\n\n\n<p>1900.- Rodolfo Halffter, compositor.<\/p>\n\n\n\n<p>1910.- Miguel Hern\u00e1ndez, poeta espa\u00f1ol.<\/p>\n\n\n\n<p>1912.- Jos\u00e9 Ferrater Mora, fil\u00f3sofo y escritor espa\u00f1ol.<\/p>\n\n\n\n<p>1921.- Alberto Closas, actor espa\u00f1ol.<\/p>\n\n\n\n<p>1922.- Jos\u00e9 Luis Villar Palas\u00ed, intelectual y pol\u00edtico espa\u00f1ol.<\/p>\n\n\n\n<p>1930.- N\u00e9stor Almendros, director de fotograf\u00eda espa\u00f1ol.<\/p>\n\n\n\n<p>1944.- Juan Luis Cebri\u00e1n, periodista y acad\u00e9mico espa\u00f1ol.<\/p>\n\n\n\n<p>1960.- Diego Armando Maradona, futbolista argentino.<\/p>\n\n\n\n<p>1967.- Gast\u00f3n Acurio, cocinero y empresario peruano.<\/p>\n\n\n\n<p>1981.- Ivanka Trump, empresaria estadounidense, hija del presidente Donald Trump.<\/p>\n\n\n\n<p>1988.- Cristina Pedroche, presentadora de radio y televisi\u00f3n espa\u00f1ola.<\/p>\n\n\n\n<p><strong>Defunciones<\/strong><\/p>\n\n\n\n<p>1956.- P\u00edo Baroja, escritor espa\u00f1ol.<\/p>\n\n\n\n<p>1989.- Pedro Vargas, cantante mexicano.<\/p>\n\n\n\n<p>1997.- Samuel Fuller, director de cine estadounidense.<\/p>\n\n\n\n<p>1999.- Herbert Euteldge Southworth, historiador estadounidense.<\/p>\n\n\n\n<p>2002.- Juan Antonio Bardem, director de cine espa\u00f1ol.<\/p>\n\n\n\n<p>2004.- Fernando Chueca Goitia, arquitecto espa\u00f1ol.<\/p>\n\n\n\n<p>2005.- Emiliano Zuleta, cantautor colombiano.<\/p>\n\n\n\n<p>2008.- Cundo Berm\u00fadez, pintor cubano.<\/p>\n\n\n\n<p>2012.- Jos\u00e9 Yepes Cardo, actor espa\u00f1ol.<\/p>\n\n\n\n<p>2021.- Jos\u00e9 Antonio Gonz\u00e1lez Casanova, jurista espa\u00f1ol.<\/p>\n","protected":false},"excerpt":{"rendered":"<p>Un d\u00eda 30 de octubre como hoy, pero de 1938, la emisi\u00f3n radiof\u00f3nica de \u00abLa guerra de los mundos\u00bb, de H.G. Wells, realizada por Orson Welles, provoca el p\u00e1nico en varias ciudades de Estados Unidos. Otras efem\u00e9rides 1340.- Fuerzas cristianas de Castilla y Portugal derrotan a las musulmanas en la batalla del Salado, una de [&hellip;]<\/p>\n","protected":false},"author":6,"featured_media":71260,"comment_status":"closed","ping_status":"closed","sticky":false,"template":"","format":"standard","meta":{"_acf_changed":false,"_monsterinsights_skip_tracking":false,"_monsterinsights_sitenote_active":false,"_monsterinsights_sitenote_note":"","_monsterinsights_sitenote_category":0,"slim_seo":{"title":"Efem\u00e9rides 30 de octubre | Un d\u00eda como hoy en la historia... - Opini\u00f3n P\u00fablica","description":"Un d\u00eda 30 de octubre como hoy, pero de 1938, la emisi\u00f3n radiof\u00f3nica de \"La guerra de los mundos\", de H.G. Wells, realizada por Orson Welles, provoca el p\u00e1nico e"},"footnotes":""},"categories":[27],"tags":[1049,59],"class_list":["post-71259","post","type-post","status-publish","format-standard","has-post-thumbnail","hentry","category-un-dia-como-hoy","tag-efemerides-30-de-octubre","tag-un-dia-como-hoy"],"acf":[],"_links":{"self":[{"href":"https:\/\/www.opinionpublica.tv\/portada\/wp-json\/wp\/v2\/posts\/71259","targetHints":{"allow":["GET"]}}],"collection":[{"href":"https:\/\/www.opinionpublica.tv\/portada\/wp-json\/wp\/v2\/posts"}],"about":[{"href":"https:\/\/www.opinionpublica.tv\/portada\/wp-json\/wp\/v2\/types\/post"}],"author":[{"embeddable":true,"href":"https:\/\/www.opinionpublica.tv\/portada\/wp-json\/wp\/v2\/users\/6"}],"replies":[{"embeddable":true,"href":"https:\/\/www.opinionpublica.tv\/portada\/wp-json\/wp\/v2\/comments?post=71259"}],"version-history":[{"count":1,"href":"https:\/\/www.opinionpublica.tv\/portada\/wp-json\/wp\/v2\/posts\/71259\/revisions"}],"predecessor-version":[{"id":71261,"href":"https:\/\/www.opinionpublica.tv\/portada\/wp-json\/wp\/v2\/posts\/71259\/revisions\/71261"}],"wp:featuredmedia":[{"embeddable":true,"href":"https:\/\/www.opinionpublica.tv\/portada\/wp-json\/wp\/v2\/media\/71260"}],"wp:attachment":[{"href":"https:\/\/www.opinionpublica.tv\/portada\/wp-json\/wp\/v2\/media?parent=71259"}],"wp:term":[{"taxonomy":"category","embeddable":true,"href":"https:\/\/www.opinionpublica.tv\/portada\/wp-json\/wp\/v2\/categories?post=71259"},{"taxonomy":"post_tag","embeddable":true,"href":"https:\/\/www.opinionpublica.tv\/portada\/wp-json\/wp\/v2\/tags?post=71259"}],"curies":[{"name":"wp","href":"https:\/\/api.w.org\/{rel}","templated":true}]}}