{"id":7125,"date":"2016-11-04T07:00:00","date_gmt":"2016-11-04T06:00:00","guid":{"rendered":"https:\/\/www.opinionpublica.tv\/portada\/2016\/11\/04\/larvas-de-ranas-se-hacen-vegetarianas-por-el-calor\/"},"modified":"2016-11-04T07:00:00","modified_gmt":"2016-11-04T06:00:00","slug":"larvas-de-ranas-se-hacen-vegetarianas-por-el-calor","status":"publish","type":"post","link":"https:\/\/www.opinionpublica.tv\/portada\/larvas-de-ranas-se-hacen-vegetarianas-por-el-calor\/","title":{"rendered":"Larvas de ranas se hacen vegetarianas por el calor"},"content":{"rendered":"<p><img fetchpriority=\"high\" decoding=\"async\" class=\" size-full wp-image-7124\" src=\"https:\/\/www.opinionpublica.tv\/portada\/wp-content\/uploads\/2016\/11\/49dc99896729a7ce59856529bd07abee.jpg\" alt=\"\" width=\"450\" height=\"266\" srcset=\"https:\/\/www.opinionpublica.tv\/portada\/wp-content\/uploads\/2016\/11\/49dc99896729a7ce59856529bd07abee.jpg 450w, https:\/\/www.opinionpublica.tv\/portada\/wp-content\/uploads\/2016\/11\/49dc99896729a7ce59856529bd07abee-300x177.jpg 300w\" sizes=\"(max-width: 450px) 100vw, 450px\" \/><br \/>\n<!--more--><\/p>\n<p style=\"text-align: justify;\">El calentamiento global provoca no solo un aumento generalizado de las temperaturas, sino tambi\u00e9n el incremento de la frecuencia e intensidad de fen\u00f3menos meteorol\u00f3gicos extremos, tales como inundaciones, olas de calor y sequ\u00edas. Estos cambios ambientales suponen un desaf\u00edo para muchos organismos, entre ellos los anfibios, que deben modificar su comportamiento, fisiolog\u00eda y estrategias de vida para sobrevivir.\u00a0<\/p>\n<p style=\"text-align: justify;\">Investigadores de las universidades de Lisboa (Portugal) y Uppsala (Suecia) han estudiado el comportamiento de tres tipos de anfibios que habitan la pen\u00ednsula ib\u00e9rica, como son la ranita de San Antonio (Hyla arborea), la ranita meridional (Hyla meridionalis) y el sapillo pintojo ib\u00e9rico (Discoglosus galganoi) para saber c\u00f3mo pueden influir las olas de calor en su dieta.<\/p>\n<p style=\"text-align: justify;\">\u201cEntre los muchos retos que el cambio clim\u00e1tico plantea en los ecosistemas naturales, el efecto que pueden tener sobre las preferencias alimenticias de los organismos vivos es un campo de estudio que est\u00e1 atrayendo la atenci\u00f3n de investigadores en los \u00faltimos a\u00f1os\u201d, declara a Sinc Germ\u00e1n Orizaola, coautor del trabajo que ha publicado esta semana la revista Ecology e investigador de la universidad sueca.<\/p>\n<p style=\"text-align: justify;\">Los anfibios son un grupo de alta sensibilidad al calentamiento global debido a la permeabilidad de su piel y a su ciclo de vida complejo, que combina una fase acu\u00e1tica como larva y una fase terrestre como juvenil y adulto. \u201cDe hecho, ya est\u00e1n experimentando acusados declives poblacionales y extinciones a escala global, y se han convertido en el foco de numerosos programas de investigaci\u00f3n y conservaci\u00f3n en las \u00faltimas d\u00e9cadas\u201d, subraya el cient\u00edfico.<\/p>\n<p style=\"text-align: justify;\">Los investigadores hicieron un experimento de laboratorio en el que expusieron a las larvas de estas tres especies a diferentes tipos de olas de calor que variaban en duraci\u00f3n e intensidad \u2013aumentando la temperatura del agua donde se desarrollaban\u2013\u00a0<\/p>\n<p style=\"text-align: justify;\">\u201cLas larvas se mantuvieron en tres situaciones diferentes: con alimento solo vegetal, solo animal o dieta mixta. Esta \u00faltima situaci\u00f3n es la que nos permiti\u00f3 evaluar si modificaban su dieta hacia un mayor o menor porcentaje de materia vegetal\u201d, a\u00f1ade Orizaola. \u00a0<\/p>\n<p style=\"text-align: justify;\">Asimismo, examinaron la relaci\u00f3n entre distintos is\u00f3topos de carbono y nitr\u00f3geno en los tejidos de las larvas con alimentaci\u00f3n mixta, y los compararon con los de \u2018men\u00fas\u2019 exclusivamente vegetales o animales. Esto les permiti\u00f3 reconstruir el tipo de dieta que seleccionaban las larvas expuestas a un r\u00e9gimen combinado.<\/p>\n<p style=\"text-align: justify;\">\u201cNuestros resultados indicaron, primero, que las larvas de las distintas especies tienen una dieta adaptada a las condiciones en las que se reproducen. El sapillo pintojo, que lo hace en periodos fr\u00edos, mantiene una dieta carn\u00edvora, mientras que la ranita meridional, que se reproduce durante la temporada m\u00e1s calurosa del a\u00f1o, lleva una dieta vegetariana\u201d, asegura el investigador.<\/p>\n<p style=\"text-align: justify;\">El resultado m\u00e1s relevante es que estas larvas tienen h\u00e1bitos alimentarios muy flexibles. Las tres especies aumentaron el porcentaje de vegetales ante olas de calor. Al analizar las tasas de supervivencia, crecimiento y desarrollo de las larvas, se hall\u00f3 una reducci\u00f3n de la eficiencia de la dieta carn\u00edvora a favor de la vegetariana en condiciones calurosas.<\/p>\n<p style=\"text-align: justify;\">\u201cEste podr\u00eda ser un fen\u00f3meno com\u00fan a muchas especies que habitan en medios acu\u00e1ticos continentales. De ser as\u00ed, el aumento de la frecuencia e intensidad de olas de calor pronosticado por los modelos de cambio clim\u00e1tico podr\u00eda generar cambios notables en estos ambientes\u201d, concluye Orizaola.<\/p>\n<p style=\"text-align: justify;\">(Fuente: SINC)<\/p>\n","protected":false},"excerpt":{"rendered":"","protected":false},"author":1,"featured_media":7124,"comment_status":"open","ping_status":"open","sticky":false,"template":"","format":"standard","meta":{"_acf_changed":false,"_monsterinsights_skip_tracking":false,"slim_seo":{"title":"Larvas de ranas se hacen vegetarianas por el calor - Opini\u00f3n P\u00fablica","description":"El calentamiento global provoca no solo un aumento generalizado de las temperaturas, sino tambi\u00e9n el incremento de la frecuencia e intensidad de fen\u00f3menos meteo"},"footnotes":""},"categories":[22],"tags":[],"class_list":["post-7125","post","type-post","status-publish","format-standard","has-post-thumbnail","hentry","category-ciencia-y-tecnologia"],"acf":[],"_links":{"self":[{"href":"https:\/\/www.opinionpublica.tv\/portada\/wp-json\/wp\/v2\/posts\/7125","targetHints":{"allow":["GET"]}}],"collection":[{"href":"https:\/\/www.opinionpublica.tv\/portada\/wp-json\/wp\/v2\/posts"}],"about":[{"href":"https:\/\/www.opinionpublica.tv\/portada\/wp-json\/wp\/v2\/types\/post"}],"author":[{"embeddable":true,"href":"https:\/\/www.opinionpublica.tv\/portada\/wp-json\/wp\/v2\/users\/1"}],"replies":[{"embeddable":true,"href":"https:\/\/www.opinionpublica.tv\/portada\/wp-json\/wp\/v2\/comments?post=7125"}],"version-history":[{"count":0,"href":"https:\/\/www.opinionpublica.tv\/portada\/wp-json\/wp\/v2\/posts\/7125\/revisions"}],"wp:featuredmedia":[{"embeddable":true,"href":"https:\/\/www.opinionpublica.tv\/portada\/wp-json\/wp\/v2\/media\/7124"}],"wp:attachment":[{"href":"https:\/\/www.opinionpublica.tv\/portada\/wp-json\/wp\/v2\/media?parent=7125"}],"wp:term":[{"taxonomy":"category","embeddable":true,"href":"https:\/\/www.opinionpublica.tv\/portada\/wp-json\/wp\/v2\/categories?post=7125"},{"taxonomy":"post_tag","embeddable":true,"href":"https:\/\/www.opinionpublica.tv\/portada\/wp-json\/wp\/v2\/tags?post=7125"}],"curies":[{"name":"wp","href":"https:\/\/api.w.org\/{rel}","templated":true}]}}