{"id":71194,"date":"2025-10-29T00:01:00","date_gmt":"2025-10-29T06:01:00","guid":{"rendered":"https:\/\/www.opinionpublica.tv\/portada\/?p=71194"},"modified":"2025-10-28T19:14:29","modified_gmt":"2025-10-29T01:14:29","slug":"diputada-presenta-denuncia-contra-adan-augusto-por-defraudacion-fiscal-y-cohecho","status":"publish","type":"post","link":"https:\/\/www.opinionpublica.tv\/portada\/diputada-presenta-denuncia-contra-adan-augusto-por-defraudacion-fiscal-y-cohecho\/","title":{"rendered":"Diputada presenta denuncia contra Ad\u00e1n Augusto por defraudaci\u00f3n fiscal y cohecho"},"content":{"rendered":"\n<figure class=\"wp-block-image size-large\"><img fetchpriority=\"high\" decoding=\"async\" width=\"1024\" height=\"620\" src=\"https:\/\/www.opinionpublica.tv\/portada\/wp-content\/uploads\/2025\/10\/Diputada-presenta-denuncia-contra-Adan-Augusto-por-defraudacion-fiscal-y-cohecho-1024x620.avif\" alt=\"Diputada presenta denuncia contra ada\u0301n augusto por defraudacio\u0301n fiscal y cohecho\" class=\"wp-image-71197\" srcset=\"https:\/\/www.opinionpublica.tv\/portada\/wp-content\/uploads\/2025\/10\/Diputada-presenta-denuncia-contra-Adan-Augusto-por-defraudacion-fiscal-y-cohecho-1024x620.avif 1024w, https:\/\/www.opinionpublica.tv\/portada\/wp-content\/uploads\/2025\/10\/Diputada-presenta-denuncia-contra-Adan-Augusto-por-defraudacion-fiscal-y-cohecho-300x182.avif 300w, https:\/\/www.opinionpublica.tv\/portada\/wp-content\/uploads\/2025\/10\/Diputada-presenta-denuncia-contra-Adan-Augusto-por-defraudacion-fiscal-y-cohecho-768x465.avif 768w, https:\/\/www.opinionpublica.tv\/portada\/wp-content\/uploads\/2025\/10\/Diputada-presenta-denuncia-contra-Adan-Augusto-por-defraudacion-fiscal-y-cohecho.avif 1100w\" sizes=\"(max-width: 1024px) 100vw, 1024px\" \/><\/figure>\n\n\n\n<p class=\"wp-block-paragraph\"><em>Ciudad Ju\u00e1rez, Chih<\/em>.- La diputada suplente del PAN Mar\u00eda Elena P\u00e9rez-Ja\u00e9n Zerme\u00f1o present\u00f3 una denuncia formal ante la Contralor\u00eda Interna del Senado contra Ad\u00e1n Augusto L\u00f3pez Hern\u00e1ndez, presidente de la Junta de Coordinaci\u00f3n Pol\u00edtica, por presuntas faltas administrativas y delitos penales, entre ellos cohecho, enriquecimiento il\u00edcito, defraudaci\u00f3n fiscal y ocultamiento de conflicto de inter\u00e9s.<\/p>\n\n\n\n<p class=\"wp-block-paragraph\">La panista argument\u00f3 que la denuncia se sustenta en investigaciones period\u00edsticas y documentos oficiales que revelar\u00edan ingresos no declarados por 79 millones de pesos, presuntamente provenientes de empresas contratistas del gobierno de Tabasco durante la gesti\u00f3n de L\u00f3pez Hern\u00e1ndez como gobernador entre 2018 y 2022.<\/p>\n\n\n\n<p class=\"wp-block-paragraph\">Entre las firmas se\u00f1aladas figuran GH Servicios Empresariales S.A. de C.V., catalogada por el SAT como empresa con operaciones simuladas (EFOS), adem\u00e1s de Operadora Tur\u00edstica Rabate y Capital Cargo del Golfo, beneficiadas con adjudicaciones directas durante su administraci\u00f3n.<\/p>\n\n\n\n<p class=\"wp-block-paragraph\">\u201cLa omisi\u00f3n de declarar dichos ingresos constituye una falta administrativa grave, y podr\u00eda configurar delitos como defraudaci\u00f3n fiscal equiparada, cohecho y enriquecimiento il\u00edcito previstos en el C\u00f3digo Fiscal de la Federaci\u00f3n y en el C\u00f3digo Penal Federal.<\/p>\n\n\n\n<p class=\"wp-block-paragraph\">\u201cEn la denuncia que presento solicito la apertura de una investigaci\u00f3n integral sobre la evoluci\u00f3n patrimonial de L\u00f3pez Hern\u00e1ndez, el an\u00e1lisis de sus declaraciones fiscales y patrimoniales en los ejercicios 2022, 2023, 2024 y 2025, as\u00ed como la intervenci\u00f3n de la Unidad de Inteligencia Financiera, la Procuradur\u00eda Fiscal de la Federaci\u00f3n y la Fiscal\u00eda General de la Rep\u00fablica\u201d, sostuvo P\u00e9rez-Ja\u00e9n en entrevista.<\/p>\n\n\n\n<p class=\"wp-block-paragraph\">La legisladora solicit\u00f3 que se abra una investigaci\u00f3n integral sobre la evoluci\u00f3n patrimonial de Ad\u00e1n Augusto, que incluya la revisi\u00f3n de sus declaraciones fiscales y patrimoniales de los ejercicios 2022 a 2025.<\/p>\n\n\n\n<p class=\"wp-block-paragraph\">Tambi\u00e9n pidi\u00f3 la intervenci\u00f3n de la Unidad de Inteligencia Financiera (UIF), la Procuradur\u00eda Fiscal de la Federaci\u00f3n y la Fiscal\u00eda General de la Rep\u00fablica (FGR), as\u00ed como del SAT, \u201cpara verificar la existencia real y comprobable de las operaciones declaradas\u201d.<\/p>\n\n\n\n<p class=\"wp-block-paragraph\">Adem\u00e1s, pidi\u00f3 dar vista al Ministerio P\u00fablico, al considerar que existen elementos suficientes para la apertura de una investigaci\u00f3n penal por delitos fiscales y corrupci\u00f3n.<\/p>\n\n\n\n<p class=\"wp-block-paragraph\">P\u00e9rez-Ja\u00e9n record\u00f3 que ya ha presentado 37 denuncias ante la FGR por presuntas irregularidades no solventadas durante la administraci\u00f3n estatal de L\u00f3pez Hern\u00e1ndez en Tabasco, entre 2019 y 2020, por un monto de casi 800 millones de pesos.<\/p>\n\n\n\n<p class=\"wp-block-paragraph\">\u201cHan pasado cinco a\u00f1os, un gobernador interino y ahora Javier May, y esos recursos siguen sin aclararse. \u00bfD\u00f3nde quedaron esos 800 millones?\u201d, cuestion\u00f3.<\/p>\n\n\n\n<p class=\"wp-block-paragraph\">La diputada tambi\u00e9n vincul\u00f3 su denuncia con las revelaciones del colectivo Guacamaya, que exhibieron presuntos v\u00ednculos entre Hern\u00e1n Berm\u00fadez Requena, exsecretario de Seguridad P\u00fablica de Tabasco y se\u00f1alado como l\u00edder del grupo criminal La Barredora, y el propio L\u00f3pez Hern\u00e1ndez.<\/p>\n\n\n\n<p class=\"wp-block-paragraph\">Afirm\u00f3 que, pese a tener conocimiento de esa relaci\u00f3n, el ahora senador nombr\u00f3 a Berm\u00fadez como su secretario de Seguridad, lo que muestra un patr\u00f3n de encubrimiento e impunidad.<\/p>\n\n\n\n<p class=\"wp-block-paragraph\">\u201cSe siente protegido por la presidenta Claudia Sheinbaum y por los senadores de Morena, pero mi deber ciudadano es agotar todas las instancias legales\u201d, declar\u00f3.<\/p>\n\n\n\n<p class=\"wp-block-paragraph\">La panista acus\u00f3 directamente al contralor interno del Senado de mantener una \u201c\u00edntima amistad\u201d con L\u00f3pez Hern\u00e1ndez y le exigi\u00f3 actuar con independencia.<\/p>\n\n\n\n<p class=\"wp-block-paragraph\">P\u00e9rez-Ja\u00e9n exhort\u00f3 finalmente a la presidenta Claudia Sheinbaum a romper el \u201cmanto de protecci\u00f3n pol\u00edtica\u201d sobre el exsecretario de Gobernaci\u00f3n y permitir que la FGR act\u00fae.<\/p>\n\n\n\n<p class=\"wp-block-paragraph\">\u201cAunque la Fiscal\u00eda es un \u00f3rgano constitucional aut\u00f3nomo, en la pr\u00e1ctica es un ap\u00e9ndice del Ejecutivo. Si la presidenta quiere que la ley se cumpla, debe instruir a la Fiscal\u00eda a investigar\u201d, enfatiz\u00f3. (El Universal)<\/p>\n","protected":false},"excerpt":{"rendered":"<p>Ciudad Ju\u00e1rez, Chih.- La diputada suplente del PAN Mar\u00eda Elena P\u00e9rez-Ja\u00e9n Zerme\u00f1o present\u00f3 una denuncia formal ante la Contralor\u00eda Interna del Senado contra Ad\u00e1n Augusto L\u00f3pez Hern\u00e1ndez, presidente de la Junta de Coordinaci\u00f3n Pol\u00edtica, por presuntas faltas administrativas y delitos penales, entre ellos cohecho, enriquecimiento il\u00edcito, defraudaci\u00f3n fiscal y ocultamiento de conflicto de inter\u00e9s. La [&hellip;]<\/p>\n","protected":false},"author":6,"featured_media":71197,"comment_status":"closed","ping_status":"closed","sticky":false,"template":"","format":"standard","meta":{"_acf_changed":false,"_monsterinsights_skip_tracking":false,"slim_seo":{"title":"Diputada presenta denuncia contra Ad\u00e1n Augusto por defraudaci\u00f3n fiscal y cohecho - Opini\u00f3n P\u00fablica","description":"Ciudad Ju\u00e1rez, Chih .- La diputada suplente del PAN Mar\u00eda Elena P\u00e9rez-Ja\u00e9n Zerme\u00f1o present\u00f3 una denuncia formal ante la Contralor\u00eda Interna del Senado contra Ad"},"footnotes":""},"categories":[4],"tags":[],"class_list":["post-71194","post","type-post","status-publish","format-standard","has-post-thumbnail","hentry","category-pulsopolitico"],"acf":[],"_links":{"self":[{"href":"https:\/\/www.opinionpublica.tv\/portada\/wp-json\/wp\/v2\/posts\/71194","targetHints":{"allow":["GET"]}}],"collection":[{"href":"https:\/\/www.opinionpublica.tv\/portada\/wp-json\/wp\/v2\/posts"}],"about":[{"href":"https:\/\/www.opinionpublica.tv\/portada\/wp-json\/wp\/v2\/types\/post"}],"author":[{"embeddable":true,"href":"https:\/\/www.opinionpublica.tv\/portada\/wp-json\/wp\/v2\/users\/6"}],"replies":[{"embeddable":true,"href":"https:\/\/www.opinionpublica.tv\/portada\/wp-json\/wp\/v2\/comments?post=71194"}],"version-history":[{"count":2,"href":"https:\/\/www.opinionpublica.tv\/portada\/wp-json\/wp\/v2\/posts\/71194\/revisions"}],"predecessor-version":[{"id":71198,"href":"https:\/\/www.opinionpublica.tv\/portada\/wp-json\/wp\/v2\/posts\/71194\/revisions\/71198"}],"wp:featuredmedia":[{"embeddable":true,"href":"https:\/\/www.opinionpublica.tv\/portada\/wp-json\/wp\/v2\/media\/71197"}],"wp:attachment":[{"href":"https:\/\/www.opinionpublica.tv\/portada\/wp-json\/wp\/v2\/media?parent=71194"}],"wp:term":[{"taxonomy":"category","embeddable":true,"href":"https:\/\/www.opinionpublica.tv\/portada\/wp-json\/wp\/v2\/categories?post=71194"},{"taxonomy":"post_tag","embeddable":true,"href":"https:\/\/www.opinionpublica.tv\/portada\/wp-json\/wp\/v2\/tags?post=71194"}],"curies":[{"name":"wp","href":"https:\/\/api.w.org\/{rel}","templated":true}]}}