{"id":71181,"date":"2025-10-29T00:01:00","date_gmt":"2025-10-29T06:01:00","guid":{"rendered":"https:\/\/www.opinionpublica.tv\/portada\/?p=71181"},"modified":"2025-10-28T18:42:44","modified_gmt":"2025-10-29T00:42:44","slug":"presidenta-sheinbaum-y-su-gabinete-evaluan-los-preparativos-para-el-mundial-2026","status":"publish","type":"post","link":"https:\/\/www.opinionpublica.tv\/portada\/presidenta-sheinbaum-y-su-gabinete-evaluan-los-preparativos-para-el-mundial-2026\/","title":{"rendered":"Presidenta Sheinbaum y su gabinete eval\u00faan preparativos para el Mundial 2026"},"content":{"rendered":"\n<figure class=\"wp-block-image size-full\"><img fetchpriority=\"high\" decoding=\"async\" width=\"770\" height=\"530\" src=\"https:\/\/www.opinionpublica.tv\/portada\/wp-content\/uploads\/2025\/10\/Presidenta-Sheinbaum-y-su-gabinete-evaluan-preparativos-para-el-Mundial-2026.webp\" alt=\"Presidenta sheinbaum y su gabinete evalu\u0301an preparativos para el mundial 2026\" class=\"wp-image-71184\" srcset=\"https:\/\/www.opinionpublica.tv\/portada\/wp-content\/uploads\/2025\/10\/Presidenta-Sheinbaum-y-su-gabinete-evaluan-preparativos-para-el-Mundial-2026.webp 770w, https:\/\/www.opinionpublica.tv\/portada\/wp-content\/uploads\/2025\/10\/Presidenta-Sheinbaum-y-su-gabinete-evaluan-preparativos-para-el-Mundial-2026-300x206.webp 300w, https:\/\/www.opinionpublica.tv\/portada\/wp-content\/uploads\/2025\/10\/Presidenta-Sheinbaum-y-su-gabinete-evaluan-preparativos-para-el-Mundial-2026-768x529.webp 768w\" sizes=\"(max-width: 770px) 100vw, 770px\" \/><\/figure>\n\n\n\n<p class=\"wp-block-paragraph\"><em>Ciudad de M\u00e9xico<\/em>.- El equipo del gobierno federal involucrado con los preparativos para el Mundial de la FIFA 2026 se reuni\u00f3 este martes con la presidenta Claudia Sheinbaum en Palacio Nacional.<\/p>\n\n\n\n<p class=\"wp-block-paragraph\">A la reuni\u00f3n de trabajo acudieron la secretaria de Turismo, Josefina Rodr\u00edguez; la secretaria de Gobernaci\u00f3n, Rosa Icela Rodr\u00edguez; Gabriela Cuevas, representante de M\u00e9xico para la Copa Mundial FIFA 2026; la subsecretaria de cultura, Marina N\u00fa\u00f1ez; y el procurador fiscal, Iv\u00e1n Escalante.<\/p>\n\n\n\n<p class=\"wp-block-paragraph\">La presidenta dijo que en el transcurso de la semana se informar\u00e1 en la rueda de prensa matutina de los avances en la organizaci\u00f3n para recibir los 13 juegos del torneo que se desarrollar\u00e1n en M\u00e9xico.<\/p>\n\n\n\n<p class=\"wp-block-paragraph\">Se espera que en su momento los gobernadores de Jalisco, Nuevo Le\u00f3n y la Jefa de Gobierno informen sobre las adecuaciones urbanas y de movilidad que est\u00e1n en curso en Guadalajara, Monterrey y Ciudad de M\u00e9xico para recibir la justa mundialista.<\/p>\n\n\n\n<p class=\"wp-block-paragraph\">Sheinbaum recibe a gabinete de Energ\u00eda y Salud<\/p>\n\n\n\n<p class=\"wp-block-paragraph\">Previamente acudieron a Palacio Nacional integrantes del gabinete de Energ\u00eda para reunirse con Sheinbaum.<\/p>\n\n\n\n<p class=\"wp-block-paragraph\">Acudieron la secretaria de Energ\u00eda, Luz Elena Gonz\u00e1lez; el titular de Pemex, V\u00edctor Gonz\u00e1lez; y el titular de Banobras, Jorge Mendoza.<\/p>\n\n\n\n<p class=\"wp-block-paragraph\">La presidenta tambi\u00e9n se reuni\u00f3 con el gabinete de salud, entre quienes estuvieron el secretario David Kersenobich; el titular del IMSS, Zo\u00e9\u2028Robledo; y la titular del CONHACYT, Rosaura Ruiz.<\/p>\n\n\n\n<p class=\"wp-block-paragraph\">Tambi\u00e9n acudieron a Palacio Nacional para participar de estas reuniones la Secretaria de Bienestar, Ariadna Montiel; y la secretaria de La Mujer, Citlali Hern\u00e1ndez.<\/p>\n\n\n\n<p class=\"wp-block-paragraph\">Alistan anuncio de avances en \u2018La Ma\u00f1anera\u2019<\/p>\n\n\n\n<p class=\"wp-block-paragraph\">La presidenta Claudia Sheinbaum inform\u00f3 que se prepara un balance de los avances en los preparativos del Mundial de la FIFA que ser\u00e1 realizado en Estados Unidos, Canad\u00e1 y M\u00e9xico el pr\u00f3ximo a\u00f1o.<\/p>\n\n\n\n<p class=\"wp-block-paragraph\">Inicialmente dijo que ser\u00eda el 20 de octubre, pero lo aplaz\u00f3 debido a la atenci\u00f3n a la emergencia por lluvias, que dejaron afectaciones en cinco estados.<\/p>\n\n\n\n<p class=\"wp-block-paragraph\">La mandataria adelant\u00f3 que en el balance participar\u00e1n el representante de FIFA en M\u00e9xico, as\u00ed como de miembros del Comit\u00e9 Organizador Local, para ofrecer un reporte detallado sobre la infraestructura, movilidad y coordinaci\u00f3n interinstitucional de cara al Mundial 2026.<\/p>\n\n\n\n<p class=\"wp-block-paragraph\">El anuncio ser\u00eda realizado el lunes 27 de octubre, sin embargo, la mandataria no mencion\u00f3 el tema y hasta el momento se desconoce cu\u00e1ndo se har\u00e1 esta presentaci\u00f3n. (Exc\u00e9lsior)<\/p>\n","protected":false},"excerpt":{"rendered":"<p>Ciudad de M\u00e9xico.- El equipo del gobierno federal involucrado con los preparativos para el Mundial de la FIFA 2026 se reuni\u00f3 este martes con la presidenta Claudia Sheinbaum en Palacio Nacional. A la reuni\u00f3n de trabajo acudieron la secretaria de Turismo, Josefina Rodr\u00edguez; la secretaria de Gobernaci\u00f3n, Rosa Icela Rodr\u00edguez; Gabriela Cuevas, representante de M\u00e9xico [&hellip;]<\/p>\n","protected":false},"author":6,"featured_media":71184,"comment_status":"closed","ping_status":"closed","sticky":false,"template":"","format":"standard","meta":{"_acf_changed":false,"_monsterinsights_skip_tracking":false,"slim_seo":{"title":"Presidenta Sheinbaum y su gabinete eval\u00faan preparativos para el Mundial 2026 - Opini\u00f3n P\u00fablica","description":"Ciudad de M\u00e9xico .- El equipo del gobierno federal involucrado con los preparativos para el Mundial de la FIFA 2026 se reuni\u00f3 este martes con la presidenta Clau"},"footnotes":""},"categories":[4],"tags":[307,1044],"class_list":["post-71181","post","type-post","status-publish","format-standard","has-post-thumbnail","hentry","category-pulsopolitico","tag-claudia-sheinbaum","tag-mundial-2026"],"acf":[],"_links":{"self":[{"href":"https:\/\/www.opinionpublica.tv\/portada\/wp-json\/wp\/v2\/posts\/71181","targetHints":{"allow":["GET"]}}],"collection":[{"href":"https:\/\/www.opinionpublica.tv\/portada\/wp-json\/wp\/v2\/posts"}],"about":[{"href":"https:\/\/www.opinionpublica.tv\/portada\/wp-json\/wp\/v2\/types\/post"}],"author":[{"embeddable":true,"href":"https:\/\/www.opinionpublica.tv\/portada\/wp-json\/wp\/v2\/users\/6"}],"replies":[{"embeddable":true,"href":"https:\/\/www.opinionpublica.tv\/portada\/wp-json\/wp\/v2\/comments?post=71181"}],"version-history":[{"count":3,"href":"https:\/\/www.opinionpublica.tv\/portada\/wp-json\/wp\/v2\/posts\/71181\/revisions"}],"predecessor-version":[{"id":71186,"href":"https:\/\/www.opinionpublica.tv\/portada\/wp-json\/wp\/v2\/posts\/71181\/revisions\/71186"}],"wp:featuredmedia":[{"embeddable":true,"href":"https:\/\/www.opinionpublica.tv\/portada\/wp-json\/wp\/v2\/media\/71184"}],"wp:attachment":[{"href":"https:\/\/www.opinionpublica.tv\/portada\/wp-json\/wp\/v2\/media?parent=71181"}],"wp:term":[{"taxonomy":"category","embeddable":true,"href":"https:\/\/www.opinionpublica.tv\/portada\/wp-json\/wp\/v2\/categories?post=71181"},{"taxonomy":"post_tag","embeddable":true,"href":"https:\/\/www.opinionpublica.tv\/portada\/wp-json\/wp\/v2\/tags?post=71181"}],"curies":[{"name":"wp","href":"https:\/\/api.w.org\/{rel}","templated":true}]}}