{"id":7117,"date":"2016-11-04T07:00:00","date_gmt":"2016-11-04T06:00:00","guid":{"rendered":"https:\/\/www.opinionpublica.tv\/portada\/2016\/11\/04\/los-latinos-son-el-futuro-de-estados-unidos-tim-kaine\/"},"modified":"2016-11-04T07:00:00","modified_gmt":"2016-11-04T06:00:00","slug":"los-latinos-son-el-futuro-de-estados-unidos-tim-kaine","status":"publish","type":"post","link":"https:\/\/www.opinionpublica.tv\/portada\/los-latinos-son-el-futuro-de-estados-unidos-tim-kaine\/","title":{"rendered":"Los latinos son \u00abel futuro de Estados Unidos\u00bb: Tim Kaine"},"content":{"rendered":"<p><img fetchpriority=\"high\" decoding=\"async\" class=\" size-full wp-image-7116\" src=\"https:\/\/www.opinionpublica.tv\/portada\/wp-content\/uploads\/2016\/11\/3b7b4a0f6370f16514c6568d4a4dc6c7.jpg\" alt=\"\" width=\"632\" height=\"343\" srcset=\"https:\/\/www.opinionpublica.tv\/portada\/wp-content\/uploads\/2016\/11\/3b7b4a0f6370f16514c6568d4a4dc6c7.jpg 632w, https:\/\/www.opinionpublica.tv\/portada\/wp-content\/uploads\/2016\/11\/3b7b4a0f6370f16514c6568d4a4dc6c7-300x163.jpg 300w\" sizes=\"(max-width: 632px) 100vw, 632px\" \/><br \/>\n<!--more--><\/p>\n<p style=\"text-align: justify;\">El aspirante dem\u00f3crata a la Vicepresidencia de EE.UU., el senador Tim Kaine, ofreci\u00f3 hoy en Phoenix (Arizona) su primer discurso \u00edntegro en espa\u00f1ol en busca del fuerte voto de los latinos que dijo \u00abson el futuro de EE.UU.\u00bb.<\/p>\n<p style=\"text-align: justify;\">A cinco d\u00edas de las elecciones, el \u00abn\u00famero dos\u00bb de Hillary Clinton, que ya visit\u00f3 el estado, inici\u00f3 su discurso hablando sobre las m\u00faltiples ra\u00edces que conforman Estados Unidos, indicando que los hispanos, a los cuales se refiri\u00f3 como sus \u00bb hermanos y hermanas\u00bb , son el futuro del pa\u00eds.<\/p>\n<p style=\"text-align: justify;\">\u00bb Las personas a veces olvidan -y quiz\u00e1s algunos ni siquiera saben- que la comunidad hispana ha sido parte de nuestro pa\u00eds desde que los espa\u00f1oles llegaron a San Agust\u00edn en 1565. Esto fue mucho antes de que los ingleses llegaran a Norteam\u00e9rica \u00ab, dijo el candidato dem\u00f3crata.<\/p>\n<p style=\"text-align: justify;\">\u00abEl espa\u00f1ol fue el primer idioma europeo que se habl\u00f3 en este pa\u00eds. Hace unos a\u00f1os, di el primer discurso en espa\u00f1ol en la historia del Senado. Pensaba que, si est\u00e1bamos debatiendo una medida de ley sobre inmigraci\u00f3n, tendr\u00eda sentido explicarlo en espa\u00f1ol. Especialmente, cuando el espa\u00f1ol es el idioma de m\u00e1s de 40 millones de personas en este pa\u00eds \u00ab, agreg\u00f3 ante un auditorio a medio llenar, en su mayor\u00eda hispanos.<\/p>\n<p style=\"text-align: justify;\">As\u00ed, entre aplausos y gritos Kaine mencion\u00f3 que los latinos siempre han forjado ese pa\u00eds, \u00bb desde su servicio en las fuerzas armadas, al esp\u00edritu empresarial, hasta su presencia en la Corte Suprema \u00ab.<\/p>\n<p style=\"text-align: justify;\">\u00bb Los latinos ayudar\u00e1n a forjar el futuro de Estados Unidos, porque ustedes son el futuro de Estados Unidos \u00ab, asever\u00f3.<\/p>\n<p style=\"text-align: justify;\">Kaine mencion\u00f3 que es en Phoenix, uno de los lugares donde comenz\u00f3 el movimiento moderno de los derechos de los inmigrantes, la gente se organiz\u00f3 en contra de la Ley SB1070, una ley en contra de \u00abmuchos valores que compartimos\u00bb, a\u00f1adi\u00f3.<\/p>\n<p style=\"text-align: justify;\">\u00bb Esa lucha a\u00fan no ha terminado. Ahora mismo, en esta elecci\u00f3n, ustedes est\u00e1n dirigiendo el nuevo camino hacia el progreso. Sin embargo, nos estamos enfrentando a oponentes muy fuertes \u00ab, asegur\u00f3 el dem\u00f3crata en su discurso.<\/p>\n<p style=\"text-align: justify;\">No obstante, matiz\u00f3, que uno de los mayores simpatizantes de Trump, el alguacil Joe Arpaio, est\u00e1 enfrentando cargos criminales por su discriminaci\u00f3n en contra de latinos y por perseguir a inmigrantes indocumentados.<\/p>\n<p style=\"text-align: justify;\">Agreg\u00f3 tambi\u00e9n que Trump, desde la primera semana de su campa\u00f1a, emprendi\u00f3 ataques contra mexicanos y contra la comunidad inmigrante en general llam\u00e1ndoles con los peores calificativos.<\/p>\n<p style=\"text-align: justify;\">Aclar\u00f3 que Trump insiste que \u00bb este es un pa\u00eds donde se habla ingl\u00e9s, no espa\u00f1ol. \u00c9l no entiende que las familias biling\u00fces y multiling\u00fces contribuyen a nuestra diversidad. Esto es lo que hace grande a esta naci\u00f3n \u00ab.<\/p>\n<p style=\"text-align: justify;\">\u00bb Hillary Clinton y yo, creemos que ustedes son nuestros hermanos y hermanas, y lucharemos por ustedes \u00ab, manifest\u00f3.<\/p>\n<p style=\"text-align: justify;\">\u00bb Ustedes son nuestros vecinos, colegas, amigos y familiares. Ustedes hacen a nuestra naci\u00f3n m\u00e1s fuerte, m\u00e1s inteligente y m\u00e1s creativa. (&#8230;) Estados Unidos es un pa\u00eds mejor gracias a ustedes \u00ab, grit\u00f3 el candidato a la Vicepresidencia de Estados Unidos.<\/p>\n<p style=\"text-align: justify;\">\u00bb Y me da pena decirle a la campa\u00f1a de Trump que los latinos tendr\u00e1n una voz muy importante en esta elecci\u00f3n. Y la opci\u00f3n es bien clara \u00ab, mencion\u00f3.<\/p>\n<p style=\"text-align: justify;\">Despu\u00e9s de hablar de las promesas electorales, de las cuales una mejor educaci\u00f3n, la creaci\u00f3n de trabajos y una econom\u00eda que funcione para todos, Kaine cit\u00f3 que los latinos son el 17 por ciento de la poblaci\u00f3n del pa\u00eds, pero solo el 2 por ciento tiene riquezas.<\/p>\n<p style=\"text-align: justify;\">\u00bb Eso est\u00e1 mal. Tenemos que conectar a m\u00e1s latinos con buenos trabajos que ganen buenos salarios. Conectarlos con m\u00e1s oportunidades educativas, crear nuevas empresas y desarrollar riqueza que sus hijos puedan heredar \u00ab, prometi\u00f3.<\/p>\n<p style=\"text-align: justify;\">Kaine tambi\u00e9n prometi\u00f3 una reforma migratoria integral que incluya un camino hacia la ciudadan\u00eda para los primeros cien d\u00edas de Gobierno.<\/p>\n<p style=\"text-align: justify;\">\u00bb Demasiados ni\u00f1os en los Estados Unidos les dicen adi\u00f3s a sus padres cada ma\u00f1ana, sin saber si su padre o su madre estar\u00e1n ah\u00ed cuando vuelvan \u00ab, dijo agregando que la f\u00f3rmula Clinton-Kaine pondr\u00e1 fin tambi\u00e9n a las deportaciones, cerrar\u00e1 los centros privados de detenci\u00f3n y acabar\u00e1 con las detenciones y las redadas.<\/p>\n<p style=\"text-align: justify;\">Entonces, \u00bb ma\u00f1ana es el \u00faltimo d\u00eda para votar temprano en Arizona. \u00a1Pero por qu\u00e9 esperar hasta ma\u00f1ana si pueden ir a votar hoy !\u00bb, concluyo Kaine entre gritos de \u00bb \u00a1S\u00ed, se puede! \u00ab.<\/p>\n<p style=\"text-align: justify;\">Informaci\u00f3n de AP<\/p>\n","protected":false},"excerpt":{"rendered":"","protected":false},"author":1,"featured_media":7116,"comment_status":"open","ping_status":"open","sticky":false,"template":"","format":"standard","meta":{"_acf_changed":false,"_monsterinsights_skip_tracking":false,"slim_seo":{"title":"Los latinos son \"el futuro de Estados Unidos\": Tim Kaine - Opini\u00f3n P\u00fablica","description":"El aspirante dem\u00f3crata a la Vicepresidencia de EE.UU., el senador Tim Kaine, ofreci\u00f3 hoy en Phoenix (Arizona) su primer discurso \u00edntegro en espa\u00f1ol en busca del"},"footnotes":""},"categories":[30],"tags":[],"class_list":["post-7117","post","type-post","status-publish","format-standard","has-post-thumbnail","hentry","category-elecciones-estados-unidos"],"acf":[],"_links":{"self":[{"href":"https:\/\/www.opinionpublica.tv\/portada\/wp-json\/wp\/v2\/posts\/7117","targetHints":{"allow":["GET"]}}],"collection":[{"href":"https:\/\/www.opinionpublica.tv\/portada\/wp-json\/wp\/v2\/posts"}],"about":[{"href":"https:\/\/www.opinionpublica.tv\/portada\/wp-json\/wp\/v2\/types\/post"}],"author":[{"embeddable":true,"href":"https:\/\/www.opinionpublica.tv\/portada\/wp-json\/wp\/v2\/users\/1"}],"replies":[{"embeddable":true,"href":"https:\/\/www.opinionpublica.tv\/portada\/wp-json\/wp\/v2\/comments?post=7117"}],"version-history":[{"count":0,"href":"https:\/\/www.opinionpublica.tv\/portada\/wp-json\/wp\/v2\/posts\/7117\/revisions"}],"wp:featuredmedia":[{"embeddable":true,"href":"https:\/\/www.opinionpublica.tv\/portada\/wp-json\/wp\/v2\/media\/7116"}],"wp:attachment":[{"href":"https:\/\/www.opinionpublica.tv\/portada\/wp-json\/wp\/v2\/media?parent=7117"}],"wp:term":[{"taxonomy":"category","embeddable":true,"href":"https:\/\/www.opinionpublica.tv\/portada\/wp-json\/wp\/v2\/categories?post=7117"},{"taxonomy":"post_tag","embeddable":true,"href":"https:\/\/www.opinionpublica.tv\/portada\/wp-json\/wp\/v2\/tags?post=7117"}],"curies":[{"name":"wp","href":"https:\/\/api.w.org\/{rel}","templated":true}]}}