{"id":71127,"date":"2025-10-28T00:01:00","date_gmt":"2025-10-28T06:01:00","guid":{"rendered":"https:\/\/www.opinionpublica.tv\/portada\/?p=71127"},"modified":"2025-10-27T19:50:52","modified_gmt":"2025-10-28T01:50:52","slug":"uber-consigue-otra-victoria-le-dan-suspension-definitiva-para-operar-en-aeropuertos","status":"publish","type":"post","link":"https:\/\/www.opinionpublica.tv\/portada\/uber-consigue-otra-victoria-le-dan-suspension-definitiva-para-operar-en-aeropuertos\/","title":{"rendered":"Uber consigue otra victoria, le dan suspensi\u00f3n definitiva para operar en aeropuertos"},"content":{"rendered":"\n<figure class=\"wp-block-image size-large\"><img fetchpriority=\"high\" decoding=\"async\" width=\"1024\" height=\"620\" src=\"https:\/\/www.opinionpublica.tv\/portada\/wp-content\/uploads\/2025\/10\/Uber-consigue-otra-victoria-le-dan-suspension-definitiva-para-operar-en-aeropuertos-1024x620.avif\" alt=\"Uber consigue otra victoria, le dan suspensio\u0301n definitiva para operar en aeropuertos\" class=\"wp-image-71130\" srcset=\"https:\/\/www.opinionpublica.tv\/portada\/wp-content\/uploads\/2025\/10\/Uber-consigue-otra-victoria-le-dan-suspension-definitiva-para-operar-en-aeropuertos-1024x620.avif 1024w, https:\/\/www.opinionpublica.tv\/portada\/wp-content\/uploads\/2025\/10\/Uber-consigue-otra-victoria-le-dan-suspension-definitiva-para-operar-en-aeropuertos-300x182.avif 300w, https:\/\/www.opinionpublica.tv\/portada\/wp-content\/uploads\/2025\/10\/Uber-consigue-otra-victoria-le-dan-suspension-definitiva-para-operar-en-aeropuertos-768x465.avif 768w, https:\/\/www.opinionpublica.tv\/portada\/wp-content\/uploads\/2025\/10\/Uber-consigue-otra-victoria-le-dan-suspension-definitiva-para-operar-en-aeropuertos.avif 1100w\" sizes=\"(max-width: 1024px) 100vw, 1024px\" \/><\/figure>\n\n\n\n<p class=\"wp-block-paragraph\">La Jueza Decimotercera de Distrito en Materia Administrativa concedi\u00f3 una suspensi\u00f3n definitiva a Uber para evitar que la Guardia Nacional realice detenciones a los viajes generados a trav\u00e9s de la plataforma.<\/p>\n\n\n\n<p class=\"wp-block-paragraph\">La suspensi\u00f3n aplica a quienes est\u00e9n realizando un viaje con Uber en cualquier aeropuerto del pa\u00eds.<\/p>\n\n\n\n<p class=\"wp-block-paragraph\">Por lo tanto, se confirma que los conductores de Uber pueden llevar y recoger a usuarios de los aeropuertos mexicanos.<\/p>\n\n\n\n<p class=\"wp-block-paragraph\">\u201cEs ilegal detener a los conductores que realizan viajes a trav\u00e9s de la plataforma de Uber cuando se encuentran dejando o recogiendo usuarios en los aeropuertos de M\u00e9xico\u201d, indic\u00f3 la empresa, en un comunicado.<\/p>\n\n\n\n<p class=\"wp-block-paragraph\">Con esta medida, los conductores que est\u00e9n realizando viajes usando la app de Uber, en los m\u00e1s de 70 aeropuertos del pa\u00eds, no podr\u00e1n ser detenidos por autoridades en la zona federal de los aeropuertos, en lo que se resuelve el juicio de amparo.<\/p>\n\n\n\n<p class=\"wp-block-paragraph\">La plataforma conf\u00eda en que esta suspensi\u00f3n quede asentada en una resoluci\u00f3n final tomando en cuenta el contexto en el cual se encuentran los aeropuertos del pa\u00eds en este momento: el pr\u00f3ximo a\u00f1o se celebrar\u00e1 el Mundial de Futbol en M\u00e9xico, y es de suma importancia mostrar la mejor cara a los millones de turistas que llegar\u00e1n al pa\u00eds.<\/p>\n\n\n\n<p class=\"wp-block-paragraph\">La firma inst\u00f3 a las autoridades federales a cumplir con esta suspensi\u00f3n definitiva y pide al Congreso de la Uni\u00f3n que legisle sobre el tema para mejorar el ecosistema tur\u00edstico nacional e internacional, reafirmando que las plataformas deben tener acceso a los aeropuertos federales para eficientar la movilidad en esos espacios. (El Universal)<\/p>\n","protected":false},"excerpt":{"rendered":"<p>La Jueza Decimotercera de Distrito en Materia Administrativa concedi\u00f3 una suspensi\u00f3n definitiva a Uber para evitar que la Guardia Nacional realice detenciones a los viajes generados a trav\u00e9s de la plataforma. La suspensi\u00f3n aplica a quienes est\u00e9n realizando un viaje con Uber en cualquier aeropuerto del pa\u00eds. Por lo tanto, se confirma que los conductores [&hellip;]<\/p>\n","protected":false},"author":6,"featured_media":71130,"comment_status":"closed","ping_status":"closed","sticky":false,"template":"","format":"standard","meta":{"_acf_changed":false,"_monsterinsights_skip_tracking":false,"slim_seo":{"title":"Uber consigue otra victoria, le dan suspensi\u00f3n definitiva para operar en aeropuertos - Opini\u00f3n P\u00fablica","description":"La Jueza Decimotercera de Distrito en Materia Administrativa concedi\u00f3 una suspensi\u00f3n definitiva a Uber para evitar que la Guardia Nacional realice detenciones a"},"footnotes":""},"categories":[4],"tags":[1040,152],"class_list":["post-71127","post","type-post","status-publish","format-standard","has-post-thumbnail","hentry","category-pulsopolitico","tag-aeropuertos","tag-uber"],"acf":[],"_links":{"self":[{"href":"https:\/\/www.opinionpublica.tv\/portada\/wp-json\/wp\/v2\/posts\/71127","targetHints":{"allow":["GET"]}}],"collection":[{"href":"https:\/\/www.opinionpublica.tv\/portada\/wp-json\/wp\/v2\/posts"}],"about":[{"href":"https:\/\/www.opinionpublica.tv\/portada\/wp-json\/wp\/v2\/types\/post"}],"author":[{"embeddable":true,"href":"https:\/\/www.opinionpublica.tv\/portada\/wp-json\/wp\/v2\/users\/6"}],"replies":[{"embeddable":true,"href":"https:\/\/www.opinionpublica.tv\/portada\/wp-json\/wp\/v2\/comments?post=71127"}],"version-history":[{"count":2,"href":"https:\/\/www.opinionpublica.tv\/portada\/wp-json\/wp\/v2\/posts\/71127\/revisions"}],"predecessor-version":[{"id":71131,"href":"https:\/\/www.opinionpublica.tv\/portada\/wp-json\/wp\/v2\/posts\/71127\/revisions\/71131"}],"wp:featuredmedia":[{"embeddable":true,"href":"https:\/\/www.opinionpublica.tv\/portada\/wp-json\/wp\/v2\/media\/71130"}],"wp:attachment":[{"href":"https:\/\/www.opinionpublica.tv\/portada\/wp-json\/wp\/v2\/media?parent=71127"}],"wp:term":[{"taxonomy":"category","embeddable":true,"href":"https:\/\/www.opinionpublica.tv\/portada\/wp-json\/wp\/v2\/categories?post=71127"},{"taxonomy":"post_tag","embeddable":true,"href":"https:\/\/www.opinionpublica.tv\/portada\/wp-json\/wp\/v2\/tags?post=71127"}],"curies":[{"name":"wp","href":"https:\/\/api.w.org\/{rel}","templated":true}]}}