{"id":70914,"date":"2025-10-25T00:01:00","date_gmt":"2025-10-25T06:01:00","guid":{"rendered":"https:\/\/www.opinionpublica.tv\/portada\/?p=70914"},"modified":"2025-10-24T20:41:15","modified_gmt":"2025-10-25T02:41:15","slug":"video-una-virtud-de-la-4t-es-que-todos-sus-escandalos-llegan-juntos-hector-de-mauleon","status":"publish","type":"post","link":"https:\/\/www.opinionpublica.tv\/portada\/video-una-virtud-de-la-4t-es-que-todos-sus-escandalos-llegan-juntos-hector-de-mauleon\/","title":{"rendered":"Video: Una virtud de la 4T es que todos sus esc\u00e1ndalos llegan juntos | H\u00e9ctor de Maule\u00f3n"},"content":{"rendered":"\n<p class=\"wp-block-paragraph\"><a href=\"https:\/\/www.youtube.com\/@Latinusus\"><\/a><\/p>\n\n\n\n<figure class=\"wp-block-embed is-type-video is-provider-youtube wp-block-embed-youtube wp-embed-aspect-16-9 wp-has-aspect-ratio\"><div class=\"wp-block-embed__wrapper\">\n<iframe title=\"Una virtud de la 4T es que todos sus esc\u00e1ndalos llegan juntos: H\u00e9ctor de Maule\u00f3n\" width=\"800\" height=\"450\" src=\"https:\/\/www.youtube.com\/embed\/wkHFVan6rFQ?feature=oembed\" frameborder=\"0\" allow=\"accelerometer; autoplay; clipboard-write; encrypted-media; gyroscope; picture-in-picture; web-share\" referrerpolicy=\"strict-origin-when-cross-origin\" allowfullscreen><\/iframe>\n<\/div><\/figure>\n\n\n\n<p class=\"wp-block-paragraph\">El periodista e historiador, H\u00e9ctor de Maule\u00f3n, asegura que una de las virtudes de la 4T es que todos sus esc\u00e1ndalos llegan juntos.<\/p>\n\n\n\n<p class=\"wp-block-paragraph\"><em>Cr\u00e9ditos: Latinus<\/em>.<\/p>\n","protected":false},"excerpt":{"rendered":"<p>El periodista e historiador, H\u00e9ctor de Maule\u00f3n, asegura que una de las virtudes de la 4T es que todos sus esc\u00e1ndalos llegan juntos. Cr\u00e9ditos: Latinus.<\/p>\n","protected":false},"author":6,"featured_media":70916,"comment_status":"closed","ping_status":"closed","sticky":false,"template":"","format":"standard","meta":{"_acf_changed":false,"_monsterinsights_skip_tracking":false,"slim_seo":{"title":"Video: Una virtud de la 4T es que todos sus esc\u00e1ndalos llegan juntos | H\u00e9ctor de Maule\u00f3n - Opini\u00f3n P\u00fablica","description":"https:\/\/youtu.be\/wkHFVan6rFQ?si=rKvdK4Uptx_lOg6v El periodista e historiador, H\u00e9ctor de Maule\u00f3n, asegura que una de las virtudes de la 4T es que todos sus esc\u00e1n"},"footnotes":""},"categories":[13,2,8],"tags":[],"class_list":["post-70914","post","type-post","status-publish","format-standard","has-post-thumbnail","hentry","category-videos-destacados-contenido","category-videos-destacados","category-videos"],"acf":[],"_links":{"self":[{"href":"https:\/\/www.opinionpublica.tv\/portada\/wp-json\/wp\/v2\/posts\/70914","targetHints":{"allow":["GET"]}}],"collection":[{"href":"https:\/\/www.opinionpublica.tv\/portada\/wp-json\/wp\/v2\/posts"}],"about":[{"href":"https:\/\/www.opinionpublica.tv\/portada\/wp-json\/wp\/v2\/types\/post"}],"author":[{"embeddable":true,"href":"https:\/\/www.opinionpublica.tv\/portada\/wp-json\/wp\/v2\/users\/6"}],"replies":[{"embeddable":true,"href":"https:\/\/www.opinionpublica.tv\/portada\/wp-json\/wp\/v2\/comments?post=70914"}],"version-history":[{"count":1,"href":"https:\/\/www.opinionpublica.tv\/portada\/wp-json\/wp\/v2\/posts\/70914\/revisions"}],"predecessor-version":[{"id":70915,"href":"https:\/\/www.opinionpublica.tv\/portada\/wp-json\/wp\/v2\/posts\/70914\/revisions\/70915"}],"wp:featuredmedia":[{"embeddable":true,"href":"https:\/\/www.opinionpublica.tv\/portada\/wp-json\/wp\/v2\/media\/70916"}],"wp:attachment":[{"href":"https:\/\/www.opinionpublica.tv\/portada\/wp-json\/wp\/v2\/media?parent=70914"}],"wp:term":[{"taxonomy":"category","embeddable":true,"href":"https:\/\/www.opinionpublica.tv\/portada\/wp-json\/wp\/v2\/categories?post=70914"},{"taxonomy":"post_tag","embeddable":true,"href":"https:\/\/www.opinionpublica.tv\/portada\/wp-json\/wp\/v2\/tags?post=70914"}],"curies":[{"name":"wp","href":"https:\/\/api.w.org\/{rel}","templated":true}]}}