{"id":70817,"date":"2025-10-23T14:40:40","date_gmt":"2025-10-23T20:40:40","guid":{"rendered":"https:\/\/www.opinionpublica.tv\/portada\/?p=70817"},"modified":"2025-10-23T14:45:34","modified_gmt":"2025-10-23T20:45:34","slug":"una-causa-que-inspira-regresa-pelooza-el-evento-que-transforma-cabello-en-sonrisas","status":"publish","type":"post","link":"https:\/\/www.opinionpublica.tv\/portada\/una-causa-que-inspira-regresa-pelooza-el-evento-que-transforma-cabello-en-sonrisas\/","title":{"rendered":"Causa que inspira: &#8216;Pelooza&#8217;, el evento que transformar\u00e1 el cabello en muchas sonrisas"},"content":{"rendered":"\n<figure class=\"wp-block-image size-large\"><img fetchpriority=\"high\" decoding=\"async\" width=\"1024\" height=\"682\" src=\"https:\/\/www.opinionpublica.tv\/portada\/wp-content\/uploads\/2025\/10\/Causa-que-inspira-Pelooza-el-evento-que-transformara-el-cabello-en-muchas-sonrisas-1024x682.jpeg\" alt=\"Causa que inspira 'pelooza', el evento que transformara\u0301 el cabello en muchas sonrisas\" class=\"wp-image-70826\" srcset=\"https:\/\/www.opinionpublica.tv\/portada\/wp-content\/uploads\/2025\/10\/Causa-que-inspira-Pelooza-el-evento-que-transformara-el-cabello-en-muchas-sonrisas-1024x682.jpeg 1024w, https:\/\/www.opinionpublica.tv\/portada\/wp-content\/uploads\/2025\/10\/Causa-que-inspira-Pelooza-el-evento-que-transformara-el-cabello-en-muchas-sonrisas-300x200.jpeg 300w, https:\/\/www.opinionpublica.tv\/portada\/wp-content\/uploads\/2025\/10\/Causa-que-inspira-Pelooza-el-evento-que-transformara-el-cabello-en-muchas-sonrisas-768x512.jpeg 768w, https:\/\/www.opinionpublica.tv\/portada\/wp-content\/uploads\/2025\/10\/Causa-que-inspira-Pelooza-el-evento-que-transformara-el-cabello-en-muchas-sonrisas-1536x1023.jpeg 1536w, https:\/\/www.opinionpublica.tv\/portada\/wp-content\/uploads\/2025\/10\/Causa-que-inspira-Pelooza-el-evento-que-transformara-el-cabello-en-muchas-sonrisas.jpeg 1600w\" sizes=\"(max-width: 1024px) 100vw, 1024px\" \/><\/figure>\n\n\n\n<p class=\"wp-block-paragraph\"><em>Ciudad Ju\u00e1rez, Chih<\/em>.- En el marco del mes de sensibilizaci\u00f3n sobre la lucha contra el c\u00e1ncer, se anunci\u00f3 el regreso del evento con causa \u201cPelooza 2025\u201d, una iniciativa que invita a la comunidad juarense a donar su cabello para la elaboraci\u00f3n de pelucas oncol\u00f3gicas destinadas a personas que enfrentan esta enfermedad.<\/p>\n\n\n\n<p class=\"wp-block-paragraph\">El organizador y propietario del restaurante Barra Negra, \u00c1ngel Corral, dio a conocer que esta edici\u00f3n se llevar\u00e1 a cabo desde hoy jueves 23 al domingo 26, en las instalaciones de Barra Negra, ubicadas en Plaza Cuquita (Bulevar G\u00f3mez Mor\u00edn 7384-20), en un horario de 8:00 a 11:00 de la noche.<\/p>\n\n\n\n<p class=\"wp-block-paragraph\">Corral record\u00f3 que la primera edici\u00f3n de \u201cPelusa\u201d se realiz\u00f3 en 2019, logrando reunir cabello suficiente para la confecci\u00f3n de m\u00e1s de 40 pelucas oncol\u00f3gicas para ni\u00f1as y ni\u00f1os del Hospital Infantil de Oncolog\u00eda. Tras una pausa obligada por la pandemia, este 2025 el evento regresa con fuerza y con el prop\u00f3sito de retomar su esp\u00edritu solidario.<\/p>\n\n\n\n<p class=\"wp-block-paragraph\">\u201cQueremos recuperar esta tradici\u00f3n que combina m\u00fasica, empat\u00eda y uni\u00f3n familiar. Este a\u00f1o regresamos a Barra Negra, pero en 2026 planeamos volver al Museo de Arqueolog\u00eda e Historia de El Chamizal con un evento masivo, como el de 2019, que reuni\u00f3 a m\u00e1s de 3,500 personas\u201d, se\u00f1al\u00f3.<\/p>\n\n\n\n<p class=\"wp-block-paragraph\">La iniciativa cuenta con el respaldo de la Fundaci\u00f3n S\u00e9 Feliz A.C., encabezada por su directora Rosel\u00edn Reynoso, quien destac\u00f3 el valor emocional que representa para los pacientes recibir una peluca elaborada con cabello donado.<\/p>\n\n\n\n<figure class=\"wp-block-image size-large\"><img decoding=\"async\" width=\"1024\" height=\"682\" src=\"https:\/\/www.opinionpublica.tv\/portada\/wp-content\/uploads\/2025\/10\/Causa-que-inspira-Pelooza-el-evento-que-transformara-el-cabello-en-muchas-sonrisas-2-1-1024x682.jpeg\" alt=\"Causa que inspira 'pelooza', el evento que transformara\u0301 el cabello en muchas sonrisas 2\" class=\"wp-image-70827\" srcset=\"https:\/\/www.opinionpublica.tv\/portada\/wp-content\/uploads\/2025\/10\/Causa-que-inspira-Pelooza-el-evento-que-transformara-el-cabello-en-muchas-sonrisas-2-1-1024x682.jpeg 1024w, https:\/\/www.opinionpublica.tv\/portada\/wp-content\/uploads\/2025\/10\/Causa-que-inspira-Pelooza-el-evento-que-transformara-el-cabello-en-muchas-sonrisas-2-1-300x200.jpeg 300w, https:\/\/www.opinionpublica.tv\/portada\/wp-content\/uploads\/2025\/10\/Causa-que-inspira-Pelooza-el-evento-que-transformara-el-cabello-en-muchas-sonrisas-2-1-768x512.jpeg 768w, https:\/\/www.opinionpublica.tv\/portada\/wp-content\/uploads\/2025\/10\/Causa-que-inspira-Pelooza-el-evento-que-transformara-el-cabello-en-muchas-sonrisas-2-1-1536x1023.jpeg 1536w, https:\/\/www.opinionpublica.tv\/portada\/wp-content\/uploads\/2025\/10\/Causa-que-inspira-Pelooza-el-evento-que-transformara-el-cabello-en-muchas-sonrisas-2-1.jpeg 1600w\" sizes=\"(max-width: 1024px) 100vw, 1024px\" \/><\/figure>\n\n\n\n<p class=\"wp-block-paragraph\">\u201cEl cabello no solo es una p\u00e9rdida f\u00edsica, sino tambi\u00e9n de identidad. Donar una parte de nosotros es devolver esperanza y confianza a quienes est\u00e1n luchando contra el c\u00e1ncer\u201d, expres\u00f3 Reynoso.<\/p>\n\n\n\n<p class=\"wp-block-paragraph\">La fundaci\u00f3n trabaja en colaboraci\u00f3n con organizaciones como M\u00e9xico Sonr\u00ede, Movimiento Rapunzel, Cancer Survivor y Afrocancer, encargadas de procesar y distribuir las pelucas. Las trenzas deben tener un largo m\u00ednimo de 25 cent\u00edmetros \u2014preferentemente 30 cm\u2014, estar limpias, secas y libres de productos como aceites o gel.<\/p>\n\n\n\n<p class=\"wp-block-paragraph\">\u201cPelooza 2025\u201d se desarrollar\u00e1 bajo los lemas \u201cD\u00e9jate caer la gre\u00f1a\u201d y \u201cPelucas que devuelven sonrisas\u201d, en un ambiente 100% familiar que combina la solidaridad con la m\u00fasica en vivo.<\/p>\n\n\n\n<p class=\"wp-block-paragraph\">Durante los cuatro d\u00edas del evento se presentar\u00e1n agrupaciones locales como Insomnia, Valium, Addiction, Fallen (tributo a Evanescence), Retroband DKE, Glamurama y la cantante Lupita \u201cBreyna\u201d S\u00e1nchez, quien cerrar\u00e1 la jornada musical el domingo 26 de octubre.<\/p>\n\n\n\n<p class=\"wp-block-paragraph\">El evento cuenta con el apoyo de Imagen Diagn\u00f3stica, empresa juarense comprometida con la salud y el bienestar comunitario, que se suma como patrocinador principal.<\/p>\n\n\n\n<p class=\"wp-block-paragraph\">\u201cPelooza\u201d busca demostrar que un peque\u00f1o gesto puede generar grandes cambios. Donar cabello no solo ayuda a confeccionar pelucas, sino que tambi\u00e9n fortalece el esp\u00edritu solidario que caracteriza a la comunidad juarense\u201d, concluy\u00f3 Corral.<\/p>\n\n\n\n<p class=\"wp-block-paragraph\">\u00a1Te esperamos para donar, compartir y transformar vidas en Barra Negra!<\/p>\n\n\n\n<p class=\"wp-block-paragraph\">\ud83d\udcc5 Del 23 al 26 de octubre de 2025<\/p>\n\n\n\n<p class=\"wp-block-paragraph\">\ud83d\udccd Plaza Cuquita, Bulevar G\u00f3mez Mor\u00edn 7384-20<\/p>\n\n\n\n<p class=\"wp-block-paragraph\">\ud83d\udd57 De 8:00 p.m. a 11:00 p.m.<\/p>\n","protected":false},"excerpt":{"rendered":"<p>Ciudad Ju\u00e1rez, Chih.- En el marco del mes de sensibilizaci\u00f3n sobre la lucha contra el c\u00e1ncer, se anunci\u00f3 el regreso del evento con causa \u201cPelooza 2025\u201d, una iniciativa que invita a la comunidad juarense a donar su cabello para la elaboraci\u00f3n de pelucas oncol\u00f3gicas destinadas a personas que enfrentan esta enfermedad. El organizador y propietario [&hellip;]<\/p>\n","protected":false},"author":6,"featured_media":70826,"comment_status":"closed","ping_status":"closed","sticky":false,"template":"","format":"standard","meta":{"_acf_changed":false,"_monsterinsights_skip_tracking":false,"slim_seo":{"title":"Causa que inspira: 'Pelooza', el evento que transformar\u00e1 el cabello en muchas sonrisas - Opini\u00f3n P\u00fablica","description":"Ciudad Ju\u00e1rez, Chih .- En el marco del mes de sensibilizaci\u00f3n sobre la lucha contra el c\u00e1ncer, se anunci\u00f3 el regreso del evento con causa \u201cPelooza 2025\u201d, una in"},"footnotes":""},"categories":[41],"tags":[],"class_list":["post-70817","post","type-post","status-publish","format-standard","has-post-thumbnail","hentry","category-juarez"],"acf":[],"_links":{"self":[{"href":"https:\/\/www.opinionpublica.tv\/portada\/wp-json\/wp\/v2\/posts\/70817","targetHints":{"allow":["GET"]}}],"collection":[{"href":"https:\/\/www.opinionpublica.tv\/portada\/wp-json\/wp\/v2\/posts"}],"about":[{"href":"https:\/\/www.opinionpublica.tv\/portada\/wp-json\/wp\/v2\/types\/post"}],"author":[{"embeddable":true,"href":"https:\/\/www.opinionpublica.tv\/portada\/wp-json\/wp\/v2\/users\/6"}],"replies":[{"embeddable":true,"href":"https:\/\/www.opinionpublica.tv\/portada\/wp-json\/wp\/v2\/comments?post=70817"}],"version-history":[{"count":6,"href":"https:\/\/www.opinionpublica.tv\/portada\/wp-json\/wp\/v2\/posts\/70817\/revisions"}],"predecessor-version":[{"id":70828,"href":"https:\/\/www.opinionpublica.tv\/portada\/wp-json\/wp\/v2\/posts\/70817\/revisions\/70828"}],"wp:featuredmedia":[{"embeddable":true,"href":"https:\/\/www.opinionpublica.tv\/portada\/wp-json\/wp\/v2\/media\/70826"}],"wp:attachment":[{"href":"https:\/\/www.opinionpublica.tv\/portada\/wp-json\/wp\/v2\/media?parent=70817"}],"wp:term":[{"taxonomy":"category","embeddable":true,"href":"https:\/\/www.opinionpublica.tv\/portada\/wp-json\/wp\/v2\/categories?post=70817"},{"taxonomy":"post_tag","embeddable":true,"href":"https:\/\/www.opinionpublica.tv\/portada\/wp-json\/wp\/v2\/tags?post=70817"}],"curies":[{"name":"wp","href":"https:\/\/api.w.org\/{rel}","templated":true}]}}