{"id":70789,"date":"2025-10-23T00:01:00","date_gmt":"2025-10-23T06:01:00","guid":{"rendered":"https:\/\/www.opinionpublica.tv\/portada\/?p=70789"},"modified":"2025-10-22T21:09:29","modified_gmt":"2025-10-23T03:09:29","slug":"inicia-regulacion-comercial-expedicion-de-permisos-para-dia-de-muertos-en-juarez","status":"publish","type":"post","link":"https:\/\/www.opinionpublica.tv\/portada\/inicia-regulacion-comercial-expedicion-de-permisos-para-dia-de-muertos-en-juarez\/","title":{"rendered":"Inicia Regulaci\u00f3n Comercial expedici\u00f3n de permisos para &#8216;D\u00eda de Muertos&#8217; en Ju\u00e1rez"},"content":{"rendered":"\n<figure class=\"wp-block-image size-large\"><img fetchpriority=\"high\" decoding=\"async\" width=\"1024\" height=\"576\" src=\"https:\/\/www.opinionpublica.tv\/portada\/wp-content\/uploads\/2025\/10\/Inicia-Regulacion-Comercial-expedicion-de-permisos-para-Dia-de-Muertos-en-Juarez-1024x576.jpeg\" alt=\"Inicia regulacio\u0301n comercial expedicio\u0301n de permisos para 'di\u0301a de muertos' en jua\u0301rez\" class=\"wp-image-70792\" srcset=\"https:\/\/www.opinionpublica.tv\/portada\/wp-content\/uploads\/2025\/10\/Inicia-Regulacion-Comercial-expedicion-de-permisos-para-Dia-de-Muertos-en-Juarez-1024x576.jpeg 1024w, https:\/\/www.opinionpublica.tv\/portada\/wp-content\/uploads\/2025\/10\/Inicia-Regulacion-Comercial-expedicion-de-permisos-para-Dia-de-Muertos-en-Juarez-300x169.jpeg 300w, https:\/\/www.opinionpublica.tv\/portada\/wp-content\/uploads\/2025\/10\/Inicia-Regulacion-Comercial-expedicion-de-permisos-para-Dia-de-Muertos-en-Juarez-768x432.jpeg 768w, https:\/\/www.opinionpublica.tv\/portada\/wp-content\/uploads\/2025\/10\/Inicia-Regulacion-Comercial-expedicion-de-permisos-para-Dia-de-Muertos-en-Juarez-1536x864.jpeg 1536w, https:\/\/www.opinionpublica.tv\/portada\/wp-content\/uploads\/2025\/10\/Inicia-Regulacion-Comercial-expedicion-de-permisos-para-Dia-de-Muertos-en-Juarez.jpeg 1600w\" sizes=\"(max-width: 1024px) 100vw, 1024px\" \/><\/figure>\n\n\n\n<p class=\"wp-block-paragraph\"><em>Ciudad Ju\u00e1rez, Chih<\/em>.- La Direcci\u00f3n de Regulaci\u00f3n Comercial inici\u00f3 con la expedici\u00f3n de permisos a comerciantes para que oferten sus productos en los panteones, durante la celebraci\u00f3n del D\u00eda de Muertos.<\/p>\n\n\n\n<p class=\"wp-block-paragraph\">El titular de la dependencia, \u00d3scar Guevara, inform\u00f3 que los permisos se comenzaron a expedir desde el pasado lunes 20 y se mantendr\u00e1n hasta el 31 de octubre.<\/p>\n\n\n\n<p class=\"wp-block-paragraph\">El funcionario dijo que los costos de los permisos son por el d\u00eda 2 de noviembre mil 018 pesos y por el 31 de octubre 1 y 2 de noviembre mil 923 pesos; los requisitos son copia de permiso anterior y credencial de elector.<\/p>\n\n\n\n<p class=\"wp-block-paragraph\">Explic\u00f3 que se podr\u00e1 vender art\u00edculos alusivos al D\u00eda de Muertos, arreglos florales, coronas de flores, as\u00ed como comida y bebidas.<\/p>\n\n\n\n<p class=\"wp-block-paragraph\">\u201cLos comerciantes podr\u00e1n ofertar sus productos en los panteones San Rafael, Chave\u00f1a, Colinas, Sue\u00f1os Eternos, Jardines Eternos, Tepeyac, Recinto de la Oraci\u00f3n, Jardines del Recuerdo, Zaragoza y El Sauzal\u201d, inform\u00f3.<\/p>\n\n\n\n<p class=\"wp-block-paragraph\">\u201cLos interesados pueden acudir a las oficinas de la dependencia ubicadas en Mauricio Corredor 467 en la colonia Centro de 8:00 de la ma\u00f1ana a 3:00 de la tarde\u201d, agreg\u00f3.<\/p>\n","protected":false},"excerpt":{"rendered":"<p>Ciudad Ju\u00e1rez, Chih.- La Direcci\u00f3n de Regulaci\u00f3n Comercial inici\u00f3 con la expedici\u00f3n de permisos a comerciantes para que oferten sus productos en los panteones, durante la celebraci\u00f3n del D\u00eda de Muertos. El titular de la dependencia, \u00d3scar Guevara, inform\u00f3 que los permisos se comenzaron a expedir desde el pasado lunes 20 y se mantendr\u00e1n hasta [&hellip;]<\/p>\n","protected":false},"author":6,"featured_media":70792,"comment_status":"closed","ping_status":"closed","sticky":false,"template":"","format":"standard","meta":{"_acf_changed":false,"_monsterinsights_skip_tracking":false,"slim_seo":{"title":"Inicia Regulaci\u00f3n Comercial expedici\u00f3n de permisos para 'D\u00eda de Muertos' en Ju\u00e1rez - Opini\u00f3n P\u00fablica","description":"Ciudad Ju\u00e1rez, Chih .- La Direcci\u00f3n de Regulaci\u00f3n Comercial inici\u00f3 con la expedici\u00f3n de permisos a comerciantes para que oferten sus productos en los panteones,"},"footnotes":""},"categories":[41],"tags":[],"class_list":["post-70789","post","type-post","status-publish","format-standard","has-post-thumbnail","hentry","category-juarez"],"acf":[],"_links":{"self":[{"href":"https:\/\/www.opinionpublica.tv\/portada\/wp-json\/wp\/v2\/posts\/70789","targetHints":{"allow":["GET"]}}],"collection":[{"href":"https:\/\/www.opinionpublica.tv\/portada\/wp-json\/wp\/v2\/posts"}],"about":[{"href":"https:\/\/www.opinionpublica.tv\/portada\/wp-json\/wp\/v2\/types\/post"}],"author":[{"embeddable":true,"href":"https:\/\/www.opinionpublica.tv\/portada\/wp-json\/wp\/v2\/users\/6"}],"replies":[{"embeddable":true,"href":"https:\/\/www.opinionpublica.tv\/portada\/wp-json\/wp\/v2\/comments?post=70789"}],"version-history":[{"count":2,"href":"https:\/\/www.opinionpublica.tv\/portada\/wp-json\/wp\/v2\/posts\/70789\/revisions"}],"predecessor-version":[{"id":70793,"href":"https:\/\/www.opinionpublica.tv\/portada\/wp-json\/wp\/v2\/posts\/70789\/revisions\/70793"}],"wp:featuredmedia":[{"embeddable":true,"href":"https:\/\/www.opinionpublica.tv\/portada\/wp-json\/wp\/v2\/media\/70792"}],"wp:attachment":[{"href":"https:\/\/www.opinionpublica.tv\/portada\/wp-json\/wp\/v2\/media?parent=70789"}],"wp:term":[{"taxonomy":"category","embeddable":true,"href":"https:\/\/www.opinionpublica.tv\/portada\/wp-json\/wp\/v2\/categories?post=70789"},{"taxonomy":"post_tag","embeddable":true,"href":"https:\/\/www.opinionpublica.tv\/portada\/wp-json\/wp\/v2\/tags?post=70789"}],"curies":[{"name":"wp","href":"https:\/\/api.w.org\/{rel}","templated":true}]}}