{"id":70761,"date":"2025-10-23T00:01:00","date_gmt":"2025-10-23T06:01:00","guid":{"rendered":"https:\/\/www.opinionpublica.tv\/portada\/?p=70761"},"modified":"2025-10-22T20:03:25","modified_gmt":"2025-10-23T02:03:25","slug":"como-fue-y-que-se-sabe-del-robo-del-siglo-en-el-louvre","status":"publish","type":"post","link":"https:\/\/www.opinionpublica.tv\/portada\/como-fue-y-que-se-sabe-del-robo-del-siglo-en-el-louvre\/","title":{"rendered":"Video: C\u00f3mo fue y qu\u00e9 se sabe &#8216;del robo del siglo&#8217; en el Louvre | BBC"},"content":{"rendered":"\n<p class=\"wp-block-paragraph\"><a href=\"https:\/\/www.youtube.com\/@BBCMundo\"><\/a><\/p>\n\n\n\n<figure class=\"wp-block-embed is-type-video is-provider-youtube wp-block-embed-youtube wp-embed-aspect-16-9 wp-has-aspect-ratio\"><div class=\"wp-block-embed__wrapper\">\n<iframe title=\"C\u00f3mo fue y qu\u00e9 se sabe \u201cdel robo del siglo\u201d en el Louvre\" width=\"800\" height=\"450\" src=\"https:\/\/www.youtube.com\/embed\/VTGcac8GwfE?feature=oembed\" frameborder=\"0\" allow=\"accelerometer; autoplay; clipboard-write; encrypted-media; gyroscope; picture-in-picture; web-share\" referrerpolicy=\"strict-origin-when-cross-origin\" allowfullscreen><\/iframe>\n<\/div><\/figure>\n\n\n\n<p class=\"wp-block-paragraph\">El robo en el museo del Louvre est\u00e1 siendo catalogado como \u201cel robo del siglo\u201d. En apenas siete minutos, los ladrones entraron al museo, rompieron las vitrinas, se apoderaron de las joyas y escaparon por la ventana.<\/p>\n\n\n\n<p class=\"wp-block-paragraph\">Seg\u00fan la Fiscal\u00eda, las ocho joyas robadas est\u00e1n valoradas en unos 102 millones de d\u00f3lares. Las cr\u00edticas van dirigidas hacia la seguridad del museo y la calidad de las vitrinas.<\/p>\n\n\n\n<p class=\"wp-block-paragraph\">El Louvre sostiene que \u00e9stas se renovaron en 2019, aunque el pasado enero, la directora del museo advirti\u00f3 que el edificio centenario se encontraba en un estado lamentable.<\/p>\n\n\n\n<p class=\"wp-block-paragraph\">En este video, BBC Mundo repasa c\u00f3mo ocurri\u00f3 el robo y qu\u00e9 lo hizo tan espectacular.<\/p>\n\n\n\n<p class=\"wp-block-paragraph\"><em>Cr\u00e9ditos: BBC Mundo<\/em>.<\/p>\n","protected":false},"excerpt":{"rendered":"<p>El robo en el museo del Louvre est\u00e1 siendo catalogado como \u201cel robo del siglo\u201d. En apenas siete minutos, los ladrones entraron al museo, rompieron las vitrinas, se apoderaron de las joyas y escaparon por la ventana. Seg\u00fan la Fiscal\u00eda, las ocho joyas robadas est\u00e1n valoradas en unos 102 millones de d\u00f3lares. Las cr\u00edticas van [&hellip;]<\/p>\n","protected":false},"author":6,"featured_media":70764,"comment_status":"closed","ping_status":"closed","sticky":false,"template":"","format":"standard","meta":{"_acf_changed":false,"_monsterinsights_skip_tracking":false,"slim_seo":{"title":"Video: C\u00f3mo fue y qu\u00e9 se sabe 'del robo del siglo' en el Louvre | BBC - Opini\u00f3n P\u00fablica","description":"https:\/\/youtu.be\/VTGcac8GwfE?si=AKLn9Uk9i3GKEmin El robo en el museo del Louvre est\u00e1 siendo catalogado como \u201cel robo del siglo\u201d. En apenas siete minutos, los la"},"footnotes":""},"categories":[2,13,8],"tags":[],"class_list":["post-70761","post","type-post","status-publish","format-standard","has-post-thumbnail","hentry","category-videos-destacados","category-videos-destacados-contenido","category-videos"],"acf":[],"_links":{"self":[{"href":"https:\/\/www.opinionpublica.tv\/portada\/wp-json\/wp\/v2\/posts\/70761","targetHints":{"allow":["GET"]}}],"collection":[{"href":"https:\/\/www.opinionpublica.tv\/portada\/wp-json\/wp\/v2\/posts"}],"about":[{"href":"https:\/\/www.opinionpublica.tv\/portada\/wp-json\/wp\/v2\/types\/post"}],"author":[{"embeddable":true,"href":"https:\/\/www.opinionpublica.tv\/portada\/wp-json\/wp\/v2\/users\/6"}],"replies":[{"embeddable":true,"href":"https:\/\/www.opinionpublica.tv\/portada\/wp-json\/wp\/v2\/comments?post=70761"}],"version-history":[{"count":2,"href":"https:\/\/www.opinionpublica.tv\/portada\/wp-json\/wp\/v2\/posts\/70761\/revisions"}],"predecessor-version":[{"id":70763,"href":"https:\/\/www.opinionpublica.tv\/portada\/wp-json\/wp\/v2\/posts\/70761\/revisions\/70763"}],"wp:featuredmedia":[{"embeddable":true,"href":"https:\/\/www.opinionpublica.tv\/portada\/wp-json\/wp\/v2\/media\/70764"}],"wp:attachment":[{"href":"https:\/\/www.opinionpublica.tv\/portada\/wp-json\/wp\/v2\/media?parent=70761"}],"wp:term":[{"taxonomy":"category","embeddable":true,"href":"https:\/\/www.opinionpublica.tv\/portada\/wp-json\/wp\/v2\/categories?post=70761"},{"taxonomy":"post_tag","embeddable":true,"href":"https:\/\/www.opinionpublica.tv\/portada\/wp-json\/wp\/v2\/tags?post=70761"}],"curies":[{"name":"wp","href":"https:\/\/api.w.org\/{rel}","templated":true}]}}