{"id":70724,"date":"2025-10-22T00:19:15","date_gmt":"2025-10-22T06:19:15","guid":{"rendered":"https:\/\/www.opinionpublica.tv\/portada\/?p=70724"},"modified":"2025-10-22T00:20:41","modified_gmt":"2025-10-22T06:20:41","slug":"mexico-y-estado-de-arizona-refuerzan-cooperacion-en-comercio-turismo-y-tecnologia","status":"publish","type":"post","link":"https:\/\/www.opinionpublica.tv\/portada\/mexico-y-estado-de-arizona-refuerzan-cooperacion-en-comercio-turismo-y-tecnologia\/","title":{"rendered":"M\u00e9xico y Arizona refuerzan cooperaci\u00f3n en el comercio, el turismo y la tecnolog\u00eda"},"content":{"rendered":"\n<figure class=\"wp-block-image size-large\"><img fetchpriority=\"high\" decoding=\"async\" width=\"1024\" height=\"683\" src=\"https:\/\/www.opinionpublica.tv\/portada\/wp-content\/uploads\/2025\/10\/Mexico-y-Arizona-refuerzan-cooperacion-en-el-comercio-el-turismo-y-la-tecnologia-1024x683.webp\" alt=\"Me\u0301xico y arizona refuerzan cooperacio\u0301n en el comercio, el turismo y la tecnologi\u0301a\" class=\"wp-image-70727\" srcset=\"https:\/\/www.opinionpublica.tv\/portada\/wp-content\/uploads\/2025\/10\/Mexico-y-Arizona-refuerzan-cooperacion-en-el-comercio-el-turismo-y-la-tecnologia-1024x683.webp 1024w, https:\/\/www.opinionpublica.tv\/portada\/wp-content\/uploads\/2025\/10\/Mexico-y-Arizona-refuerzan-cooperacion-en-el-comercio-el-turismo-y-la-tecnologia-300x200.webp 300w, https:\/\/www.opinionpublica.tv\/portada\/wp-content\/uploads\/2025\/10\/Mexico-y-Arizona-refuerzan-cooperacion-en-el-comercio-el-turismo-y-la-tecnologia-768x512.webp 768w, https:\/\/www.opinionpublica.tv\/portada\/wp-content\/uploads\/2025\/10\/Mexico-y-Arizona-refuerzan-cooperacion-en-el-comercio-el-turismo-y-la-tecnologia.webp 1200w\" sizes=\"(max-width: 1024px) 100vw, 1024px\" \/><\/figure>\n\n\n\n<p class=\"wp-block-paragraph\"><em>Ciudad de M\u00e9xico<\/em>. La gobernadora de Arizona, Katie Hobbs, sostuvo este martes una reuni\u00f3n con el canciller Juan Ram\u00f3n de la Fuente en la sede de la Secretar\u00eda de Relaciones Exteriores (SRE), donde ambos coincidieron en la importancia de mantener una relaci\u00f3n cercana entre M\u00e9xico y ese estado del sur de Estados Unidos, sustentada en los lazos econ\u00f3micos, sociales y culturales que los unen.<\/p>\n\n\n\n<p class=\"wp-block-paragraph\">De acuerdo con la informaci\u00f3n difundida por la SRE en la red social X, durante el encuentro se revisaron temas de turismo, sector que ha mostrado un crecimiento sostenido en los \u00faltimos a\u00f1os, as\u00ed como de colaboraci\u00f3n en la industria de los semiconductores, considerada estrat\u00e9gica para el desarrollo tecnol\u00f3gico y la competitividad regional.<\/p>\n\n\n\n<p class=\"wp-block-paragraph\">La Canciller\u00eda inform\u00f3 que se discutieron nuevas iniciativas para fortalecer la innovaci\u00f3n mediante alianzas entre las universidades de Arizona e instituciones mexicanas de investigaci\u00f3n y educaci\u00f3n superior. Estas acciones, se\u00f1al\u00f3, buscan impulsar el intercambio acad\u00e9mico, cient\u00edfico y tecnol\u00f3gico entre ambas partes.<\/p>\n\n\n\n<p class=\"wp-block-paragraph\">La gobernadora Hobbs destac\u00f3 el dinamismo de la relaci\u00f3n bilateral, particularmente en materia comercial y de inversi\u00f3n, mientras que el canciller De la Fuente subray\u00f3 la relevancia de la cooperaci\u00f3n con Arizona, que alberga una amplia comunidad mexicana y desempe\u00f1a un papel clave en la integraci\u00f3n econ\u00f3mica de Am\u00e9rica del Norte.<\/p>\n\n\n\n<p class=\"wp-block-paragraph\">En la reuni\u00f3n participaron tambi\u00e9n el c\u00f3nsul general de M\u00e9xico en Phoenix, Jorge Yescas, y Natalia Figueroa, de la Direcci\u00f3n General de Estrategia Diplom\u00e1tica para Am\u00e9rica del Norte. Por parte del gobierno de Arizona asistieron Chad Campbell, jefe de Gabinete de la gobernadora, y Billy Kovacs, director de Asuntos Federales. (La Jornada)<\/p>\n","protected":false},"excerpt":{"rendered":"<p>Ciudad de M\u00e9xico. La gobernadora de Arizona, Katie Hobbs, sostuvo este martes una reuni\u00f3n con el canciller Juan Ram\u00f3n de la Fuente en la sede de la Secretar\u00eda de Relaciones Exteriores (SRE), donde ambos coincidieron en la importancia de mantener una relaci\u00f3n cercana entre M\u00e9xico y ese estado del sur de Estados Unidos, sustentada en [&hellip;]<\/p>\n","protected":false},"author":6,"featured_media":70727,"comment_status":"closed","ping_status":"closed","sticky":false,"template":"","format":"standard","meta":{"_acf_changed":false,"_monsterinsights_skip_tracking":false,"slim_seo":{"title":"M\u00e9xico y Arizona refuerzan cooperaci\u00f3n en el comercio, el turismo y la tecnolog\u00eda - Opini\u00f3n P\u00fablica","description":"Ciudad de M\u00e9xico . La gobernadora de Arizona, Katie Hobbs, sostuvo este martes una reuni\u00f3n con el canciller Juan Ram\u00f3n de la Fuente en la sede de la Secretar\u00eda"},"footnotes":""},"categories":[4],"tags":[],"class_list":["post-70724","post","type-post","status-publish","format-standard","has-post-thumbnail","hentry","category-pulsopolitico"],"acf":[],"_links":{"self":[{"href":"https:\/\/www.opinionpublica.tv\/portada\/wp-json\/wp\/v2\/posts\/70724","targetHints":{"allow":["GET"]}}],"collection":[{"href":"https:\/\/www.opinionpublica.tv\/portada\/wp-json\/wp\/v2\/posts"}],"about":[{"href":"https:\/\/www.opinionpublica.tv\/portada\/wp-json\/wp\/v2\/types\/post"}],"author":[{"embeddable":true,"href":"https:\/\/www.opinionpublica.tv\/portada\/wp-json\/wp\/v2\/users\/6"}],"replies":[{"embeddable":true,"href":"https:\/\/www.opinionpublica.tv\/portada\/wp-json\/wp\/v2\/comments?post=70724"}],"version-history":[{"count":3,"href":"https:\/\/www.opinionpublica.tv\/portada\/wp-json\/wp\/v2\/posts\/70724\/revisions"}],"predecessor-version":[{"id":70728,"href":"https:\/\/www.opinionpublica.tv\/portada\/wp-json\/wp\/v2\/posts\/70724\/revisions\/70728"}],"wp:featuredmedia":[{"embeddable":true,"href":"https:\/\/www.opinionpublica.tv\/portada\/wp-json\/wp\/v2\/media\/70727"}],"wp:attachment":[{"href":"https:\/\/www.opinionpublica.tv\/portada\/wp-json\/wp\/v2\/media?parent=70724"}],"wp:term":[{"taxonomy":"category","embeddable":true,"href":"https:\/\/www.opinionpublica.tv\/portada\/wp-json\/wp\/v2\/categories?post=70724"},{"taxonomy":"post_tag","embeddable":true,"href":"https:\/\/www.opinionpublica.tv\/portada\/wp-json\/wp\/v2\/tags?post=70724"}],"curies":[{"name":"wp","href":"https:\/\/api.w.org\/{rel}","templated":true}]}}