{"id":70718,"date":"2025-10-22T00:14:34","date_gmt":"2025-10-22T06:14:34","guid":{"rendered":"https:\/\/www.opinionpublica.tv\/portada\/?p=70718"},"modified":"2025-10-22T00:15:39","modified_gmt":"2025-10-22T06:15:39","slug":"sheinbaum-se-reune-con-ceo-de-mazda-hablan-sobre-inversiones-y-el-plan-mexico","status":"publish","type":"post","link":"https:\/\/www.opinionpublica.tv\/portada\/sheinbaum-se-reune-con-ceo-de-mazda-hablan-sobre-inversiones-y-el-plan-mexico\/","title":{"rendered":"Sheinbaum se re\u00fane con CEO de Mazda; hablan sobre m\u00e1s inversiones y el Plan M\u00e9xico"},"content":{"rendered":"\n<figure class=\"wp-block-image size-full\"><img fetchpriority=\"high\" decoding=\"async\" width=\"1006\" height=\"620\" src=\"https:\/\/www.opinionpublica.tv\/portada\/wp-content\/uploads\/2025\/10\/Sheinbaum-se-reune-con-CEO-de-Mazda-hablan-sobre-mas-inversiones-y-el-Plan-Mexico.avif\" alt=\"Sheinbaum se reu\u0301ne con ceo de mazda; hablan sobre ma\u0301s inversiones y el plan me\u0301xico\" class=\"wp-image-70722\" srcset=\"https:\/\/www.opinionpublica.tv\/portada\/wp-content\/uploads\/2025\/10\/Sheinbaum-se-reune-con-CEO-de-Mazda-hablan-sobre-mas-inversiones-y-el-Plan-Mexico.avif 1006w, https:\/\/www.opinionpublica.tv\/portada\/wp-content\/uploads\/2025\/10\/Sheinbaum-se-reune-con-CEO-de-Mazda-hablan-sobre-mas-inversiones-y-el-Plan-Mexico-300x185.avif 300w, https:\/\/www.opinionpublica.tv\/portada\/wp-content\/uploads\/2025\/10\/Sheinbaum-se-reune-con-CEO-de-Mazda-hablan-sobre-mas-inversiones-y-el-Plan-Mexico-768x473.avif 768w\" sizes=\"(max-width: 1006px) 100vw, 1006px\" \/><\/figure>\n\n\n\n<p class=\"wp-block-paragraph\"><em>Ciudad de M\u00e9xico<\/em>.- La presidenta Claudia Sheinbaum Pardo inform\u00f3 que sostuvo una reuni\u00f3n con el director ejecutivo mundial de Mazda Motor Corporation, Masahiro Moro, con quien abord\u00f3 temas relacionados con las inversiones de la empresa automotriz en M\u00e9xico y el Plan M\u00e9xico.<\/p>\n\n\n\n<p class=\"wp-block-paragraph\">A trav\u00e9s de sus redes sociales, la Mandataria detall\u00f3 que el encuentro se llev\u00f3 a cabo en Palacio Nacional, donde tambi\u00e9n participaron integrantes del equipo directivo de la compa\u00f1\u00eda japonesa.<\/p>\n\n\n\n<p class=\"wp-block-paragraph\">\u201cEn Palacio Nacional recibimos al director ejecutivo mundial de Mazda Motor Corporation, Masahiro Moro y su equipo; hablamos de inversiones en nuestro pa\u00eds y del Plan M\u00e9xico. La econom\u00eda est\u00e1 fuerte\u201d, escribi\u00f3 la presidenta.<\/p>\n\n\n\n<p class=\"wp-block-paragraph\">Cabe recordar que, en el Plan M\u00e9xico se se\u00f1ala que, en el sector automotriz y de electromovilidad, se prev\u00e9 un incremento de 10 % en la producci\u00f3n de veh\u00edculos para consumo nacional y aumentar al 15 % el contenido nacional de veh\u00edculos de fabricaci\u00f3n mexicana hacia 2030.<\/p>\n\n\n\n<p class=\"wp-block-paragraph\">El secretario de Econom\u00eda, Marcelo Ebrard, asegur\u00f3 que en la revisi\u00f3n del T-MEC con Estados Unidos y Canad\u00e1, \u201cM\u00e9xico tendr\u00e1 un mejor acuerdo comercial\u201d esto a que se cumplan los 90 d\u00edas de pr\u00f3rroga para la imposici\u00f3n de aranceles, entre ellos al sector automotriz.<\/p>\n\n\n\n<p class=\"wp-block-paragraph\"><strong>De la Fuente destaca Plan M\u00e9xico con embajador de Jap\u00f3n<\/strong><\/p>\n\n\n\n<p class=\"wp-block-paragraph\">El canciller Juan Ram\u00f3n de la Fuente sostuvo un encuentro este martes 21 de octubre con el embajador de Jap\u00f3n en M\u00e9xico, Kozo Honsei, a quien transmiti\u00f3 una felicitaci\u00f3n al nuevo ministro de Asuntos Exteriores de ese pa\u00eds, Toshimitsu Motegi.<\/p>\n\n\n\n<p class=\"wp-block-paragraph\">La Secretar\u00eda de Relaciones Exteriores (SRE) indic\u00f3 que M\u00e9xico y Jap\u00f3n comparten \u00abuna historia de solidaridad ante las adversidades que los identifica como pa\u00edses amigos\u00bb.<\/p>\n\n\n\n<p class=\"wp-block-paragraph\">\u00abEl Plan M\u00e9xico ofrece nuevas oportunidades de inversi\u00f3n en \u00e1reas estrat\u00e9gicas y representa una oportunidad para fortalecer las relaciones econ\u00f3micas\u00bb, destac\u00f3 la SRE.<\/p>\n\n\n\n<p class=\"wp-block-paragraph\">De la Fuente y Honsei recordaron que la relaci\u00f3n entre ambos pa\u00edses es la m\u00e1s antigua de M\u00e9xico con la regi\u00f3n de Asia-Pac\u00edfico.<\/p>\n\n\n\n<p class=\"wp-block-paragraph\">A\u00f1adi\u00f3 que Jap\u00f3n es el segundo socio m\u00e1s importante para M\u00e9xico en materia de cooperaci\u00f3n para el desarrollo, y que la relaci\u00f3n entre la agencia japonesa de cooperaci\u00f3n JICA y la Agencia Mexicana de Cooperaci\u00f3n Internacional para el Desarrollo se ha convertido en un espacio fundamental para el intercambio de conocimientos y experiencias.<\/p>\n\n\n\n<p class=\"wp-block-paragraph\">\u00abM\u00e9xico y Jap\u00f3n comparten tambi\u00e9n posiciones en temas como el mantenimiento de la paz, el desarme y la no proliferaci\u00f3n de armas nucleares, y el cambio clim\u00e1tico, entre otros\u00bb, dijo la Canciller\u00eda. (El Universal)<\/p>\n","protected":false},"excerpt":{"rendered":"<p>Ciudad de M\u00e9xico.- La presidenta Claudia Sheinbaum Pardo inform\u00f3 que sostuvo una reuni\u00f3n con el director ejecutivo mundial de Mazda Motor Corporation, Masahiro Moro, con quien abord\u00f3 temas relacionados con las inversiones de la empresa automotriz en M\u00e9xico y el Plan M\u00e9xico. A trav\u00e9s de sus redes sociales, la Mandataria detall\u00f3 que el encuentro se [&hellip;]<\/p>\n","protected":false},"author":6,"featured_media":70722,"comment_status":"closed","ping_status":"closed","sticky":false,"template":"","format":"standard","meta":{"_acf_changed":false,"_monsterinsights_skip_tracking":false,"slim_seo":{"title":"Sheinbaum se re\u00fane con CEO de Mazda; hablan sobre m\u00e1s inversiones y el Plan M\u00e9xico - Opini\u00f3n P\u00fablica","description":"Ciudad de M\u00e9xico .- La presidenta Claudia Sheinbaum Pardo inform\u00f3 que sostuvo una reuni\u00f3n con el director ejecutivo mundial de Mazda Motor Corporation, Masahiro"},"footnotes":""},"categories":[4],"tags":[],"class_list":["post-70718","post","type-post","status-publish","format-standard","has-post-thumbnail","hentry","category-pulsopolitico"],"acf":[],"_links":{"self":[{"href":"https:\/\/www.opinionpublica.tv\/portada\/wp-json\/wp\/v2\/posts\/70718","targetHints":{"allow":["GET"]}}],"collection":[{"href":"https:\/\/www.opinionpublica.tv\/portada\/wp-json\/wp\/v2\/posts"}],"about":[{"href":"https:\/\/www.opinionpublica.tv\/portada\/wp-json\/wp\/v2\/types\/post"}],"author":[{"embeddable":true,"href":"https:\/\/www.opinionpublica.tv\/portada\/wp-json\/wp\/v2\/users\/6"}],"replies":[{"embeddable":true,"href":"https:\/\/www.opinionpublica.tv\/portada\/wp-json\/wp\/v2\/comments?post=70718"}],"version-history":[{"count":3,"href":"https:\/\/www.opinionpublica.tv\/portada\/wp-json\/wp\/v2\/posts\/70718\/revisions"}],"predecessor-version":[{"id":70723,"href":"https:\/\/www.opinionpublica.tv\/portada\/wp-json\/wp\/v2\/posts\/70718\/revisions\/70723"}],"wp:featuredmedia":[{"embeddable":true,"href":"https:\/\/www.opinionpublica.tv\/portada\/wp-json\/wp\/v2\/media\/70722"}],"wp:attachment":[{"href":"https:\/\/www.opinionpublica.tv\/portada\/wp-json\/wp\/v2\/media?parent=70718"}],"wp:term":[{"taxonomy":"category","embeddable":true,"href":"https:\/\/www.opinionpublica.tv\/portada\/wp-json\/wp\/v2\/categories?post=70718"},{"taxonomy":"post_tag","embeddable":true,"href":"https:\/\/www.opinionpublica.tv\/portada\/wp-json\/wp\/v2\/tags?post=70718"}],"curies":[{"name":"wp","href":"https:\/\/api.w.org\/{rel}","templated":true}]}}