{"id":70692,"date":"2025-10-22T00:01:00","date_gmt":"2025-10-22T06:01:00","guid":{"rendered":"https:\/\/www.opinionpublica.tv\/portada\/?p=70692"},"modified":"2025-10-21T23:15:38","modified_gmt":"2025-10-22T05:15:38","slug":"operacion-cortafuegos","status":"publish","type":"post","link":"https:\/\/www.opinionpublica.tv\/portada\/operacion-cortafuegos\/","title":{"rendered":"Operaci\u00f3n cortafuegos"},"content":{"rendered":"\n<p class=\"wp-block-paragraph\">Ra\u00fal Ruiz<\/p>\n\n\n\n<p class=\"wp-block-paragraph\">__________________________<\/p>\n\n\n\n<p class=\"wp-block-paragraph\">La Operaci\u00f3n Cortafuegos (tambi\u00e9n llamada Misi\u00f3n Cortafuegos) es una iniciativa conjunta entre M\u00e9xico y Estados Unidos lanzada en septiembre de 2025 para combatir el tr\u00e1fico de armas que alimenta a los c\u00e1rteles y grupos criminales en territorio mexicano.<\/p>\n\n\n\n<p class=\"wp-block-paragraph\">Aqu\u00ed les comparto los puntos clave:<\/p>\n\n\n\n<p class=\"wp-block-paragraph\">\u00bfQu\u00e9 es la Operaci\u00f3n Cortafuegos?<\/p>\n\n\n\n<p class=\"wp-block-paragraph\">&#8211; Es un acuerdo hist\u00f3rico de cooperaci\u00f3n bilateral para frenar el flujo de armas desde EE.UU. hacia M\u00e9xico.<\/p>\n\n\n\n<p class=\"wp-block-paragraph\">&#8211; Implica inspecciones conjuntas, intercambio de informaci\u00f3n en tiempo real y ampliaci\u00f3n de investigaciones sobre redes de tr\u00e1fico.<\/p>\n\n\n\n<p class=\"wp-block-paragraph\">Componentes tecnol\u00f3gicos y operativos<\/p>\n\n\n\n<p class=\"wp-block-paragraph\">&#8211; Se extiende el uso de la plataforma eTrace, que permite rastrear armas recuperadas en escenas del crimen hasta su origen en EU.<\/p>\n\n\n\n<p class=\"wp-block-paragraph\">&#8211; Se incorpora tecnolog\u00eda de im\u00e1genes bal\u00edsticas para mejorar la trazabilidad de armas ilegales.<\/p>\n\n\n\n<p class=\"wp-block-paragraph\">&#8211; Estados Unidos se compromete a intensificar las inspecciones fronterizas y reforzar el combate al tr\u00e1fico en su propio territorio.<\/p>\n\n\n\n<p class=\"wp-block-paragraph\">Reacciones pol\u00edticas.<\/p>\n\n\n\n<p class=\"wp-block-paragraph\">&#8211; La presidenta Claudia Sheinbaum destac\u00f3 que esta operaci\u00f3n representa una visi\u00f3n distinta de colaboraci\u00f3n, donde EE.UU. asume mayor responsabilidad en el control de armas que terminan en manos de grupos criminales mexicanos.<\/p>\n\n\n\n<p class=\"wp-block-paragraph\">&#8211; El acuerdo fue alcanzado tras la visita de Marco Rubio, secretario de Estado estadounidense, lo que subraya el nivel diplom\u00e1tico del compromiso.<\/p>\n\n\n\n<p class=\"wp-block-paragraph\">\u00bfAhora s\u00ed con cerillos nuevos?<\/p>\n\n\n\n<p class=\"wp-block-paragraph\">Dicen que cuando el vecino del norte se pone serio, hasta los c\u00e1rteles tiemblan\u2026 o al menos eso nos quieren hacer creer con la flamante Operaci\u00f3n Cortafuegos, esa cruzada binacional que promete apagar el incendio del tr\u00e1fico de armas con tecnolog\u00eda, diplomacia y, por supuesto, buena voluntad.<\/p>\n\n\n\n<p class=\"wp-block-paragraph\">\u00bfSuena familiar? Claro que s\u00ed: es como escuchar el eco de una pel\u00edcula que ya vimos, pero esta vez con efectos especiales m\u00e1s caros y un elenco renovado.<\/p>\n\n\n\n<p class=\"wp-block-paragraph\">Porque si algo nos ense\u00f1\u00f3 la inolvidable Operaci\u00f3n R\u00e1pido y Furioso \u2014ese thriller diplom\u00e1tico donde las armas cruzaban la frontera con m\u00e1s libertad que los turistas en Semana Santa\u2014 es que no basta con tener buenas intenciones.<\/p>\n\n\n\n<p class=\"wp-block-paragraph\">Hay que saber d\u00f3nde apuntar el extinguidor\u2026 y no dejarlo en manos del pir\u00f3mano.<\/p>\n\n\n\n<p class=\"wp-block-paragraph\">Ahora, con Cortafuegos, nos prometen inspecciones conjuntas, intercambio de informaci\u00f3n en tiempo real y hasta im\u00e1genes bal\u00edsticas que rastrean armas como si fueran influencers en Instagram.<\/p>\n\n\n\n<p class=\"wp-block-paragraph\">\u00a1Qu\u00e9 maravilla! La eTrace se convierte en el GPS del crimen, y Estados Unidos jura que esta vez s\u00ed va a revisar sus maletas antes de que las balas lleguen a nuestras banquetas.<\/p>\n\n\n\n<p class=\"wp-block-paragraph\">La presidenta Sheinbaum, con tono de quien ha le\u00eddo el guion completo, celebra que por fin hay corresponsabilidad.<\/p>\n\n\n\n<p class=\"wp-block-paragraph\">Y Marco Rubio, secretario de Estado y actor invitado en esta saga, vino a sellar el pacto con sonrisa diplom\u00e1tica y promesa de que esta vez no se les va a escapar el plot twist.<\/p>\n\n\n\n<p class=\"wp-block-paragraph\">Pero, queridos lectores, no olvidemos que el fuego m\u00e1s peligroso no siempre viene de las armas, sino de la memoria corta.<\/p>\n\n\n\n<p class=\"wp-block-paragraph\">Que no nos vendan Cortafuegos como si fuera la primera vez que se intenta apagar el infierno con gasolina.<\/p>\n\n\n\n<p class=\"wp-block-paragraph\">Que no se repita el error de R\u00e1pido y Furioso, donde el operativo termin\u00f3 siendo m\u00e1s furioso que r\u00e1pido\u2026 y m\u00e1s vergonzoso que operativo.<\/p>\n\n\n\n<p class=\"wp-block-paragraph\">As\u00ed que, mientras los drones vigilan, los algoritmos rastrean y los discursos se multiplican, nosotros seguiremos atentos.<\/p>\n\n\n\n<p class=\"wp-block-paragraph\">Porque si algo sabemos en Ju\u00e1rez \u2014epicentro de la tragicomedia armada\u2014 es que los fuegos se apagan con estrategia, no con espect\u00e1culo.<\/p>\n\n\n\n<p class=\"wp-block-paragraph\">Y si no, que alguien le pase un extintor a la historia.<\/p>\n","protected":false},"excerpt":{"rendered":"<p>Ra\u00fal Ruiz __________________________ La Operaci\u00f3n Cortafuegos (tambi\u00e9n llamada Misi\u00f3n Cortafuegos) es una iniciativa conjunta entre M\u00e9xico y Estados Unidos lanzada en septiembre de 2025 para combatir el tr\u00e1fico de armas que alimenta a los c\u00e1rteles y grupos criminales en territorio mexicano. Aqu\u00ed les comparto los puntos clave: \u00bfQu\u00e9 es la Operaci\u00f3n Cortafuegos? &#8211; Es un [&hellip;]<\/p>\n","protected":false},"author":6,"featured_media":43347,"comment_status":"closed","ping_status":"closed","sticky":false,"template":"","format":"standard","meta":{"_acf_changed":false,"_monsterinsights_skip_tracking":false,"slim_seo":{"title":"Operaci\u00f3n cortafuegos - Opini\u00f3n P\u00fablica","description":"Ra\u00fal Ruiz __________________________ La Operaci\u00f3n Cortafuegos (tambi\u00e9n llamada Misi\u00f3n Cortafuegos) es una iniciativa conjunta entre M\u00e9xico y Estados Unidos lanz"},"footnotes":""},"categories":[21],"tags":[593],"class_list":["post-70692","post","type-post","status-publish","format-standard","has-post-thumbnail","hentry","category-cartapacio","tag-cartapacio"],"acf":[],"_links":{"self":[{"href":"https:\/\/www.opinionpublica.tv\/portada\/wp-json\/wp\/v2\/posts\/70692","targetHints":{"allow":["GET"]}}],"collection":[{"href":"https:\/\/www.opinionpublica.tv\/portada\/wp-json\/wp\/v2\/posts"}],"about":[{"href":"https:\/\/www.opinionpublica.tv\/portada\/wp-json\/wp\/v2\/types\/post"}],"author":[{"embeddable":true,"href":"https:\/\/www.opinionpublica.tv\/portada\/wp-json\/wp\/v2\/users\/6"}],"replies":[{"embeddable":true,"href":"https:\/\/www.opinionpublica.tv\/portada\/wp-json\/wp\/v2\/comments?post=70692"}],"version-history":[{"count":2,"href":"https:\/\/www.opinionpublica.tv\/portada\/wp-json\/wp\/v2\/posts\/70692\/revisions"}],"predecessor-version":[{"id":70695,"href":"https:\/\/www.opinionpublica.tv\/portada\/wp-json\/wp\/v2\/posts\/70692\/revisions\/70695"}],"wp:featuredmedia":[{"embeddable":true,"href":"https:\/\/www.opinionpublica.tv\/portada\/wp-json\/wp\/v2\/media\/43347"}],"wp:attachment":[{"href":"https:\/\/www.opinionpublica.tv\/portada\/wp-json\/wp\/v2\/media?parent=70692"}],"wp:term":[{"taxonomy":"category","embeddable":true,"href":"https:\/\/www.opinionpublica.tv\/portada\/wp-json\/wp\/v2\/categories?post=70692"},{"taxonomy":"post_tag","embeddable":true,"href":"https:\/\/www.opinionpublica.tv\/portada\/wp-json\/wp\/v2\/tags?post=70692"}],"curies":[{"name":"wp","href":"https:\/\/api.w.org\/{rel}","templated":true}]}}