{"id":70678,"date":"2025-10-21T00:01:00","date_gmt":"2025-10-21T06:01:00","guid":{"rendered":"https:\/\/www.opinionpublica.tv\/portada\/?p=70678"},"modified":"2025-10-20T23:44:48","modified_gmt":"2025-10-21T05:44:48","slug":"anuncia-perez-cuellar-fondo-de-100-millones-de-pesos-para-mejorar-escuelas-primarias","status":"publish","type":"post","link":"https:\/\/www.opinionpublica.tv\/portada\/anuncia-perez-cuellar-fondo-de-100-millones-de-pesos-para-mejorar-escuelas-primarias\/","title":{"rendered":"Anuncia P\u00e9rez Cu\u00e9llar fondo de 100 millones de pesos para mejorar escuelas primarias"},"content":{"rendered":"\n<figure class=\"wp-block-image size-large\"><img fetchpriority=\"high\" decoding=\"async\" width=\"1024\" height=\"682\" src=\"https:\/\/www.opinionpublica.tv\/portada\/wp-content\/uploads\/2025\/10\/Anuncia-Perez-Cuellar-fondo-de-100-millones-de-pesos-para-mejorar-escuelas-primarias-1024x682.jpeg\" alt=\"Anuncia pe\u0301rez cue\u0301llar fondo de 100 millones de pesos para mejorar escuelas primarias\" class=\"wp-image-70681\" srcset=\"https:\/\/www.opinionpublica.tv\/portada\/wp-content\/uploads\/2025\/10\/Anuncia-Perez-Cuellar-fondo-de-100-millones-de-pesos-para-mejorar-escuelas-primarias-1024x682.jpeg 1024w, https:\/\/www.opinionpublica.tv\/portada\/wp-content\/uploads\/2025\/10\/Anuncia-Perez-Cuellar-fondo-de-100-millones-de-pesos-para-mejorar-escuelas-primarias-300x200.jpeg 300w, https:\/\/www.opinionpublica.tv\/portada\/wp-content\/uploads\/2025\/10\/Anuncia-Perez-Cuellar-fondo-de-100-millones-de-pesos-para-mejorar-escuelas-primarias-768x512.jpeg 768w, https:\/\/www.opinionpublica.tv\/portada\/wp-content\/uploads\/2025\/10\/Anuncia-Perez-Cuellar-fondo-de-100-millones-de-pesos-para-mejorar-escuelas-primarias-1536x1023.jpeg 1536w, https:\/\/www.opinionpublica.tv\/portada\/wp-content\/uploads\/2025\/10\/Anuncia-Perez-Cuellar-fondo-de-100-millones-de-pesos-para-mejorar-escuelas-primarias.jpeg 1600w\" sizes=\"(max-width: 1024px) 100vw, 1024px\" \/><\/figure>\n\n\n\n<p class=\"wp-block-paragraph\"><em>Ciudad Ju\u00e1rez, Chih<\/em>.- El presidente municipal, Cruz P\u00e9rez Cu\u00e9llar, inform\u00f3 que el pr\u00f3ximo a\u00f1o 2026 se destinar\u00e1 un fondo de 100 millones de pesos para el mantenimiento y mejora de escuelas primarias, recurso que se ejercer\u00e1 a trav\u00e9s del programa del Presupuesto Participativo.<\/p>\n\n\n\n<p class=\"wp-block-paragraph\">Durante la conferencia de prensa semanal, el alcalde destac\u00f3 que este apoyo busca fortalecer la infraestructura educativa y atender las necesidades m\u00e1s urgentes de los planteles.<\/p>\n\n\n\n<p class=\"wp-block-paragraph\">Explic\u00f3 que algunas de las obras ganadoras del Presupuesto Participativo se incluir\u00e1n en el presupuesto del 2026, con el prop\u00f3sito de garantizar recursos suficientes para su ejecuci\u00f3n.<\/p>\n\n\n\n<p class=\"wp-block-paragraph\">P\u00e9rez Cu\u00e9llar subray\u00f3 que el trabajo del Presupuesto Participativo es permanente en Ciudad Ju\u00e1rez y que actualmente contin\u00faan las entregas de obras correspondientes al ejercicio 2024.<\/p>\n\n\n\n<p class=\"wp-block-paragraph\">En otro tema, inform\u00f3 que las labores de bacheo se realizan tanto de d\u00eda como de noche para acelerar los avances, mientras que las obras del Parque Suroriente mantienen su desarrollo conforme a lo programado.<\/p>\n\n\n\n<p class=\"wp-block-paragraph\">De acuerdo con el informe de la Direcci\u00f3n General de Obras P\u00fablicas, desde la \u00faltima semana de septiembre se han cubierto cerca de 5 mil baches en distintos puntos de la ciudad.<\/p>\n","protected":false},"excerpt":{"rendered":"<p>Ciudad Ju\u00e1rez, Chih.- El presidente municipal, Cruz P\u00e9rez Cu\u00e9llar, inform\u00f3 que el pr\u00f3ximo a\u00f1o 2026 se destinar\u00e1 un fondo de 100 millones de pesos para el mantenimiento y mejora de escuelas primarias, recurso que se ejercer\u00e1 a trav\u00e9s del programa del Presupuesto Participativo. Durante la conferencia de prensa semanal, el alcalde destac\u00f3 que este apoyo [&hellip;]<\/p>\n","protected":false},"author":6,"featured_media":70681,"comment_status":"closed","ping_status":"closed","sticky":false,"template":"","format":"standard","meta":{"_acf_changed":false,"_monsterinsights_skip_tracking":false,"slim_seo":{"title":"Anuncia P\u00e9rez Cu\u00e9llar fondo de 100 millones de pesos para mejorar escuelas primarias - Opini\u00f3n P\u00fablica","description":"Ciudad Ju\u00e1rez, Chih .- El presidente municipal, Cruz P\u00e9rez Cu\u00e9llar, inform\u00f3 que el pr\u00f3ximo a\u00f1o 2026 se destinar\u00e1 un fondo de 100 millones de pesos para el mante"},"footnotes":""},"categories":[41],"tags":[],"class_list":["post-70678","post","type-post","status-publish","format-standard","has-post-thumbnail","hentry","category-juarez"],"acf":[],"_links":{"self":[{"href":"https:\/\/www.opinionpublica.tv\/portada\/wp-json\/wp\/v2\/posts\/70678","targetHints":{"allow":["GET"]}}],"collection":[{"href":"https:\/\/www.opinionpublica.tv\/portada\/wp-json\/wp\/v2\/posts"}],"about":[{"href":"https:\/\/www.opinionpublica.tv\/portada\/wp-json\/wp\/v2\/types\/post"}],"author":[{"embeddable":true,"href":"https:\/\/www.opinionpublica.tv\/portada\/wp-json\/wp\/v2\/users\/6"}],"replies":[{"embeddable":true,"href":"https:\/\/www.opinionpublica.tv\/portada\/wp-json\/wp\/v2\/comments?post=70678"}],"version-history":[{"count":2,"href":"https:\/\/www.opinionpublica.tv\/portada\/wp-json\/wp\/v2\/posts\/70678\/revisions"}],"predecessor-version":[{"id":70682,"href":"https:\/\/www.opinionpublica.tv\/portada\/wp-json\/wp\/v2\/posts\/70678\/revisions\/70682"}],"wp:featuredmedia":[{"embeddable":true,"href":"https:\/\/www.opinionpublica.tv\/portada\/wp-json\/wp\/v2\/media\/70681"}],"wp:attachment":[{"href":"https:\/\/www.opinionpublica.tv\/portada\/wp-json\/wp\/v2\/media?parent=70678"}],"wp:term":[{"taxonomy":"category","embeddable":true,"href":"https:\/\/www.opinionpublica.tv\/portada\/wp-json\/wp\/v2\/categories?post=70678"},{"taxonomy":"post_tag","embeddable":true,"href":"https:\/\/www.opinionpublica.tv\/portada\/wp-json\/wp\/v2\/tags?post=70678"}],"curies":[{"name":"wp","href":"https:\/\/api.w.org\/{rel}","templated":true}]}}