{"id":70673,"date":"2025-10-21T00:01:00","date_gmt":"2025-10-21T06:01:00","guid":{"rendered":"https:\/\/www.opinionpublica.tv\/portada\/?p=70673"},"modified":"2025-10-20T23:38:16","modified_gmt":"2025-10-21T05:38:16","slug":"frentes-frios-8-y-9-provocaran-descenso-de-temperatura-en-la-sierra-tarahumara","status":"publish","type":"post","link":"https:\/\/www.opinionpublica.tv\/portada\/frentes-frios-8-y-9-provocaran-descenso-de-temperatura-en-la-sierra-tarahumara\/","title":{"rendered":"Frentes fr\u00edos 8 y 9 provocar\u00e1n descenso de temperatura en la Sierra Tarahumara"},"content":{"rendered":"\n<figure class=\"wp-block-image size-large\"><img fetchpriority=\"high\" decoding=\"async\" width=\"1024\" height=\"497\" src=\"https:\/\/www.opinionpublica.tv\/portada\/wp-content\/uploads\/2025\/10\/Frentes-frios-8-y-9-provocaran-descenso-de-temperatura-en-la-Sierra-Tarahumara-1024x497.jpeg\" alt=\"Frentes fri\u0301os 8 y 9 provocara\u0301n descenso de temperatura en la sierra tarahumara\" class=\"wp-image-70676\" srcset=\"https:\/\/www.opinionpublica.tv\/portada\/wp-content\/uploads\/2025\/10\/Frentes-frios-8-y-9-provocaran-descenso-de-temperatura-en-la-Sierra-Tarahumara-1024x497.jpeg 1024w, https:\/\/www.opinionpublica.tv\/portada\/wp-content\/uploads\/2025\/10\/Frentes-frios-8-y-9-provocaran-descenso-de-temperatura-en-la-Sierra-Tarahumara-300x146.jpeg 300w, https:\/\/www.opinionpublica.tv\/portada\/wp-content\/uploads\/2025\/10\/Frentes-frios-8-y-9-provocaran-descenso-de-temperatura-en-la-Sierra-Tarahumara-768x373.jpeg 768w, https:\/\/www.opinionpublica.tv\/portada\/wp-content\/uploads\/2025\/10\/Frentes-frios-8-y-9-provocaran-descenso-de-temperatura-en-la-Sierra-Tarahumara-1536x746.jpeg 1536w, https:\/\/www.opinionpublica.tv\/portada\/wp-content\/uploads\/2025\/10\/Frentes-frios-8-y-9-provocaran-descenso-de-temperatura-en-la-Sierra-Tarahumara.jpeg 1600w\" sizes=\"(max-width: 1024px) 100vw, 1024px\" \/><\/figure>\n\n\n\n<p class=\"wp-block-paragraph\"><em>Chihuahua, Chih<\/em>.- La Coordinaci\u00f3n Estatal de Protecci\u00f3n Civil (CEPC) inform\u00f3 que la masa de aire que impulsa al frente fr\u00edo n\u00famero 8 y la entrada del n\u00famero 9 este martes, favorecer\u00e1n ambiente fresco por la ma\u00f1ana, caluroso por la tarde, y temperaturas muy fr\u00edas en la Sierra Tarahumara.<\/p>\n\n\n\n<p class=\"wp-block-paragraph\">Debido a ambos fen\u00f3menos, se prev\u00e9n vientos de 35 kil\u00f3metros por hora (km\/h) en casi todo el estado, y lluvias aisladas en las regiones suroeste y sur.<\/p>\n\n\n\n<p class=\"wp-block-paragraph\">Las temperaturas m\u00e1ximas en grados cent\u00edgrados (\u00b0C) son: Chihuahua 33, Ju\u00e1rez 30, Janos 29, Madera 25\/8, Tem\u00f3sachic 27, Cuauht\u00e9moc 28 y Ojinaga 36.<\/p>\n\n\n\n<p class=\"wp-block-paragraph\">Tambi\u00e9n se esperan vientos que pueden superar los 35 km\/h en las zonas norte y sureste, as\u00ed como aisladas en la zona suroeste.<\/p>\n\n\n\n<p class=\"wp-block-paragraph\">Las temperaturas esperadas son: Chihuahua 30\/16, Ju\u00e1rez 27\/15, Janos 28\/11, Madera 26\/7, Tem\u00f3sachic 28\/6, Cuauht\u00e9moc 26\/11, Ojinaga 32\/17, Delicias 33\/15, Camargo 33\/16, Jim\u00e9nez 33\/17, Parral 29\/16, Bocoyna 24\/5, Ch\u00ednipas 37\/20, Guachochi 24\/6, Balleza 23\/3.<\/p>\n\n\n\n<p class=\"wp-block-paragraph\">La CEPC recomienda a la poblaci\u00f3n a abrigarse adecuadamente en las ma\u00f1anas y noches, asegurar techos, l\u00e1minas y objetos expuestos y mantenerse informado a trav\u00e9s de fuentes oficiales.<\/p>\n","protected":false},"excerpt":{"rendered":"<p>Chihuahua, Chih.- La Coordinaci\u00f3n Estatal de Protecci\u00f3n Civil (CEPC) inform\u00f3 que la masa de aire que impulsa al frente fr\u00edo n\u00famero 8 y la entrada del n\u00famero 9 este martes, favorecer\u00e1n ambiente fresco por la ma\u00f1ana, caluroso por la tarde, y temperaturas muy fr\u00edas en la Sierra Tarahumara. Debido a ambos fen\u00f3menos, se prev\u00e9n vientos [&hellip;]<\/p>\n","protected":false},"author":6,"featured_media":70676,"comment_status":"closed","ping_status":"closed","sticky":false,"template":"","format":"standard","meta":{"_acf_changed":false,"_monsterinsights_skip_tracking":false,"slim_seo":{"title":"Frentes fr\u00edos 8 y 9 provocar\u00e1n descenso de temperatura en la Sierra Tarahumara - Opini\u00f3n P\u00fablica","description":"Chihuahua, Chih .- La Coordinaci\u00f3n Estatal de Protecci\u00f3n Civil (CEPC) inform\u00f3 que la masa de aire que impulsa al frente fr\u00edo n\u00famero 8 y la entrada del n\u00famero 9"},"footnotes":""},"categories":[11],"tags":[],"class_list":["post-70673","post","type-post","status-publish","format-standard","has-post-thumbnail","hentry","category-tendencias"],"acf":[],"_links":{"self":[{"href":"https:\/\/www.opinionpublica.tv\/portada\/wp-json\/wp\/v2\/posts\/70673","targetHints":{"allow":["GET"]}}],"collection":[{"href":"https:\/\/www.opinionpublica.tv\/portada\/wp-json\/wp\/v2\/posts"}],"about":[{"href":"https:\/\/www.opinionpublica.tv\/portada\/wp-json\/wp\/v2\/types\/post"}],"author":[{"embeddable":true,"href":"https:\/\/www.opinionpublica.tv\/portada\/wp-json\/wp\/v2\/users\/6"}],"replies":[{"embeddable":true,"href":"https:\/\/www.opinionpublica.tv\/portada\/wp-json\/wp\/v2\/comments?post=70673"}],"version-history":[{"count":2,"href":"https:\/\/www.opinionpublica.tv\/portada\/wp-json\/wp\/v2\/posts\/70673\/revisions"}],"predecessor-version":[{"id":70677,"href":"https:\/\/www.opinionpublica.tv\/portada\/wp-json\/wp\/v2\/posts\/70673\/revisions\/70677"}],"wp:featuredmedia":[{"embeddable":true,"href":"https:\/\/www.opinionpublica.tv\/portada\/wp-json\/wp\/v2\/media\/70676"}],"wp:attachment":[{"href":"https:\/\/www.opinionpublica.tv\/portada\/wp-json\/wp\/v2\/media?parent=70673"}],"wp:term":[{"taxonomy":"category","embeddable":true,"href":"https:\/\/www.opinionpublica.tv\/portada\/wp-json\/wp\/v2\/categories?post=70673"},{"taxonomy":"post_tag","embeddable":true,"href":"https:\/\/www.opinionpublica.tv\/portada\/wp-json\/wp\/v2\/tags?post=70673"}],"curies":[{"name":"wp","href":"https:\/\/api.w.org\/{rel}","templated":true}]}}