{"id":70668,"date":"2025-10-21T00:01:00","date_gmt":"2025-10-21T06:01:00","guid":{"rendered":"https:\/\/www.opinionpublica.tv\/portada\/?p=70668"},"modified":"2025-10-20T23:33:34","modified_gmt":"2025-10-21T05:33:34","slug":"atiende-estado-a-mas-de-35-mil-personas-mensualmente-en-comedores-comunitarios","status":"publish","type":"post","link":"https:\/\/www.opinionpublica.tv\/portada\/atiende-estado-a-mas-de-35-mil-personas-mensualmente-en-comedores-comunitarios\/","title":{"rendered":"Atiende Estado a m\u00e1s de 35 mil personas mensualmente desde los comedores comunitarios"},"content":{"rendered":"\n<figure class=\"wp-block-image size-large\"><img fetchpriority=\"high\" decoding=\"async\" width=\"1024\" height=\"682\" src=\"https:\/\/www.opinionpublica.tv\/portada\/wp-content\/uploads\/2025\/10\/Atiende-Estado-a-mas-de-35-mil-personas-mensualmente-desde-los-comedores-comunitarios-1024x682.jpeg\" alt=\"Atiende estado a ma\u0301s de 35 mil personas mensualmente desde los comedores comunitarios\" class=\"wp-image-70671\" srcset=\"https:\/\/www.opinionpublica.tv\/portada\/wp-content\/uploads\/2025\/10\/Atiende-Estado-a-mas-de-35-mil-personas-mensualmente-desde-los-comedores-comunitarios-1024x682.jpeg 1024w, https:\/\/www.opinionpublica.tv\/portada\/wp-content\/uploads\/2025\/10\/Atiende-Estado-a-mas-de-35-mil-personas-mensualmente-desde-los-comedores-comunitarios-300x200.jpeg 300w, https:\/\/www.opinionpublica.tv\/portada\/wp-content\/uploads\/2025\/10\/Atiende-Estado-a-mas-de-35-mil-personas-mensualmente-desde-los-comedores-comunitarios-768x512.jpeg 768w, https:\/\/www.opinionpublica.tv\/portada\/wp-content\/uploads\/2025\/10\/Atiende-Estado-a-mas-de-35-mil-personas-mensualmente-desde-los-comedores-comunitarios-1536x1023.jpeg 1536w, https:\/\/www.opinionpublica.tv\/portada\/wp-content\/uploads\/2025\/10\/Atiende-Estado-a-mas-de-35-mil-personas-mensualmente-desde-los-comedores-comunitarios.jpeg 1600w\" sizes=\"(max-width: 1024px) 100vw, 1024px\" \/><\/figure>\n\n\n\n<p class=\"wp-block-paragraph\"><em>Chihuahua, Chih<\/em>.- El Gobierno del Estado, a trav\u00e9s de la Secretar\u00eda de Desarrollo Humano y Bien Com\u00fan (SDHyBC), inform\u00f3 que actualmente, m\u00e1s de 35 mil personas son atendidas de manera mensual en los 40 comedores comunitarios distribuidos en diferentes puntos de la entidad.<\/p>\n\n\n\n<p class=\"wp-block-paragraph\">Como parte del programa NutriChihuahua, se sirven 1,600 platillos diarios y para el cierre de 2025, se proyecta alcanzar las 2 mil 200 raciones, gracias a una inversi\u00f3n que en total sumar\u00e1 9 millones de pesos.<\/p>\n\n\n\n<p class=\"wp-block-paragraph\">Lo anterior, en seguimiento al compromiso de la gobernadora Maru Campos de garantizar que todas y todos los chihuahuenses cuenten con alimentos nutritivos, para lo cual, en lo que va del a\u00f1o se han puesto en operaci\u00f3n 10 nuevos espacios de este tipo.<\/p>\n\n\n\n<p class=\"wp-block-paragraph\">Durante un recorrido de supervisi\u00f3n por Delicias y Parral, el titular de la dependencia, Rafael Loera, detall\u00f3 que el prop\u00f3sito es brindar atenci\u00f3n alimentaria a quienes m\u00e1s lo necesitan, de manera gratuita y abierta a toda la poblaci\u00f3n.<\/p>\n\n\n\n<p class=\"wp-block-paragraph\">Destac\u00f3 que el servicio se ofrece en espacios adecuados que son aprovechados por familias completas en Aldama, Chihuahua, Cuauht\u00e9moc, Guadalupe y Calvo, Camargo, Casas Grandes, Guachochi, Aquiles Serd\u00e1n, Jim\u00e9nez, Maguarichi, Matamoros, Nonoava, Ojinaga, Urique, Bocoyna, Hidalgo del Parral, Madera, Delicias y Guadalupe.<\/p>\n\n\n\n<p class=\"wp-block-paragraph\">Se\u00f1al\u00f3 que, a trav\u00e9s de estas visitas, se han podido corroborar los beneficios del esquema, ya que los comedores comunitarios se han convertido en una esperanza para las personas que atraviesan momentos dif\u00edciles por distintas circunstancias.<\/p>\n\n\n\n<p class=\"wp-block-paragraph\">Loera resalt\u00f3 que esta estrategia alimentaria del Gobierno del Estado sigue extendi\u00e9ndose a m\u00e1s municipios, con el objetivo de asegurar la alimentaci\u00f3n de un mayor n\u00famero de chihuahuenses, lo que refleja el \u00e9xito de las pol\u00edticas p\u00fablicas implementadas para brindar platillos diarios a las familias.<\/p>\n\n\n\n<p class=\"wp-block-paragraph\">Los usuarios han expresado su agradecimiento, al considerar que estos espacios representan un gran apoyo sobre todo ante el incremento en el costo de la canasta b\u00e1sica, ya que en algunos casos esta es la \u00fanica comida que pueden realizar durante el d\u00eda.<\/p>\n\n\n\n<p class=\"wp-block-paragraph\">El funcionario reconoci\u00f3 el trabajo del personal de la SDHyBC encargado de brindar el servicio en los 40 comedores de la entidad, y le exhort\u00f3 a mantener su compromiso y continuar con el impulso de esta labor en beneficio de quienes m\u00e1s lo requieren.<\/p>\n","protected":false},"excerpt":{"rendered":"<p>Chihuahua, Chih.- El Gobierno del Estado, a trav\u00e9s de la Secretar\u00eda de Desarrollo Humano y Bien Com\u00fan (SDHyBC), inform\u00f3 que actualmente, m\u00e1s de 35 mil personas son atendidas de manera mensual en los 40 comedores comunitarios distribuidos en diferentes puntos de la entidad. Como parte del programa NutriChihuahua, se sirven 1,600 platillos diarios y para [&hellip;]<\/p>\n","protected":false},"author":6,"featured_media":70671,"comment_status":"closed","ping_status":"closed","sticky":false,"template":"","format":"standard","meta":{"_acf_changed":false,"_monsterinsights_skip_tracking":false,"slim_seo":{"title":"Atiende Estado a m\u00e1s de 35 mil personas mensualmente desde los comedores comunitarios - Opini\u00f3n P\u00fablica","description":"Chihuahua, Chih .- El Gobierno del Estado, a trav\u00e9s de la Secretar\u00eda de Desarrollo Humano y Bien Com\u00fan (SDHyBC), inform\u00f3 que actualmente, m\u00e1s de 35 mil personas"},"footnotes":""},"categories":[11],"tags":[],"class_list":["post-70668","post","type-post","status-publish","format-standard","has-post-thumbnail","hentry","category-tendencias"],"acf":[],"_links":{"self":[{"href":"https:\/\/www.opinionpublica.tv\/portada\/wp-json\/wp\/v2\/posts\/70668","targetHints":{"allow":["GET"]}}],"collection":[{"href":"https:\/\/www.opinionpublica.tv\/portada\/wp-json\/wp\/v2\/posts"}],"about":[{"href":"https:\/\/www.opinionpublica.tv\/portada\/wp-json\/wp\/v2\/types\/post"}],"author":[{"embeddable":true,"href":"https:\/\/www.opinionpublica.tv\/portada\/wp-json\/wp\/v2\/users\/6"}],"replies":[{"embeddable":true,"href":"https:\/\/www.opinionpublica.tv\/portada\/wp-json\/wp\/v2\/comments?post=70668"}],"version-history":[{"count":2,"href":"https:\/\/www.opinionpublica.tv\/portada\/wp-json\/wp\/v2\/posts\/70668\/revisions"}],"predecessor-version":[{"id":70672,"href":"https:\/\/www.opinionpublica.tv\/portada\/wp-json\/wp\/v2\/posts\/70668\/revisions\/70672"}],"wp:featuredmedia":[{"embeddable":true,"href":"https:\/\/www.opinionpublica.tv\/portada\/wp-json\/wp\/v2\/media\/70671"}],"wp:attachment":[{"href":"https:\/\/www.opinionpublica.tv\/portada\/wp-json\/wp\/v2\/media?parent=70668"}],"wp:term":[{"taxonomy":"category","embeddable":true,"href":"https:\/\/www.opinionpublica.tv\/portada\/wp-json\/wp\/v2\/categories?post=70668"},{"taxonomy":"post_tag","embeddable":true,"href":"https:\/\/www.opinionpublica.tv\/portada\/wp-json\/wp\/v2\/tags?post=70668"}],"curies":[{"name":"wp","href":"https:\/\/api.w.org\/{rel}","templated":true}]}}