{"id":70640,"date":"2025-10-21T00:01:00","date_gmt":"2025-10-21T06:01:00","guid":{"rendered":"https:\/\/www.opinionpublica.tv\/portada\/?p=70640"},"modified":"2025-10-20T20:35:17","modified_gmt":"2025-10-21T02:35:17","slug":"presentan-37-denuncias-contra-adan-augusto-lopez-por-quebranto-de-800-mdp","status":"publish","type":"post","link":"https:\/\/www.opinionpublica.tv\/portada\/presentan-37-denuncias-contra-adan-augusto-lopez-por-quebranto-de-800-mdp\/","title":{"rendered":"Presentan 37 denuncias contra Ad\u00e1n Augusto L\u00f3pez por quebranto de 800 mdp"},"content":{"rendered":"\n<figure class=\"wp-block-image size-full\"><img fetchpriority=\"high\" decoding=\"async\" width=\"770\" height=\"530\" src=\"https:\/\/www.opinionpublica.tv\/portada\/wp-content\/uploads\/2025\/10\/Presentan-37-denuncias-contra-Adan-Augusto-Lopez-por-quebranto-de-800-mdp.webp\" alt=\"Presentan 37 denuncias contra ada\u0301n augusto lo\u0301pez por quebranto de 800 mdp\" class=\"wp-image-70643\" srcset=\"https:\/\/www.opinionpublica.tv\/portada\/wp-content\/uploads\/2025\/10\/Presentan-37-denuncias-contra-Adan-Augusto-Lopez-por-quebranto-de-800-mdp.webp 770w, https:\/\/www.opinionpublica.tv\/portada\/wp-content\/uploads\/2025\/10\/Presentan-37-denuncias-contra-Adan-Augusto-Lopez-por-quebranto-de-800-mdp-300x206.webp 300w, https:\/\/www.opinionpublica.tv\/portada\/wp-content\/uploads\/2025\/10\/Presentan-37-denuncias-contra-Adan-Augusto-Lopez-por-quebranto-de-800-mdp-768x529.webp 768w\" sizes=\"(max-width: 770px) 100vw, 770px\" \/><\/figure>\n\n\n\n<p class=\"wp-block-paragraph\"><em>Ciudad Ju\u00e1rez, Chih<\/em>.- La diputada suplente Mar\u00eda Elena P\u00e9rez Ja\u00e9n present\u00f3 37 denuncias en la Fiscal\u00eda General de la Rep\u00fablica (FGR) en contra del actual senador Ad\u00e1n Augusto L\u00f3pez Hern\u00e1ndez, por presuntas irregularidades durante su gesti\u00f3n como gobernador de Tabasco detectadas por la Auditor\u00eda Superior de la Federaci\u00f3n (ASF), por casi 800 millones de pesos.<\/p>\n\n\n\n<p class=\"wp-block-paragraph\">La especialista en temas de transparencia explic\u00f3 que present\u00f3 las denuncias ante la omisi\u00f3n del titular de la ASF, David Colmenares, quien, se\u00f1al\u00f3, dej\u00f3 los expedientes en el \u00e1rea de investigaci\u00f3n del organismo a su cargo para proteger al legislador.<\/p>\n\n\n\n<p class=\"wp-block-paragraph\">Lo que hizo la ASF, el auditor superior David Colmenares est\u00e1 protegiendo al senador Ad\u00e1n Augusto L\u00f3pez Hern\u00e1ndez, porque han pasado cinco a\u00f1os desde 2019; es decir, la auditor\u00eda fue presentada el 20 de febrero de 2021 y no se ha hecho nada.<\/p>\n\n\n\n<p class=\"wp-block-paragraph\">Guardaron esas auditor\u00edas en el \u00e1rea de investigaci\u00f3n y ah\u00ed est\u00e1n durmiendo el sue\u00f1o de los justos, desde 2021 este quebranto de 2019, de m\u00e1s de 700 millones de pesos y no ha pasado nada\u201d, explic\u00f3 P\u00e9rez Ja\u00e9n en entrevista afuera de las oficinas de la FGR, en la colonia Doctores, de la Ciudad de M\u00e9xico.<\/p>\n\n\n\n<p class=\"wp-block-paragraph\">L\u00f3pez Hern\u00e1ndez fue gobernador de Tabasco del 1 de enero de 2019 al 26 de agosto de 2021, cuando dej\u00f3 el cargo para integrarse al gabinete presidencial, como titular de la Secretar\u00eda de Gobernaci\u00f3n.<\/p>\n\n\n\n<p class=\"wp-block-paragraph\">P\u00e9rez Ja\u00e9n detall\u00f3 que las irregularidades detectadas por las auditor\u00edas incluyen afectaciones en diferentes \u00e1reas del gobierno de L\u00f3pez Hern\u00e1ndez, incluida la Secretar\u00eda de Seguridad P\u00fablica.<\/p>\n\n\n\n<p class=\"wp-block-paragraph\">Hay una auditor\u00eda que tiene que ver con el tema de seguridad p\u00fablica, esa es 5.3 por millones de pesos y era precisamente cuando Hern\u00e1n Berm\u00fadez Requena era secretario de Seguridad P\u00fablica, en el 2020\u201d, indic\u00f3 la legisladora.<\/p>\n\n\n\n<p class=\"wp-block-paragraph\">P\u00e9rez Ja\u00e9n agreg\u00f3 que el senador ret\u00f3 a que se presentaran las denuncias en contra, que comprobaran casos de corrupci\u00f3n en su administraci\u00f3n, por lo que ahora se debe avanzar en un juicio para su destituci\u00f3n.<\/p>\n\n\n\n<p class=\"wp-block-paragraph\">El senador dijo que no hab\u00eda denuncias que lo involucraran en corrupci\u00f3n, pues bueno, es contra \u00e9l y contra quienes resulten responsables, ya est\u00e1n 37 denuncias penales aqu\u00ed en la Fiscal\u00eda en Materia de Combate a la Corrupci\u00f3n.<\/p>\n\n\n\n<p class=\"wp-block-paragraph\">Yo s\u00ed espero que en esta ocasi\u00f3n s\u00ed le d\u00e9 un seguimiento la doctora Mar\u00eda de la Luz Mijangos, que pues parece que est\u00e1 la se\u00f1ora de ornato; ya tengo presentadas 205 de cuando era diputada\u201d, afirm\u00f3 P\u00e9rez Ja\u00e9n. (Exc\u00e9lsior)<\/p>\n","protected":false},"excerpt":{"rendered":"<p>Ciudad Ju\u00e1rez, Chih.- La diputada suplente Mar\u00eda Elena P\u00e9rez Ja\u00e9n present\u00f3 37 denuncias en la Fiscal\u00eda General de la Rep\u00fablica (FGR) en contra del actual senador Ad\u00e1n Augusto L\u00f3pez Hern\u00e1ndez, por presuntas irregularidades durante su gesti\u00f3n como gobernador de Tabasco detectadas por la Auditor\u00eda Superior de la Federaci\u00f3n (ASF), por casi 800 millones de pesos. [&hellip;]<\/p>\n","protected":false},"author":6,"featured_media":70643,"comment_status":"closed","ping_status":"closed","sticky":false,"template":"","format":"standard","meta":{"_acf_changed":false,"_monsterinsights_skip_tracking":false,"slim_seo":{"title":"Presentan 37 denuncias contra Ad\u00e1n Augusto L\u00f3pez por quebranto de 800 mdp - Opini\u00f3n P\u00fablica","description":"Ciudad Ju\u00e1rez, Chih .- La diputada suplente Mar\u00eda Elena P\u00e9rez Ja\u00e9n present\u00f3 37 denuncias en la Fiscal\u00eda General de la Rep\u00fablica (FGR) en contra del actual senad"},"footnotes":""},"categories":[4],"tags":[],"class_list":["post-70640","post","type-post","status-publish","format-standard","has-post-thumbnail","hentry","category-pulsopolitico"],"acf":[],"_links":{"self":[{"href":"https:\/\/www.opinionpublica.tv\/portada\/wp-json\/wp\/v2\/posts\/70640","targetHints":{"allow":["GET"]}}],"collection":[{"href":"https:\/\/www.opinionpublica.tv\/portada\/wp-json\/wp\/v2\/posts"}],"about":[{"href":"https:\/\/www.opinionpublica.tv\/portada\/wp-json\/wp\/v2\/types\/post"}],"author":[{"embeddable":true,"href":"https:\/\/www.opinionpublica.tv\/portada\/wp-json\/wp\/v2\/users\/6"}],"replies":[{"embeddable":true,"href":"https:\/\/www.opinionpublica.tv\/portada\/wp-json\/wp\/v2\/comments?post=70640"}],"version-history":[{"count":2,"href":"https:\/\/www.opinionpublica.tv\/portada\/wp-json\/wp\/v2\/posts\/70640\/revisions"}],"predecessor-version":[{"id":70644,"href":"https:\/\/www.opinionpublica.tv\/portada\/wp-json\/wp\/v2\/posts\/70640\/revisions\/70644"}],"wp:featuredmedia":[{"embeddable":true,"href":"https:\/\/www.opinionpublica.tv\/portada\/wp-json\/wp\/v2\/media\/70643"}],"wp:attachment":[{"href":"https:\/\/www.opinionpublica.tv\/portada\/wp-json\/wp\/v2\/media?parent=70640"}],"wp:term":[{"taxonomy":"category","embeddable":true,"href":"https:\/\/www.opinionpublica.tv\/portada\/wp-json\/wp\/v2\/categories?post=70640"},{"taxonomy":"post_tag","embeddable":true,"href":"https:\/\/www.opinionpublica.tv\/portada\/wp-json\/wp\/v2\/tags?post=70640"}],"curies":[{"name":"wp","href":"https:\/\/api.w.org\/{rel}","templated":true}]}}