{"id":70616,"date":"2025-10-20T00:01:00","date_gmt":"2025-10-20T06:01:00","guid":{"rendered":"https:\/\/www.opinionpublica.tv\/portada\/?p=70616"},"modified":"2025-10-19T16:50:50","modified_gmt":"2025-10-19T22:50:50","slug":"atletas-mexicanos-superan-a-kenianos-y-ganan-el-maraton-internacional-de-juarez","status":"publish","type":"post","link":"https:\/\/www.opinionpublica.tv\/portada\/atletas-mexicanos-superan-a-kenianos-y-ganan-el-maraton-internacional-de-juarez\/","title":{"rendered":"Atletas mexicanos superan a kenianos y ganan el Marat\u00f3n Internacional de Ciudad Ju\u00e1rez"},"content":{"rendered":"\n<figure class=\"wp-block-image size-large\"><img fetchpriority=\"high\" decoding=\"async\" width=\"1024\" height=\"682\" src=\"https:\/\/www.opinionpublica.tv\/portada\/wp-content\/uploads\/2025\/10\/Atletas-mexicanos-superan-a-kenianos-y-ganan-el-Maraton-Internacional-de-Ciudad-Juarez-1024x682.webp\" alt=\"Atletas mexicanos superan a kenianos y ganan el marato\u0301n internacional de ciudad jua\u0301rez\" class=\"wp-image-70619\" srcset=\"https:\/\/www.opinionpublica.tv\/portada\/wp-content\/uploads\/2025\/10\/Atletas-mexicanos-superan-a-kenianos-y-ganan-el-Maraton-Internacional-de-Ciudad-Juarez-1024x682.webp 1024w, https:\/\/www.opinionpublica.tv\/portada\/wp-content\/uploads\/2025\/10\/Atletas-mexicanos-superan-a-kenianos-y-ganan-el-Maraton-Internacional-de-Ciudad-Juarez-300x200.webp 300w, https:\/\/www.opinionpublica.tv\/portada\/wp-content\/uploads\/2025\/10\/Atletas-mexicanos-superan-a-kenianos-y-ganan-el-Maraton-Internacional-de-Ciudad-Juarez-768x512.webp 768w, https:\/\/www.opinionpublica.tv\/portada\/wp-content\/uploads\/2025\/10\/Atletas-mexicanos-superan-a-kenianos-y-ganan-el-Maraton-Internacional-de-Ciudad-Juarez.webp 1280w\" sizes=\"(max-width: 1024px) 100vw, 1024px\" \/><\/figure>\n\n\n\n<p class=\"wp-block-paragraph\"><em>Ciudad Ju\u00e1rez, Chih<\/em>.- El guanajuatense Francisco Javier Gonz\u00e1lez se qued\u00f3 con el Marat\u00f3n Internacional de Ju\u00e1rez tras realizar el recorrido de 42.195 kil\u00f3metros en un tiempo extraoficial de 2:17:25 horas.<\/p>\n\n\n\n<p class=\"wp-block-paragraph\">Los tres primeros lugares quedaron de la siguiente manera; Francisco Javier Gonz\u00e1lez en primero, Stephen Ndege de Kenia con un tiempo extraoficial de 2:18:35 horas y Ren\u00e9 Eduardo Ortiz de R\u00edo Verde par\u00f3 el cronometro extraoficial de 2:19:27 horas.<\/p>\n\n\n\n<p class=\"wp-block-paragraph\">Mientras que, en la rama femenil las hermanas Oropeza realizaron el 1-2, el lugar m\u00e1s alto del podio se lo llev\u00f3 Isabel Oropeza, con un tiempo de 2:35:41 horas; el segundo lugar fue para su hermana Fanny Oropeza, parando el cron\u00f3metro en 2:36:24 y la keniana Caroline Jebiwot, con 2:37:27 horas se llev\u00f3 la tercera posici\u00f3n.<\/p>\n\n\n\n<p class=\"wp-block-paragraph\">En el medio marat\u00f3n, los primeros puestos fueron dominados por mexicanos en ambas ramas, Jorge Luis Cruz de Tlalnepantla 1:03:50 hrs fue el primero en cruzar la meta, mientras Jos\u00e9 Luis Santana de Guadalajara se qued\u00f3 con el segundo puesto con 1:03:56 y Daniel Valdez de Mexicali se qued\u00f3 con el tercer puesto con 1:04:18 horas.<\/p>\n\n\n\n<p class=\"wp-block-paragraph\">En la rama femenil Natali Mendoza de Uruapan con 1:14:56 horas, Adela Honorato de Ciudades de M\u00e9xico con 1:14:58 y Elena Valtierra de Mexicali con 1:15:08 se quedaron con el primero, segundo y tercer lugar respectivamente.<\/p>\n\n\n\n<p class=\"wp-block-paragraph\">Daniel Reyes fue el primer juarense en cruzar la meta, se qued\u00f3 con el sexto lugar general del medio marat\u00f3n.<\/p>\n","protected":false},"excerpt":{"rendered":"<p>Ciudad Ju\u00e1rez, Chih.- El guanajuatense Francisco Javier Gonz\u00e1lez se qued\u00f3 con el Marat\u00f3n Internacional de Ju\u00e1rez tras realizar el recorrido de 42.195 kil\u00f3metros en un tiempo extraoficial de 2:17:25 horas. Los tres primeros lugares quedaron de la siguiente manera; Francisco Javier Gonz\u00e1lez en primero, Stephen Ndege de Kenia con un tiempo extraoficial de 2:18:35 horas [&hellip;]<\/p>\n","protected":false},"author":6,"featured_media":70619,"comment_status":"closed","ping_status":"closed","sticky":false,"template":"","format":"standard","meta":{"_acf_changed":false,"_monsterinsights_skip_tracking":false,"slim_seo":{"title":"Atletas mexicanos superan a kenianos y ganan el Marat\u00f3n Internacional de Ciudad Ju\u00e1rez - Opini\u00f3n P\u00fablica","description":"Ciudad Ju\u00e1rez, Chih .- El guanajuatense Francisco Javier Gonz\u00e1lez se qued\u00f3 con el Marat\u00f3n Internacional de Ju\u00e1rez tras realizar el recorrido de 42.195 kil\u00f3metro"},"footnotes":""},"categories":[11],"tags":[],"class_list":["post-70616","post","type-post","status-publish","format-standard","has-post-thumbnail","hentry","category-tendencias"],"acf":[],"_links":{"self":[{"href":"https:\/\/www.opinionpublica.tv\/portada\/wp-json\/wp\/v2\/posts\/70616","targetHints":{"allow":["GET"]}}],"collection":[{"href":"https:\/\/www.opinionpublica.tv\/portada\/wp-json\/wp\/v2\/posts"}],"about":[{"href":"https:\/\/www.opinionpublica.tv\/portada\/wp-json\/wp\/v2\/types\/post"}],"author":[{"embeddable":true,"href":"https:\/\/www.opinionpublica.tv\/portada\/wp-json\/wp\/v2\/users\/6"}],"replies":[{"embeddable":true,"href":"https:\/\/www.opinionpublica.tv\/portada\/wp-json\/wp\/v2\/comments?post=70616"}],"version-history":[{"count":2,"href":"https:\/\/www.opinionpublica.tv\/portada\/wp-json\/wp\/v2\/posts\/70616\/revisions"}],"predecessor-version":[{"id":70620,"href":"https:\/\/www.opinionpublica.tv\/portada\/wp-json\/wp\/v2\/posts\/70616\/revisions\/70620"}],"wp:featuredmedia":[{"embeddable":true,"href":"https:\/\/www.opinionpublica.tv\/portada\/wp-json\/wp\/v2\/media\/70619"}],"wp:attachment":[{"href":"https:\/\/www.opinionpublica.tv\/portada\/wp-json\/wp\/v2\/media?parent=70616"}],"wp:term":[{"taxonomy":"category","embeddable":true,"href":"https:\/\/www.opinionpublica.tv\/portada\/wp-json\/wp\/v2\/categories?post=70616"},{"taxonomy":"post_tag","embeddable":true,"href":"https:\/\/www.opinionpublica.tv\/portada\/wp-json\/wp\/v2\/tags?post=70616"}],"curies":[{"name":"wp","href":"https:\/\/api.w.org\/{rel}","templated":true}]}}