{"id":70606,"date":"2025-10-20T00:01:00","date_gmt":"2025-10-20T06:01:00","guid":{"rendered":"https:\/\/www.opinionpublica.tv\/portada\/?p=70606"},"modified":"2025-10-19T14:55:53","modified_gmt":"2025-10-19T20:55:53","slug":"mismas-caras-y-acabaron-con-el-azul-luisa-alcalde-reacciona-al-relanzamiento-del-pan","status":"publish","type":"post","link":"https:\/\/www.opinionpublica.tv\/portada\/mismas-caras-y-acabaron-con-el-azul-luisa-alcalde-reacciona-al-relanzamiento-del-pan\/","title":{"rendered":"Luisa Alcalde sobre la nueva imagen del PAN: &#8216;Las mismas caras acabaron con el azul&#8217;"},"content":{"rendered":"\n<figure class=\"wp-block-image size-large\"><img fetchpriority=\"high\" decoding=\"async\" width=\"1024\" height=\"576\" src=\"https:\/\/www.opinionpublica.tv\/portada\/wp-content\/uploads\/2025\/10\/Luisa-Alcalde-sobre-la-nueva-imagen-del-PAN-Las-mismas-caras-acabaron-con-el-azul-1024x576.avif\" alt=\"Luisa alcalde sobre la nueva imagen del pan 'las mismas caras acabaron con el azul'\" class=\"wp-image-70614\" srcset=\"https:\/\/www.opinionpublica.tv\/portada\/wp-content\/uploads\/2025\/10\/Luisa-Alcalde-sobre-la-nueva-imagen-del-PAN-Las-mismas-caras-acabaron-con-el-azul-1024x576.avif 1024w, https:\/\/www.opinionpublica.tv\/portada\/wp-content\/uploads\/2025\/10\/Luisa-Alcalde-sobre-la-nueva-imagen-del-PAN-Las-mismas-caras-acabaron-con-el-azul-300x169.avif 300w, https:\/\/www.opinionpublica.tv\/portada\/wp-content\/uploads\/2025\/10\/Luisa-Alcalde-sobre-la-nueva-imagen-del-PAN-Las-mismas-caras-acabaron-con-el-azul-768x432.avif 768w, https:\/\/www.opinionpublica.tv\/portada\/wp-content\/uploads\/2025\/10\/Luisa-Alcalde-sobre-la-nueva-imagen-del-PAN-Las-mismas-caras-acabaron-con-el-azul.avif 1200w\" sizes=\"(max-width: 1024px) 100vw, 1024px\" \/><\/figure>\n\n\n\n<p class=\"wp-block-paragraph\">\u00bfM\u00e1s de lo mismo? El Partido de Acci\u00f3n Nacional (PAN) present\u00f3 su nueva imagen y las reacciones de oposici\u00f3n no tardaron en surgir.<\/p>\n\n\n\n<p class=\"wp-block-paragraph\">Luisa Mar\u00eda Alcalde, l\u00edder nacional de Morena, escribi\u00f3 en la red social X que son las mismas caras y que acabaron con el azul.<\/p>\n\n\n\n<p class=\"wp-block-paragraph\">\u201cVaya relanzamiento de @AccionNacional. Las mismas caras y acabaron con el azul\u201c, escribi\u00f3 Alcalde.<\/p>\n\n\n\n<p class=\"wp-block-paragraph\">Al respecto, los cibernautas le recordaron y le recordaron su pasado, cuando estuvo en Convergencia.<\/p>\n\n\n\n<p class=\"wp-block-paragraph\">\u201cTe acuerdas cuando t\u00fa eras de Convergencia? hoy Movimiento Ciudadano?\u201c, escribi\u00f3 un cibernauta.<\/p>\n\n\n\n<p class=\"wp-block-paragraph\">A casi un a\u00f1o de que Jorge Romero asumi\u00f3 la dirigencia nacional del PAN, el partido blanquiazul alista sus primeros cambios rumbo a los pr\u00f3ximos procesos electorales.<\/p>\n\n\n\n<p class=\"wp-block-paragraph\">Este fin de semana, los panistas convocaron a militantes y simpatizantes para presentar el \u2018relanzamiento\u2019 del partido en el Monumento a la Revoluci\u00f3n, en la Ciudad de M\u00e9xico.<\/p>\n\n\n\n<p class=\"wp-block-paragraph\">\u00bfC\u00f3mo es el nuevo logo del PAN?<\/p>\n\n\n\n<p class=\"wp-block-paragraph\">El logo m\u00e1s conocido del PAN y adoptado desde 1952 era un c\u00edrculo azul con las siglas del partido y espacios en blanco, con esquinas redondeadas que formaban un rect\u00e1ngulo.<\/p>\n\n\n\n<p class=\"wp-block-paragraph\">Ahora, bajo su nueva era, las letras \u2018PAN\u2019 est\u00e1n rodeadas de un semic\u00edrculo arriba y otro abajo en colores azul y blanco.<\/p>\n\n\n\n<p class=\"wp-block-paragraph\">El azul cambio, ya que ahora es m\u00e1s oscuro, un azul marino. Adem\u00e1s, las letras presentan una ligera inclinaci\u00f3n hacia la derecha.<\/p>\n\n\n\n<p class=\"wp-block-paragraph\">Sobre los cambios en el nuevo logo del PAN, Sandra Cuevas, ex alcaldesa de Cuauht\u00e9moc, comparti\u00f3 en la red social X una alusi\u00f3n al de Movimiento Ciudadano, con una \u00e1guila y colores naranja.<\/p>\n\n\n\n<p class=\"wp-block-paragraph\">Debajo del ave se agreg\u00f3 \u2018PAN\u2019. Cuevas escribi\u00f3 \u201cRelanzamiento del logo del PAN. De nada\u201d.<\/p>\n\n\n\n<p class=\"wp-block-paragraph\">El PAN \u2018le copia\u2019 a AMLO y usa sus frases<\/p>\n\n\n\n<p class=\"wp-block-paragraph\">Jorge Romero dijo en el evento de \u2018relanzamiento\u2019 del PAN que usar\u00e1 las mismas frases del ex presidente Andr\u00e9s Manuel L\u00f3pez Obrador, pero \u201ccomo espejo\u201d.<\/p>\n\n\n\n<p class=\"wp-block-paragraph\">Esto, luego de enviar un mensaje a la presidenta Claudia Sheinbaum y declarar que el oficialismo est\u00e1 derrotado, por sus m\u00e1s recientes esc\u00e1ndalos.<\/p>\n\n\n\n<p class=\"wp-block-paragraph\">Romero se refiri\u00f3 al huachicol fiscal, a \u2018La Barredora\u2019 y a Vector, que presuntamente lav\u00f3 dinero para el narco.<\/p>\n\n\n\n<p class=\"wp-block-paragraph\">\u201c\u00bfQu\u00e9 les queda de su discurso de 2018? (\u2026) Todav\u00eda se atreven hoy a hablar de transformaci\u00f3n despu\u00e9s de huachicol fiscal, de Vector, de La Barredora\u201d. El oficialismo moralmente derrotado. La mafia en el poder\u201d, sentenci\u00f3 Romero.<\/p>\n\n\n\n<p class=\"wp-block-paragraph\"><em>Con informaci\u00f3n de El Financiero<\/em>.<\/p>\n","protected":false},"excerpt":{"rendered":"<p>\u00bfM\u00e1s de lo mismo? El Partido de Acci\u00f3n Nacional (PAN) present\u00f3 su nueva imagen y las reacciones de oposici\u00f3n no tardaron en surgir. Luisa Mar\u00eda Alcalde, l\u00edder nacional de Morena, escribi\u00f3 en la red social X que son las mismas caras y que acabaron con el azul. \u201cVaya relanzamiento de @AccionNacional. Las mismas caras y [&hellip;]<\/p>\n","protected":false},"author":6,"featured_media":70614,"comment_status":"closed","ping_status":"closed","sticky":false,"template":"","format":"standard","meta":{"_acf_changed":false,"_monsterinsights_skip_tracking":false,"slim_seo":{"title":"Luisa Alcalde sobre la nueva imagen del PAN: 'Las mismas caras acabaron con el azul' - Opini\u00f3n P\u00fablica","description":"\u00bfM\u00e1s de lo mismo? El Partido de Acci\u00f3n Nacional (PAN) present\u00f3 su nueva imagen y las reacciones de oposici\u00f3n no tardaron en surgir. Luisa Mar\u00eda Alcalde, l\u00edder n"},"footnotes":""},"categories":[4],"tags":[],"class_list":["post-70606","post","type-post","status-publish","format-standard","has-post-thumbnail","hentry","category-pulsopolitico"],"acf":[],"_links":{"self":[{"href":"https:\/\/www.opinionpublica.tv\/portada\/wp-json\/wp\/v2\/posts\/70606","targetHints":{"allow":["GET"]}}],"collection":[{"href":"https:\/\/www.opinionpublica.tv\/portada\/wp-json\/wp\/v2\/posts"}],"about":[{"href":"https:\/\/www.opinionpublica.tv\/portada\/wp-json\/wp\/v2\/types\/post"}],"author":[{"embeddable":true,"href":"https:\/\/www.opinionpublica.tv\/portada\/wp-json\/wp\/v2\/users\/6"}],"replies":[{"embeddable":true,"href":"https:\/\/www.opinionpublica.tv\/portada\/wp-json\/wp\/v2\/comments?post=70606"}],"version-history":[{"count":6,"href":"https:\/\/www.opinionpublica.tv\/portada\/wp-json\/wp\/v2\/posts\/70606\/revisions"}],"predecessor-version":[{"id":70615,"href":"https:\/\/www.opinionpublica.tv\/portada\/wp-json\/wp\/v2\/posts\/70606\/revisions\/70615"}],"wp:featuredmedia":[{"embeddable":true,"href":"https:\/\/www.opinionpublica.tv\/portada\/wp-json\/wp\/v2\/media\/70614"}],"wp:attachment":[{"href":"https:\/\/www.opinionpublica.tv\/portada\/wp-json\/wp\/v2\/media?parent=70606"}],"wp:term":[{"taxonomy":"category","embeddable":true,"href":"https:\/\/www.opinionpublica.tv\/portada\/wp-json\/wp\/v2\/categories?post=70606"},{"taxonomy":"post_tag","embeddable":true,"href":"https:\/\/www.opinionpublica.tv\/portada\/wp-json\/wp\/v2\/tags?post=70606"}],"curies":[{"name":"wp","href":"https:\/\/api.w.org\/{rel}","templated":true}]}}