{"id":70497,"date":"2025-10-18T00:01:00","date_gmt":"2025-10-18T06:01:00","guid":{"rendered":"https:\/\/www.opinionpublica.tv\/portada\/?p=70497"},"modified":"2025-10-17T18:58:43","modified_gmt":"2025-10-18T00:58:43","slug":"libro-de-la-semana-la-ultima-victoria-mexica-enrique-ortiz","status":"publish","type":"post","link":"https:\/\/www.opinionpublica.tv\/portada\/libro-de-la-semana-la-ultima-victoria-mexica-enrique-ortiz\/","title":{"rendered":"Libro de la semana: La \u00daltima Victoria Mexica | Novela de Enrique Ortiz"},"content":{"rendered":"\n<figure class=\"wp-block-image size-full\"><img fetchpriority=\"high\" decoding=\"async\" width=\"273\" height=\"350\" src=\"https:\/\/www.opinionpublica.tv\/portada\/wp-content\/uploads\/2025\/10\/La-Ultima-Victoria-Mexica.jpg\" alt=\"La u\u0301ltima victoria mexica\" class=\"wp-image-70498\" srcset=\"https:\/\/www.opinionpublica.tv\/portada\/wp-content\/uploads\/2025\/10\/La-Ultima-Victoria-Mexica.jpg 273w, https:\/\/www.opinionpublica.tv\/portada\/wp-content\/uploads\/2025\/10\/La-Ultima-Victoria-Mexica-234x300.jpg 234w\" sizes=\"(max-width: 273px) 100vw, 273px\" \/><\/figure>\n\n\n\n<p class=\"wp-block-paragraph\">El Imperio Mexica tendr\u00e1 que demostrar su poder y grandeza antes de que sea demasiado tarde\u2026 Tenochtitlan, 1520.<\/p>\n\n\n\n<p class=\"wp-block-paragraph\">El buen trato que Motecuhzoma ha concedido a los castellanos desde su llegada provoca sospechas entre los mexicas. Como gesto de confianza, el huey tlahtoani entrega varias doncellas de noble cuna a los forasteros para que la armon\u00eda siga reinandoen el imperio.<\/p>\n\n\n\n<p class=\"wp-block-paragraph\">Una de ellas es Citlalli, joven aguerrida que deber\u00e1 complacer y obedecer las \u00f3rdenes de Gonzalo, capit\u00e1n de rodeleros. Convencida de la importancia de su papel para mantener la paz, Citlalli faltar\u00e1 a la promesa que le hizo a su amado Cuauhtli, un destacado guerrero tenochca de origen plebeyo con quien planeaba huir para salvar su amor. Sin embargo, la paz es solo aparente y muy endeble.<\/p>\n\n\n\n<p class=\"wp-block-paragraph\">Cuando Pedro de Alvarado aprovecha la ausencia de Cort\u00e9s para perpetrar una matanza en el Templo Mayor, cualquier posible alianza quedar\u00e1 anulada y los mexicas deber\u00e1n luchar por mantener su hegemon\u00eda y su honor.<\/p>\n\n\n\n<p class=\"wp-block-paragraph\">Conflictos pol\u00edticos, batallas \u00e9picas, intrigas y romance son los protagonistas de La \u00faltima victoria mexica, una ambiciosa novela en la que el rigor hist\u00f3rico y la ficci\u00f3n se entrelazan para ofrecer uno de los relatos m\u00e1s apasionantes sobre los d\u00edas previos a la Noche Triste.<\/p>\n","protected":false},"excerpt":{"rendered":"<p>El Imperio Mexica tendr\u00e1 que demostrar su poder y grandeza antes de que sea demasiado tarde\u2026 Tenochtitlan, 1520. El buen trato que Motecuhzoma ha concedido a los castellanos desde su llegada provoca sospechas entre los mexicas. Como gesto de confianza, el huey tlahtoani entrega varias doncellas de noble cuna a los forasteros para que la [&hellip;]<\/p>\n","protected":false},"author":6,"featured_media":70498,"comment_status":"closed","ping_status":"closed","sticky":false,"template":"","format":"standard","meta":{"_acf_changed":false,"_monsterinsights_skip_tracking":false,"slim_seo":{"title":"Libro de la semana: La \u00daltima Victoria Mexica | Novela de Enrique Ortiz - Opini\u00f3n P\u00fablica","description":"El Imperio Mexica tendr\u00e1 que demostrar su poder y grandeza antes de que sea demasiado tarde\u2026 Tenochtitlan, 1520. El buen trato que Motecuhzoma ha concedido a lo"},"footnotes":""},"categories":[1007],"tags":[],"class_list":["post-70497","post","type-post","status-publish","format-standard","has-post-thumbnail","hentry","category-el-libro-de-la-semana"],"acf":[],"_links":{"self":[{"href":"https:\/\/www.opinionpublica.tv\/portada\/wp-json\/wp\/v2\/posts\/70497","targetHints":{"allow":["GET"]}}],"collection":[{"href":"https:\/\/www.opinionpublica.tv\/portada\/wp-json\/wp\/v2\/posts"}],"about":[{"href":"https:\/\/www.opinionpublica.tv\/portada\/wp-json\/wp\/v2\/types\/post"}],"author":[{"embeddable":true,"href":"https:\/\/www.opinionpublica.tv\/portada\/wp-json\/wp\/v2\/users\/6"}],"replies":[{"embeddable":true,"href":"https:\/\/www.opinionpublica.tv\/portada\/wp-json\/wp\/v2\/comments?post=70497"}],"version-history":[{"count":2,"href":"https:\/\/www.opinionpublica.tv\/portada\/wp-json\/wp\/v2\/posts\/70497\/revisions"}],"predecessor-version":[{"id":70500,"href":"https:\/\/www.opinionpublica.tv\/portada\/wp-json\/wp\/v2\/posts\/70497\/revisions\/70500"}],"wp:featuredmedia":[{"embeddable":true,"href":"https:\/\/www.opinionpublica.tv\/portada\/wp-json\/wp\/v2\/media\/70498"}],"wp:attachment":[{"href":"https:\/\/www.opinionpublica.tv\/portada\/wp-json\/wp\/v2\/media?parent=70497"}],"wp:term":[{"taxonomy":"category","embeddable":true,"href":"https:\/\/www.opinionpublica.tv\/portada\/wp-json\/wp\/v2\/categories?post=70497"},{"taxonomy":"post_tag","embeddable":true,"href":"https:\/\/www.opinionpublica.tv\/portada\/wp-json\/wp\/v2\/tags?post=70497"}],"curies":[{"name":"wp","href":"https:\/\/api.w.org\/{rel}","templated":true}]}}