{"id":70490,"date":"2025-10-18T00:01:00","date_gmt":"2025-10-18T06:01:00","guid":{"rendered":"https:\/\/www.opinionpublica.tv\/portada\/?p=70490"},"modified":"2025-10-17T18:44:25","modified_gmt":"2025-10-18T00:44:25","slug":"acoso-judicial-amenaza-libertad-de-expresion-en-mexico-sociedad-interamericana-de-prensa","status":"publish","type":"post","link":"https:\/\/www.opinionpublica.tv\/portada\/acoso-judicial-amenaza-libertad-de-expresion-en-mexico-sociedad-interamericana-de-prensa\/","title":{"rendered":"El acoso judicial amenaza libertad de expresi\u00f3n en M\u00e9xico; advierte la SIP"},"content":{"rendered":"\n<figure class=\"wp-block-image size-large\"><img fetchpriority=\"high\" decoding=\"async\" width=\"1024\" height=\"620\" src=\"https:\/\/www.opinionpublica.tv\/portada\/wp-content\/uploads\/2025\/10\/El-acoso-judicial-amenaza-libertad-de-expresion-en-Mexico-advierte-la-SIP-1024x620.avif\" alt=\"El acoso judicial amenaza libertad de expresio\u0301n en me\u0301xico; advierte la sip\" class=\"wp-image-70495\" srcset=\"https:\/\/www.opinionpublica.tv\/portada\/wp-content\/uploads\/2025\/10\/El-acoso-judicial-amenaza-libertad-de-expresion-en-Mexico-advierte-la-SIP-1024x620.avif 1024w, https:\/\/www.opinionpublica.tv\/portada\/wp-content\/uploads\/2025\/10\/El-acoso-judicial-amenaza-libertad-de-expresion-en-Mexico-advierte-la-SIP-300x182.avif 300w, https:\/\/www.opinionpublica.tv\/portada\/wp-content\/uploads\/2025\/10\/El-acoso-judicial-amenaza-libertad-de-expresion-en-Mexico-advierte-la-SIP-768x465.avif 768w, https:\/\/www.opinionpublica.tv\/portada\/wp-content\/uploads\/2025\/10\/El-acoso-judicial-amenaza-libertad-de-expresion-en-Mexico-advierte-la-SIP.avif 1100w\" sizes=\"(max-width: 1024px) 100vw, 1024px\" \/><\/figure>\n\n\n\n<p class=\"wp-block-paragraph\"><em>Punta Cana, Rep\u00fablica Dominicana<\/em>.- El acoso judicial se consolid\u00f3 como uno de los principales mecanismos de censura. Gobernadores, legisladores y funcionarios utilizaron figuras como \u201cviolencia pol\u00edtica de g\u00e9nero\u201d y demandas por da\u00f1o moral para inhibir la cr\u00edtica.<\/p>\n\n\n\n<p class=\"wp-block-paragraph\">Casos en los estados de Campeche y Sonora fueron los m\u00e1s notorios, pero tambi\u00e9n hubo sanciones en Veracruz, Nuevo Le\u00f3n, Coahuila y Tamaulipas, en los que resultaron afectados periodistas consolidados como ciudadanos activos en redes, reporta el m\u00e1s reciente informe sobre la libertad de expresi\u00f3n de la Sociedad Interamericana de Prensa (SIP).<\/p>\n\n\n\n<p class=\"wp-block-paragraph\">Durante la 81 Asamblea General de la SIP, se present\u00f3 el informe sobre M\u00e9xico de la Comisi\u00f3n de Libertad de Expresi\u00f3n en el que se detalla que la \u201clibertad de prensa enfrent\u00f3 un panorama complejo en este per\u00edodo, en especial por el uso de instrumentos judiciales y regulatorios para limitar la cr\u00edtica\u201d.<\/p>\n\n\n\n<p class=\"wp-block-paragraph\">El reporte hace menci\u00f3n de diversos casos en los que el poder ha utilizado el acoso judicial para intentar censurar y acosar a medios y periodistas, entre ellos el del peri\u00f3dico El Universal y su columnista H\u00e9ctor de Maule\u00f3n, por parte de la actual titular del Poder Judicial del gobierno de Tamaulipas, Tania Contreras L\u00f3pez.<\/p>\n\n\n\n<p class=\"wp-block-paragraph\">Sobre la actitud del gobierno federal con la prensa, el reporte se\u00f1ala que la presidenta Claudia Sheinbaum ha mantenido una relaci\u00f3n ambivalente, ya que por un lado radicaliz\u00f3 su discurso contra la prensa ante la informaci\u00f3n de diversos medios que vinculan a funcionarios del gobierno anterior con casos de corrupci\u00f3n, mientras que por otro, rechaz\u00f3 p\u00fablicamente la censura al pedir al Senado que frenera un art\u00edculo de la nueva Ley de Telecomunicaciones que facultaba al gobierno a bloquear las plataformas digitales.<\/p>\n\n\n\n<p class=\"wp-block-paragraph\">\u201cLa gobernadora de Campeche, Layda Sansores, denunci\u00f3 a Jorge Luis Gonz\u00e1lez Valdez, exdirector del diario Tribuna. El periodista fue vinculado a un proceso por incitaci\u00f3n al odio y violencia de g\u00e9nero. Un juez orden\u00f3 el cierre del medio por dos a\u00f1os, adem\u00e1s de prohibirle ejercer el periodismo en ese lapso. Tambi\u00e9n le asign\u00f3 un censor que debe revisar sus columnas antes de ser publicadas para evitar que mencione a la gobernadora. Gonz\u00e1lez Valdez tambi\u00e9n enfrenta una demanda civil interpuesta por Walther Patr\u00f3n Bacab, vocero del gobierno. La gobernadora tambi\u00e9n demand\u00f3 a los reporteros Abraham y Carlos Mart\u00ednez\u201d , apunta el informe.<\/p>\n\n\n\n<p class=\"wp-block-paragraph\">Y a\u00f1ade: \u201cla ciudadana Karla Mar\u00eda Estrella fue sancionada por el Tribunal Electoral del Poder Judicial de la Federaci\u00f3n tras un comentario en X sobre nepotismo entre el diputado Sergio Guti\u00e9rrez Luna y su esposa. Se le impuso una multa, una disculpa p\u00fablica obligatoria durante treinta d\u00edas y su inscripci\u00f3n en el Registro Nacional de Personas Sancionadas en Materia de Violencia Pol\u00edtica de G\u00e9nero, hasta 2027. Estrella anunci\u00f3 que denunciar\u00e1 el caso ante la Comisi\u00f3n Interamericana de Derechos Humanos.<\/p>\n\n\n\n<p class=\"wp-block-paragraph\">\u201cEn mayo, la exconsejera jur\u00eddica del gobierno de Tamaulipas, Tania Contreras L\u00f3pez, demand\u00f3 por calumnia y violencia pol\u00edtica de g\u00e9nero al columnista H\u00e9ctor de Maule\u00f3n y el diario El Universal, por una columna titulada \u201cHuachicol y poder judicial en Tamaulipas\u201d, en la que de Maule\u00f3n denunciaba presuntas redes de corrupci\u00f3n ligadas al tr\u00e1fico ilegal de combustibles, sobornos y extorsiones. Aunque el Instituto Electoral concluy\u00f3 que no exist\u00eda violencia pol\u00edtica de g\u00e9nero, mantuvo la orden de que se retire la columna. Tambi\u00e9n sancion\u00f3 a El Universal con una multa, la obligaci\u00f3n de ofrecer una disculpa p\u00fablica y medidas de reparaci\u00f3n. La decisi\u00f3n fue impugnada ante el Tribunal Electoral de Tamaulipas\u201d.<\/p>\n\n\n\n<p class=\"wp-block-paragraph\">Tambi\u00e9n hace referencia a otros dos casos en Coahuila y Puebla.<\/p>\n\n\n\n<p class=\"wp-block-paragraph\">\u201cEl diario Vanguardia de Saltillo enfrent\u00f3 un litigio mercantil. Fue iniciado supuestamente por un adeudo de hace d\u00e9cadas, que ha derivado en la orden de embargar los bienes del diario. El medio denunci\u00f3 que el juicio se resolvi\u00f3 con rapidez extraordinaria, criterios jur\u00eddicos d\u00e9biles y posibles conflictos de inter\u00e9s, y puso en dudas la imparcialidad del Poder Judicial. Otros actos en contra del medio a trav\u00e9s de operativos estatales, vigilancia e intimidaci\u00f3n a su personal, reforzaron la percepci\u00f3n de hostigamiento judicial. La SIP y otras organizaciones calificaron al fallo como un ataque indirecto para silenciar informaci\u00f3n cr\u00edtica\u201d.<\/p>\n\n\n\n<p class=\"wp-block-paragraph\">\u201cEl gobierno de Puebla aprob\u00f3 en junio una reforma al C\u00f3digo Penal estatal que introduce el delito de \u201cciberasedio\u201d. Bajo esta figura legal, se sancionar\u00e1 con hasta tres a\u00f1os de prisi\u00f3n y una multa de unos 40 mil pesos a quien, mediante redes sociales, correo electr\u00f3nico u otros espacios digitales, insulte, injurie, ofenda, agravie o veje a otra persona, de forma insistente, causando da\u00f1o emocional o riesgo a su integridad emocional. La reforma se argument\u00f3 para combatir delitos digitales como el acoso, el robo de identidad, el grooming y la violencia en l\u00ednea, aunque tambi\u00e9n pudiera afectar a los textos period\u00edsticos. Tras la protesta de la prensa, los legisladores moderaron el texto para proteger la labor informativa\u201d.<\/p>\n\n\n\n<p class=\"wp-block-paragraph\">Finalmente el informe resalta que periodistas y varias ONG denunciaron que, durante este gobierno, la oficina de Transparencia para el Pueblo desech\u00f3 99.6 por ciento de las solicitudes de informaci\u00f3n.<\/p>\n\n\n\n<p class=\"wp-block-paragraph\">Esta oficina se constituy\u00f3 en reemplazo del desaparecido Instituto Nacional de Acceso de la Informaci\u00f3n y Protecci\u00f3n de Datos Personales.<\/p>\n\n\n\n<p class=\"wp-block-paragraph\"><em>Con informaci\u00f3n de El Universal<\/em>.<\/p>\n","protected":false},"excerpt":{"rendered":"<p>Punta Cana, Rep\u00fablica Dominicana.- El acoso judicial se consolid\u00f3 como uno de los principales mecanismos de censura. Gobernadores, legisladores y funcionarios utilizaron figuras como \u201cviolencia pol\u00edtica de g\u00e9nero\u201d y demandas por da\u00f1o moral para inhibir la cr\u00edtica. Casos en los estados de Campeche y Sonora fueron los m\u00e1s notorios, pero tambi\u00e9n hubo sanciones en Veracruz, [&hellip;]<\/p>\n","protected":false},"author":6,"featured_media":70495,"comment_status":"closed","ping_status":"closed","sticky":false,"template":"","format":"standard","meta":{"_acf_changed":false,"_monsterinsights_skip_tracking":false,"slim_seo":{"title":"El acoso judicial amenaza libertad de expresi\u00f3n en M\u00e9xico; advierte la SIP - Opini\u00f3n P\u00fablica","description":"Punta Cana, Rep\u00fablica Dominicana .- El acoso judicial se consolid\u00f3 como uno de los principales mecanismos de censura. Gobernadores, legisladores y funcionarios"},"footnotes":""},"categories":[4],"tags":[],"class_list":["post-70490","post","type-post","status-publish","format-standard","has-post-thumbnail","hentry","category-pulsopolitico"],"acf":[],"_links":{"self":[{"href":"https:\/\/www.opinionpublica.tv\/portada\/wp-json\/wp\/v2\/posts\/70490","targetHints":{"allow":["GET"]}}],"collection":[{"href":"https:\/\/www.opinionpublica.tv\/portada\/wp-json\/wp\/v2\/posts"}],"about":[{"href":"https:\/\/www.opinionpublica.tv\/portada\/wp-json\/wp\/v2\/types\/post"}],"author":[{"embeddable":true,"href":"https:\/\/www.opinionpublica.tv\/portada\/wp-json\/wp\/v2\/users\/6"}],"replies":[{"embeddable":true,"href":"https:\/\/www.opinionpublica.tv\/portada\/wp-json\/wp\/v2\/comments?post=70490"}],"version-history":[{"count":3,"href":"https:\/\/www.opinionpublica.tv\/portada\/wp-json\/wp\/v2\/posts\/70490\/revisions"}],"predecessor-version":[{"id":70496,"href":"https:\/\/www.opinionpublica.tv\/portada\/wp-json\/wp\/v2\/posts\/70490\/revisions\/70496"}],"wp:featuredmedia":[{"embeddable":true,"href":"https:\/\/www.opinionpublica.tv\/portada\/wp-json\/wp\/v2\/media\/70495"}],"wp:attachment":[{"href":"https:\/\/www.opinionpublica.tv\/portada\/wp-json\/wp\/v2\/media?parent=70490"}],"wp:term":[{"taxonomy":"category","embeddable":true,"href":"https:\/\/www.opinionpublica.tv\/portada\/wp-json\/wp\/v2\/categories?post=70490"},{"taxonomy":"post_tag","embeddable":true,"href":"https:\/\/www.opinionpublica.tv\/portada\/wp-json\/wp\/v2\/tags?post=70490"}],"curies":[{"name":"wp","href":"https:\/\/api.w.org\/{rel}","templated":true}]}}