{"id":70457,"date":"2025-10-17T00:01:00","date_gmt":"2025-10-17T06:01:00","guid":{"rendered":"https:\/\/www.opinionpublica.tv\/portada\/?p=70457"},"modified":"2025-10-16T22:20:14","modified_gmt":"2025-10-17T04:20:14","slug":"mexico-y-canada-refuerzan-su-alianza-agroalimentaria-bajo-el-plan-de-accion-2025-2028","status":"publish","type":"post","link":"https:\/\/www.opinionpublica.tv\/portada\/mexico-y-canada-refuerzan-su-alianza-agroalimentaria-bajo-el-plan-de-accion-2025-2028\/","title":{"rendered":"M\u00e9xico y Canad\u00e1 refuerzan su alianza agroalimentaria bajo el Plan de Acci\u00f3n 2025-2028"},"content":{"rendered":"\n<figure class=\"wp-block-image size-large\"><img fetchpriority=\"high\" decoding=\"async\" width=\"1024\" height=\"683\" src=\"https:\/\/www.opinionpublica.tv\/portada\/wp-content\/uploads\/2025\/10\/Mexico-y-Canada-refuerzan-su-alianza-agroalimentaria-bajo-el-Plan-de-Accion-2025-2028-1024x683.webp\" alt=\"Me\u0301xico y canada\u0301 refuerzan su alianza agroalimentaria bajo el plan de accio\u0301n 2025 2028\" class=\"wp-image-70460\" srcset=\"https:\/\/www.opinionpublica.tv\/portada\/wp-content\/uploads\/2025\/10\/Mexico-y-Canada-refuerzan-su-alianza-agroalimentaria-bajo-el-Plan-de-Accion-2025-2028-1024x683.webp 1024w, https:\/\/www.opinionpublica.tv\/portada\/wp-content\/uploads\/2025\/10\/Mexico-y-Canada-refuerzan-su-alianza-agroalimentaria-bajo-el-Plan-de-Accion-2025-2028-300x200.webp 300w, https:\/\/www.opinionpublica.tv\/portada\/wp-content\/uploads\/2025\/10\/Mexico-y-Canada-refuerzan-su-alianza-agroalimentaria-bajo-el-Plan-de-Accion-2025-2028-768x512.webp 768w, https:\/\/www.opinionpublica.tv\/portada\/wp-content\/uploads\/2025\/10\/Mexico-y-Canada-refuerzan-su-alianza-agroalimentaria-bajo-el-Plan-de-Accion-2025-2028.webp 1200w\" sizes=\"(max-width: 1024px) 100vw, 1024px\" \/><\/figure>\n\n\n\n<p class=\"wp-block-paragraph\"><em>Ciudad de M\u00e9xico<\/em>.- Los gobiernos de M\u00e9xico y Canad\u00e1 reafirmaron su compromiso para seguir fortaleciendo su relaci\u00f3n como \u201csocios estrat\u00e9gicos\u201d en el comercio agroalimentario global, lo que ha permitido que, en el marco del T-MEC, los negocios bilaterales en esta materia crecieran 50 por ciento entre 2018 y 2023.<\/p>\n\n\n\n<p class=\"wp-block-paragraph\">Informaci\u00f3n de la Secretar\u00eda de Econom\u00eda, indica que el comercio en el sector entre los dos pa\u00edses fue de 2 mil 739 millones de d\u00f3lares y parea 2022 \u2014el \u00faltimo dato\u2014 alcanz\u00f3 los 3 mil 986 millones de d\u00f3lares.<\/p>\n\n\n\n<p class=\"wp-block-paragraph\">En un comunicado conjunto, este jueves las dos administraciones informaron que como parte del Plan de Acci\u00f3n Canad\u00e1-M\u00e9xico 2025-2028 \u2014signado en d\u00edas pasados por la presidenta Claudia Sheinbaum y el primer ministro canadiense, Mark Carney\u2014 ratificaron su alianza bilateral \u201cpara garantizar sistemas alimentarios sostenibles, residentes e inclusivos\u201d.<\/p>\n\n\n\n<p class=\"wp-block-paragraph\">En ese sentido, el secretario de Agricultura y Desarrollo Rural, Julio Berdegu\u00e9 Sacrist\u00e1n, y el ministro de Agricultura y Agroalimentaci\u00f3n de Canad\u00e1, Heath MacDonald, se reunieron el 14 de octubre, como parte de la visita de trabajo que el funcionario canadiense realiza a M\u00e9xico.<\/p>\n\n\n\n<p class=\"wp-block-paragraph\">Ambos funcionarios destacaron la relevancia de ampliar la cooperaci\u00f3n t\u00e9cnica y comercial, y resaltaron los avances en el comercio agroalimentario, investigaci\u00f3n cient\u00edfica, innovaci\u00f3n tecnol\u00f3gica y desarrollo rural sostenible.<\/p>\n\n\n\n<p class=\"wp-block-paragraph\">Berdegu\u00e9 enfatiz\u00f3 en la necesidad de fortalecer las cadenas de valor integradas de Am\u00e9rica del Norte, promover la productividad sostenible y reforzar los mecanismos de cooperaci\u00f3n para enfrentar desaf\u00edos comunes como el cambio clim\u00e1tico, la sanidad animal y vegetal, y la transici\u00f3n hacia una agricultura de bajas emisiones.<\/p>\n\n\n\n<p class=\"wp-block-paragraph\">Mientras que MacDonald reconoci\u00f3 \u201cel papel clave\u201d de M\u00e9xico como socio global estrat\u00e9gico y reforz\u00f3 las oportunidades para fortalecer el comercio bilateral y la cooperaci\u00f3n t\u00e9cnica, especialmente en los sectores de granos, oleaginosas, horticultura y prote\u00ednas animales, respetando los sistemas de inspecci\u00f3n y regulaci\u00f3n de cada pa\u00eds.<\/p>\n\n\n\n<p class=\"wp-block-paragraph\">En este primer encuentro, los dos encargados del sector agr\u00edcola de estas naciones acordaron avanzar en la implementaci\u00f3n del Plan de Trabajo en Materia de Medidas Sanitarias y Fitosanitarias para ampliar el acceso a mercados y garantizar productos competitivos, seguros y de alta calidad para consumidores y procesadores.<\/p>\n\n\n\n<p class=\"wp-block-paragraph\">Tambi\u00e9n convinieron en adoptar la certificaci\u00f3n electr\u00f3nica para productos vegetales como canola y trigo, y analizar expandir esta herramienta a otros productos.<\/p>\n\n\n\n<p class=\"wp-block-paragraph\">M\u00e9xico acept\u00f3 la propuesta canadiense para facilitar los requisitos de importaci\u00f3n de manzanas elegibles de las provincias del este de Canad\u00e1; en tanto que el socio comercial admiti\u00f3 establecer un grupo de trabajo conjunto para analizar y proponer medidas que apoyen el reconocimiento regulatorio en carne y productos del mar.<\/p>\n\n\n\n<p class=\"wp-block-paragraph\">En el intercambio comercial en agroalimentos, M\u00e9xico exporta a Canad\u00e1 productos como berries, fresa, aguacate, mango, guayaba, uva, pl\u00e1tano, lechuga, tomate, cebolla, lim\u00f3n, coliflor, br\u00f3coli, chile, pimiento, carne de bovino, preparados de cacao y galletas; mientras que el pa\u00eds del norte enviado al mercado mexicano aceite de colza, carne de res y sus derivados, galletas, cacao y productos preparados de \u00e9ste, entre otros. (La Jornada)<\/p>\n","protected":false},"excerpt":{"rendered":"<p>Ciudad de M\u00e9xico.- Los gobiernos de M\u00e9xico y Canad\u00e1 reafirmaron su compromiso para seguir fortaleciendo su relaci\u00f3n como \u201csocios estrat\u00e9gicos\u201d en el comercio agroalimentario global, lo que ha permitido que, en el marco del T-MEC, los negocios bilaterales en esta materia crecieran 50 por ciento entre 2018 y 2023. Informaci\u00f3n de la Secretar\u00eda de Econom\u00eda, [&hellip;]<\/p>\n","protected":false},"author":6,"featured_media":70460,"comment_status":"closed","ping_status":"closed","sticky":false,"template":"","format":"standard","meta":{"_acf_changed":false,"_monsterinsights_skip_tracking":false,"slim_seo":{"title":"M\u00e9xico y Canad\u00e1 refuerzan su alianza agroalimentaria bajo el Plan de Acci\u00f3n 2025-2028 - Opini\u00f3n P\u00fablica","description":"Ciudad de M\u00e9xico .- Los gobiernos de M\u00e9xico y Canad\u00e1 reafirmaron su compromiso para seguir fortaleciendo su relaci\u00f3n como \u201csocios estrat\u00e9gicos\u201d en el comercio a"},"footnotes":""},"categories":[4],"tags":[],"class_list":["post-70457","post","type-post","status-publish","format-standard","has-post-thumbnail","hentry","category-pulsopolitico"],"acf":[],"_links":{"self":[{"href":"https:\/\/www.opinionpublica.tv\/portada\/wp-json\/wp\/v2\/posts\/70457","targetHints":{"allow":["GET"]}}],"collection":[{"href":"https:\/\/www.opinionpublica.tv\/portada\/wp-json\/wp\/v2\/posts"}],"about":[{"href":"https:\/\/www.opinionpublica.tv\/portada\/wp-json\/wp\/v2\/types\/post"}],"author":[{"embeddable":true,"href":"https:\/\/www.opinionpublica.tv\/portada\/wp-json\/wp\/v2\/users\/6"}],"replies":[{"embeddable":true,"href":"https:\/\/www.opinionpublica.tv\/portada\/wp-json\/wp\/v2\/comments?post=70457"}],"version-history":[{"count":2,"href":"https:\/\/www.opinionpublica.tv\/portada\/wp-json\/wp\/v2\/posts\/70457\/revisions"}],"predecessor-version":[{"id":70461,"href":"https:\/\/www.opinionpublica.tv\/portada\/wp-json\/wp\/v2\/posts\/70457\/revisions\/70461"}],"wp:featuredmedia":[{"embeddable":true,"href":"https:\/\/www.opinionpublica.tv\/portada\/wp-json\/wp\/v2\/media\/70460"}],"wp:attachment":[{"href":"https:\/\/www.opinionpublica.tv\/portada\/wp-json\/wp\/v2\/media?parent=70457"}],"wp:term":[{"taxonomy":"category","embeddable":true,"href":"https:\/\/www.opinionpublica.tv\/portada\/wp-json\/wp\/v2\/categories?post=70457"},{"taxonomy":"post_tag","embeddable":true,"href":"https:\/\/www.opinionpublica.tv\/portada\/wp-json\/wp\/v2\/tags?post=70457"}],"curies":[{"name":"wp","href":"https:\/\/api.w.org\/{rel}","templated":true}]}}