{"id":70418,"date":"2025-10-17T00:01:00","date_gmt":"2025-10-17T06:01:00","guid":{"rendered":"https:\/\/www.opinionpublica.tv\/portada\/?p=70418"},"modified":"2025-10-16T21:09:04","modified_gmt":"2025-10-17T03:09:04","slug":"formalizan-gobierno-municipal-y-canieti-convenio-para-regular-cableado-aereo","status":"publish","type":"post","link":"https:\/\/www.opinionpublica.tv\/portada\/formalizan-gobierno-municipal-y-canieti-convenio-para-regular-cableado-aereo\/","title":{"rendered":"Gobierno Municipal y Canieti formalizan un convenio para regular el cableado a\u00e9reo"},"content":{"rendered":"\n<figure class=\"wp-block-image size-large\"><img fetchpriority=\"high\" decoding=\"async\" width=\"1024\" height=\"682\" src=\"https:\/\/www.opinionpublica.tv\/portada\/wp-content\/uploads\/2025\/10\/Gobierno-Municipal-y-Canieti-formalizan-un-convenio-para-regular-el-cableado-aereo-1024x682.jpeg\" alt=\"Gobierno municipal y canieti formalizan un convenio para regular el cableado ae\u0301reo\" class=\"wp-image-70424\" srcset=\"https:\/\/www.opinionpublica.tv\/portada\/wp-content\/uploads\/2025\/10\/Gobierno-Municipal-y-Canieti-formalizan-un-convenio-para-regular-el-cableado-aereo-1024x682.jpeg 1024w, https:\/\/www.opinionpublica.tv\/portada\/wp-content\/uploads\/2025\/10\/Gobierno-Municipal-y-Canieti-formalizan-un-convenio-para-regular-el-cableado-aereo-300x200.jpeg 300w, https:\/\/www.opinionpublica.tv\/portada\/wp-content\/uploads\/2025\/10\/Gobierno-Municipal-y-Canieti-formalizan-un-convenio-para-regular-el-cableado-aereo-768x512.jpeg 768w, https:\/\/www.opinionpublica.tv\/portada\/wp-content\/uploads\/2025\/10\/Gobierno-Municipal-y-Canieti-formalizan-un-convenio-para-regular-el-cableado-aereo-1536x1023.jpeg 1536w, https:\/\/www.opinionpublica.tv\/portada\/wp-content\/uploads\/2025\/10\/Gobierno-Municipal-y-Canieti-formalizan-un-convenio-para-regular-el-cableado-aereo.jpeg 1600w\" sizes=\"(max-width: 1024px) 100vw, 1024px\" \/><\/figure>\n\n\n\n<p class=\"wp-block-paragraph\"><em>Ciudad Ju\u00e1rez, Chih<\/em>.- Con el prop\u00f3sito de mejorar la imagen urbana y reducir la contaminaci\u00f3n visual, el Gobierno Municipal y la C\u00e1mara Nacional de la Industria Electr\u00f3nica de Telecomunicaciones y Tecnolog\u00edas de la Informaci\u00f3n (Canieti) firmaron un convenio de colaboraci\u00f3n para el retiro y reordenamiento del cableado a\u00e9reo en la ciudad.<\/p>\n\n\n\n<p class=\"wp-block-paragraph\">El presidente municipal, Cruz P\u00e9rez Cu\u00e9llar, mencion\u00f3 que uno de los reclamos de la ciudadan\u00eda es el desorden urbano que se observa con tanto cable a\u00e9reo, por lo que gracias a la voluntad de la Canieti y las empresas que lo conforman, este problema terminar\u00e1.<\/p>\n\n\n\n<p class=\"wp-block-paragraph\">Se\u00f1al\u00f3 que el Gobierno Municipal brindar\u00e1 todo el apoyo necesario a las empresas involucradas para facilitar las labores y contribuir a la mejora del entorno urbano.<\/p>\n\n\n\n<p class=\"wp-block-paragraph\">Reconoci\u00f3 el trabajo del regidor Alejandro Acosta Avi\u00f1a, impulsor del tema desde el inicio de la administraci\u00f3n, as\u00ed como el esfuerzo de la Direcci\u00f3n General de Desarrollo Urbano encabezada por Claudia Morales Medina, la Sindicatura Municipal y de la Secretar\u00eda del Ayuntamiento por participar en la revisi\u00f3n del documento.<\/p>\n\n\n\n<p class=\"wp-block-paragraph\">Acosta Avi\u00f1a, coordinador de la Comisi\u00f3n de Desarrollo Urbano, resalt\u00f3 que con este acuerdo se consolida una visi\u00f3n de gobierno enfocada en construir una ciudad m\u00e1s segura, ordenada y digna.<\/p>\n\n\n\n<p class=\"wp-block-paragraph\">Explic\u00f3 que los trabajos abarcar\u00e1n 236 cuadrantes y 91 vialidades principales, donde se retirar\u00e1 el cableado en desuso, se reacomodar\u00e1n las l\u00edneas activas y se corregir\u00e1n instalaciones que interfieran con la infraestructura urbana.<\/p>\n\n\n\n<p class=\"wp-block-paragraph\">Agreg\u00f3 que estas acciones forman parte de la Cruzada por el Cambio, un proyecto integral que busca transformar la imagen de Ju\u00e1rez con la participaci\u00f3n de la ciudadan\u00eda y el sector empresarial.<\/p>\n\n\n\n<p class=\"wp-block-paragraph\">El vicepresidente nacional de Servicios de Telecomunicaciones de Canieti, Gonzalo Mart\u00ednez Pous, reconoci\u00f3 la iniciativa del Gobierno Municipal para emprender este esfuerzo conjunto, que coloca a Ciudad Ju\u00e1rez como la primera en el norte del pa\u00eds en atender de manera integral el ordenamiento del cableado a\u00e9reo.<\/p>\n\n\n\n<p class=\"wp-block-paragraph\">Destac\u00f3 la participaci\u00f3n de las empresas Total Play, Megacable, AT&amp;T, Izzi y Axtel en esta primera etapa del proyecto, que permitir\u00e1 retirar material en desuso y mejorar la calidad de los servicios de telecomunicaciones sin afectar la conectividad.<\/p>\n\n\n\n<p class=\"wp-block-paragraph\">El director general de Canieti, Alfredo Pacheco, explic\u00f3 que este acuerdo permitir\u00e1 coordinar acciones entre Gobierno y operadores de servicios para ordenar el cableado, mantener los espacios p\u00fablicos limpios y garantizar la continuidad de la conectividad.<\/p>\n\n\n\n<p class=\"wp-block-paragraph\">Se\u00f1al\u00f3 que la colaboraci\u00f3n institucional demuestra que con voluntad y trabajo conjunto, se pueden resolver problem\u00e1ticas que impactan directamente en la calidad de vida y el entorno urbano.<\/p>\n\n\n\n<p class=\"wp-block-paragraph\">Durante el evento estuvieron el director general adjunto de operaciones de Canieti, Javier Altamirano; el secretario del Ayuntamiento, H\u00e9ctor Rafael Ortiz Orpinel; la directora general de Desarrollo Urbano, Claudia Morales Medina y la s\u00edndica municipal, Ana Estrada.<\/p>\n","protected":false},"excerpt":{"rendered":"<p>Ciudad Ju\u00e1rez, Chih.- Con el prop\u00f3sito de mejorar la imagen urbana y reducir la contaminaci\u00f3n visual, el Gobierno Municipal y la C\u00e1mara Nacional de la Industria Electr\u00f3nica de Telecomunicaciones y Tecnolog\u00edas de la Informaci\u00f3n (Canieti) firmaron un convenio de colaboraci\u00f3n para el retiro y reordenamiento del cableado a\u00e9reo en la ciudad. El presidente municipal, Cruz [&hellip;]<\/p>\n","protected":false},"author":6,"featured_media":70424,"comment_status":"closed","ping_status":"closed","sticky":false,"template":"","format":"standard","meta":{"_acf_changed":false,"_monsterinsights_skip_tracking":false,"slim_seo":{"title":"Gobierno Municipal y Canieti formalizan un convenio para regular el cableado a\u00e9reo - Opini\u00f3n P\u00fablica","description":"Ciudad Ju\u00e1rez, Chih .- Con el prop\u00f3sito de mejorar la imagen urbana y reducir la contaminaci\u00f3n visual, el Gobierno Municipal y la C\u00e1mara Nacional de la Industri"},"footnotes":""},"categories":[41],"tags":[],"class_list":["post-70418","post","type-post","status-publish","format-standard","has-post-thumbnail","hentry","category-juarez"],"acf":[],"_links":{"self":[{"href":"https:\/\/www.opinionpublica.tv\/portada\/wp-json\/wp\/v2\/posts\/70418","targetHints":{"allow":["GET"]}}],"collection":[{"href":"https:\/\/www.opinionpublica.tv\/portada\/wp-json\/wp\/v2\/posts"}],"about":[{"href":"https:\/\/www.opinionpublica.tv\/portada\/wp-json\/wp\/v2\/types\/post"}],"author":[{"embeddable":true,"href":"https:\/\/www.opinionpublica.tv\/portada\/wp-json\/wp\/v2\/users\/6"}],"replies":[{"embeddable":true,"href":"https:\/\/www.opinionpublica.tv\/portada\/wp-json\/wp\/v2\/comments?post=70418"}],"version-history":[{"count":4,"href":"https:\/\/www.opinionpublica.tv\/portada\/wp-json\/wp\/v2\/posts\/70418\/revisions"}],"predecessor-version":[{"id":70425,"href":"https:\/\/www.opinionpublica.tv\/portada\/wp-json\/wp\/v2\/posts\/70418\/revisions\/70425"}],"wp:featuredmedia":[{"embeddable":true,"href":"https:\/\/www.opinionpublica.tv\/portada\/wp-json\/wp\/v2\/media\/70424"}],"wp:attachment":[{"href":"https:\/\/www.opinionpublica.tv\/portada\/wp-json\/wp\/v2\/media?parent=70418"}],"wp:term":[{"taxonomy":"category","embeddable":true,"href":"https:\/\/www.opinionpublica.tv\/portada\/wp-json\/wp\/v2\/categories?post=70418"},{"taxonomy":"post_tag","embeddable":true,"href":"https:\/\/www.opinionpublica.tv\/portada\/wp-json\/wp\/v2\/tags?post=70418"}],"curies":[{"name":"wp","href":"https:\/\/api.w.org\/{rel}","templated":true}]}}