{"id":70404,"date":"2025-10-17T00:01:00","date_gmt":"2025-10-17T06:01:00","guid":{"rendered":"https:\/\/www.opinionpublica.tv\/portada\/?p=70404"},"modified":"2025-10-16T20:11:11","modified_gmt":"2025-10-17T02:11:11","slug":"justicia-digital","status":"publish","type":"post","link":"https:\/\/www.opinionpublica.tv\/portada\/justicia-digital\/","title":{"rendered":"Justicia digital"},"content":{"rendered":"\n<h4 class=\"wp-block-heading\">Ra\u00fal Ruiz<\/h4>\n\n\n\n<p class=\"wp-block-paragraph\">____________________________<\/p>\n\n\n\n<p class=\"wp-block-paragraph\">La reforma reciente al juicio de amparo en M\u00e9xico, recientemente aprobada, marca un giro significativo hacia la modernizaci\u00f3n del sistema judicial y la consolidaci\u00f3n de la justicia digital.<\/p>\n\n\n\n<p class=\"wp-block-paragraph\">Aqu\u00ed les presento unos puntos clave.<\/p>\n\n\n\n<p class=\"wp-block-paragraph\">* Reforma al Juicio de Amparo.<\/p>\n\n\n\n<p class=\"wp-block-paragraph\">Impulsada por el gobierno de Claudia Sheinbaum y aprobada por ambas c\u00e1maras del Congreso, esta reforma busca actualizar la Ley de Amparo Reglamentaria de los art\u00edculos 103 y 107 constitucionales.<\/p>\n\n\n\n<p class=\"wp-block-paragraph\">Entre sus principales cambios destacan:<\/p>\n\n\n\n<p class=\"wp-block-paragraph\">&#8211; Juicio en l\u00ednea: Se incorpora la posibilidad de tramitar el juicio de amparo de forma digital, lo que agiliza procesos y facilita el acceso a la justicia.<\/p>\n\n\n\n<p class=\"wp-block-paragraph\">&#8211; Plazos m\u00e1s claros: Se establecen tiempos definidos para la presentaci\u00f3n de demandas, resoluciones y notificaciones, reduciendo la ambig\u00fcedad procesal.<\/p>\n\n\n\n<p class=\"wp-block-paragraph\">&#8211; L\u00edmites a la suspensi\u00f3n del acto reclamado: Se restringe el uso de suspensiones para evitar que se utilicen como t\u00e1cticas dilatorias o de evasi\u00f3n fiscal.<\/p>\n\n\n\n<p class=\"wp-block-paragraph\">&#8211; Armonizaci\u00f3n con el r\u00e9gimen fiscal: Se vincula la Ley de Amparo con el C\u00f3digo Fiscal de la Federaci\u00f3n, buscando evitar que el juicio de amparo se utilice para frenar el cumplimiento de obligaciones tributarias.<\/p>\n\n\n\n<p class=\"wp-block-paragraph\">&#8211; Fortalecimiento institucional: Se reforman tambi\u00e9n disposiciones de la Ley Org\u00e1nica del Tribunal Federal de Justicia Administrativa para adaptarse a los nuevos mecanismos digitales.<\/p>\n\n\n\n<p class=\"wp-block-paragraph\">* Justicia Digital: \u00bfQu\u00e9 implica?<\/p>\n\n\n\n<p class=\"wp-block-paragraph\">La justicia digital no es solo una herramienta tecnol\u00f3gica, sino una transformaci\u00f3n estructural del acceso y ejercicio de derechos.<\/p>\n\n\n\n<p class=\"wp-block-paragraph\">En este contexto:<\/p>\n\n\n\n<p class=\"wp-block-paragraph\">&#8211; Acceso remoto: Las personas podr\u00e1n presentar demandas, consultar expedientes y recibir notificaciones sin acudir f\u00edsicamente a los tribunales.<\/p>\n\n\n\n<p class=\"wp-block-paragraph\">&#8211; Transparencia y trazabilidad: Los procesos digitales permiten mayor control sobre los tiempos y decisiones judiciales.<\/p>\n\n\n\n<p class=\"wp-block-paragraph\">&#8211; Inclusi\u00f3n jur\u00eddica: Se busca que personas en zonas alejadas o con limitaciones f\u00edsicas puedan ejercer sus derechos sin barreras geogr\u00e1ficas.<\/p>\n\n\n\n<p class=\"wp-block-paragraph\">Ahora, perm\u00edteme una opini\u00f3n socarrona.<\/p>\n\n\n\n<p class=\"wp-block-paragraph\">Un viaje desde Ampar\u00f3polis hasta Clicklandia: Cr\u00f3nica de una Justicia Transfigurada.<\/p>\n\n\n\n<p class=\"wp-block-paragraph\">En CJTOWN, donde los rumores se destilan como mezcal y los jueces son hologramas con toga de p\u00edxeles, ha aterrizado la Reforma del Juicio de Amparo versi\u00f3n 2025.<\/p>\n\n\n\n<p class=\"wp-block-paragraph\">No lleg\u00f3 en burro ni en dron, sino en PDF, con firma digital y promesa de redenci\u00f3n institucional.<\/p>\n\n\n\n<p class=\"wp-block-paragraph\">La justicia, dicen, se ha vuelto digital. Pero aqu\u00ed, sospechamos que lo que se ha vuelto es&#8230; l\u00edquida.<\/p>\n\n\n\n<p class=\"wp-block-paragraph\">La metamorfosis \u00e9tica comienza cuando el ciudadano, antes peregrino del papel sellado, se convierte en usuario. Ya no clama ante el templo del Poder Judicial, sino que hace clic en el \u00edcono de \u201cDemanda de Amparo\u201d. \u00bfQui\u00e9n necesita un escribano cuando tienes un CAPTCHA que te pregunta si eres humano?<\/p>\n\n\n\n<p class=\"wp-block-paragraph\">La suspensi\u00f3n del acto reclamado, ese viejo conjuro jur\u00eddico, ha sido domado.<\/p>\n\n\n\n<p class=\"wp-block-paragraph\">Ya no se usa para congelar auditor\u00edas ni para proteger al evasor con fuero.<\/p>\n\n\n\n<p class=\"wp-block-paragraph\">Ahora, el sistema te pregunta si deseas suspender el acto&#8230; pero solo si aceptas los t\u00e9rminos y condiciones. Spoiler: nadie los lee.<\/p>\n\n\n\n<p class=\"wp-block-paragraph\">Los magistrados, por su parte, han sido entrenados en Zoomolog\u00eda.<\/p>\n\n\n\n<p class=\"wp-block-paragraph\">Ya no dictan sentencias desde la solemnidad del estrado, sino desde su comedor, entre el caf\u00e9 y el perro que ladra.<\/p>\n\n\n\n<p class=\"wp-block-paragraph\">La justicia se ha vuelto dom\u00e9stica, con fondo de cortinas floreadas y micr\u00f3fono que se activa justo cuando el fallo se pronuncia.<\/p>\n\n\n\n<p class=\"wp-block-paragraph\">Pero no todo es distop\u00eda. En CJTOWN celebramos que el juicio de amparo ya no depende del tr\u00e1fico vehicular ni del humor del archivista.<\/p>\n\n\n\n<p class=\"wp-block-paragraph\">La justicia digital, aunque a\u00fan en pa\u00f1ales, permite que el campesino de la Sierra y el monero de Ju\u00e1rez puedan impugnar el abuso sin viajar ni pagar mordida.<\/p>\n\n\n\n<p class=\"wp-block-paragraph\">Eso s\u00ed, siempre que tengan se\u00f1al y sepan diferenciar entre \u201cPDF adjunto\u201d y \u201cXML firmado\u201d.<\/p>\n\n\n\n<p class=\"wp-block-paragraph\">La pregunta que nos ronda es: \u00bfpuede haber metamorfosis \u00e9tica sin metamorfosis sem\u00e1ntica? \u00bfPuede el clic sustituir al grito, el algoritmo al alegato, el expediente al exorcismo?<\/p>\n\n\n\n<p class=\"wp-block-paragraph\">En CJTOWN creemos que s\u00ed, pero solo si la justicia digital no se convierte en justicia despersonalizada. Que el amparo no sea solo tr\u00e1mite, sino trinchera.<\/p>\n\n\n\n<p class=\"wp-block-paragraph\">Y mientras tanto, en Clicklandia, los jueces siguen dictando sentencias entre emojis y notificaciones.<\/p>\n\n\n\n<p class=\"wp-block-paragraph\">Porque en esta nueva era, el derecho no se escribe con pluma, sino con c\u00f3digo. Y el poder, como siempre, se disfraza de eficiencia.<\/p>\n","protected":false},"excerpt":{"rendered":"<p>Ra\u00fal Ruiz ____________________________ La reforma reciente al juicio de amparo en M\u00e9xico, recientemente aprobada, marca un giro significativo hacia la modernizaci\u00f3n del sistema judicial y la consolidaci\u00f3n de la justicia digital. Aqu\u00ed les presento unos puntos clave. * Reforma al Juicio de Amparo. Impulsada por el gobierno de Claudia Sheinbaum y aprobada por ambas c\u00e1maras [&hellip;]<\/p>\n","protected":false},"author":6,"featured_media":43347,"comment_status":"closed","ping_status":"closed","sticky":false,"template":"","format":"standard","meta":{"_acf_changed":false,"_monsterinsights_skip_tracking":false,"slim_seo":{"title":"Justicia digital - Opini\u00f3n P\u00fablica","description":"Ra\u00fal Ruiz ____________________________ La reforma reciente al juicio de amparo en M\u00e9xico, recientemente aprobada, marca un giro significativo hacia la moderniza"},"footnotes":""},"categories":[21],"tags":[593],"class_list":["post-70404","post","type-post","status-publish","format-standard","has-post-thumbnail","hentry","category-cartapacio","tag-cartapacio"],"acf":[],"_links":{"self":[{"href":"https:\/\/www.opinionpublica.tv\/portada\/wp-json\/wp\/v2\/posts\/70404","targetHints":{"allow":["GET"]}}],"collection":[{"href":"https:\/\/www.opinionpublica.tv\/portada\/wp-json\/wp\/v2\/posts"}],"about":[{"href":"https:\/\/www.opinionpublica.tv\/portada\/wp-json\/wp\/v2\/types\/post"}],"author":[{"embeddable":true,"href":"https:\/\/www.opinionpublica.tv\/portada\/wp-json\/wp\/v2\/users\/6"}],"replies":[{"embeddable":true,"href":"https:\/\/www.opinionpublica.tv\/portada\/wp-json\/wp\/v2\/comments?post=70404"}],"version-history":[{"count":2,"href":"https:\/\/www.opinionpublica.tv\/portada\/wp-json\/wp\/v2\/posts\/70404\/revisions"}],"predecessor-version":[{"id":70406,"href":"https:\/\/www.opinionpublica.tv\/portada\/wp-json\/wp\/v2\/posts\/70404\/revisions\/70406"}],"wp:featuredmedia":[{"embeddable":true,"href":"https:\/\/www.opinionpublica.tv\/portada\/wp-json\/wp\/v2\/media\/43347"}],"wp:attachment":[{"href":"https:\/\/www.opinionpublica.tv\/portada\/wp-json\/wp\/v2\/media?parent=70404"}],"wp:term":[{"taxonomy":"category","embeddable":true,"href":"https:\/\/www.opinionpublica.tv\/portada\/wp-json\/wp\/v2\/categories?post=70404"},{"taxonomy":"post_tag","embeddable":true,"href":"https:\/\/www.opinionpublica.tv\/portada\/wp-json\/wp\/v2\/tags?post=70404"}],"curies":[{"name":"wp","href":"https:\/\/api.w.org\/{rel}","templated":true}]}}