{"id":70331,"date":"2025-10-15T15:03:45","date_gmt":"2025-10-15T21:03:45","guid":{"rendered":"https:\/\/www.opinionpublica.tv\/portada\/?p=70331"},"modified":"2025-10-15T15:08:48","modified_gmt":"2025-10-15T21:08:48","slug":"encabeza-perez-cuellar-inauguracion-de-la-xiv-edicion-de-la-expo-mro-en-ciudad-juarez","status":"publish","type":"post","link":"https:\/\/www.opinionpublica.tv\/portada\/encabeza-perez-cuellar-inauguracion-de-la-xiv-edicion-de-la-expo-mro-en-ciudad-juarez\/","title":{"rendered":"Encabeza Cruz P\u00e9rez Cu\u00e9llar inauguraci\u00f3n de la XIV edici\u00f3n de la Expo MRO en Ju\u00e1rez"},"content":{"rendered":"\n<figure class=\"wp-block-image size-large\"><img fetchpriority=\"high\" decoding=\"async\" width=\"1024\" height=\"682\" src=\"https:\/\/www.opinionpublica.tv\/portada\/wp-content\/uploads\/2025\/10\/Encabeza-Cruz-Perez-Cuellar-inauguracion-de-la-XIV-edicion-de-la-Expo-MRO-en-Juarez-1024x682.jpeg\" alt=\"Encabeza cruz pe\u0301rez cue\u0301llar inauguracio\u0301n de la xiv edicio\u0301n de la expo mro en jua\u0301rez\" class=\"wp-image-70338\" srcset=\"https:\/\/www.opinionpublica.tv\/portada\/wp-content\/uploads\/2025\/10\/Encabeza-Cruz-Perez-Cuellar-inauguracion-de-la-XIV-edicion-de-la-Expo-MRO-en-Juarez-1024x682.jpeg 1024w, https:\/\/www.opinionpublica.tv\/portada\/wp-content\/uploads\/2025\/10\/Encabeza-Cruz-Perez-Cuellar-inauguracion-de-la-XIV-edicion-de-la-Expo-MRO-en-Juarez-300x200.jpeg 300w, https:\/\/www.opinionpublica.tv\/portada\/wp-content\/uploads\/2025\/10\/Encabeza-Cruz-Perez-Cuellar-inauguracion-de-la-XIV-edicion-de-la-Expo-MRO-en-Juarez-768x512.jpeg 768w, https:\/\/www.opinionpublica.tv\/portada\/wp-content\/uploads\/2025\/10\/Encabeza-Cruz-Perez-Cuellar-inauguracion-de-la-XIV-edicion-de-la-Expo-MRO-en-Juarez-1536x1023.jpeg 1536w, https:\/\/www.opinionpublica.tv\/portada\/wp-content\/uploads\/2025\/10\/Encabeza-Cruz-Perez-Cuellar-inauguracion-de-la-XIV-edicion-de-la-Expo-MRO-en-Juarez.jpeg 1600w\" sizes=\"(max-width: 1024px) 100vw, 1024px\" \/><\/figure>\n\n\n\n<p class=\"wp-block-paragraph\"><em>Ciudad Ju\u00e1rez, Chih<\/em>.- Con la participaci\u00f3n de autoridades municipales, representantes empresariales y l\u00edderes del sector manufacturero, este mi\u00e9rcoles fue inaugurada la d\u00e9cima cuarta edici\u00f3n de la Expo MRO, uno de los eventos industriales m\u00e1s relevantes del a\u00f1o para Ciudad Ju\u00e1rez y la regi\u00f3n norte del pa\u00eds.<\/p>\n\n\n\n<p class=\"wp-block-paragraph\">El acto inaugural cont\u00f3 con la presencia del Alcalde Cruz P\u00e9rez Cu\u00e9llar; el presidente de la Expo MRO, H\u00e9ctor N\u00fa\u00f1ez Polanco y representantes del sector p\u00fablico y privado, quienes destacaron la importancia de esta plataforma para fortalecer la proveedur\u00eda, la innovaci\u00f3n y la competitividad industrial en la frontera.<\/p>\n\n\n\n<p class=\"wp-block-paragraph\">\u201cEste evento impulsa el crecimiento de nuestra frontera, reflejando el desarrollo, la competitividad y el orgullo industrial que distinguen a Ciudad Ju\u00e1rez\u201d, se expres\u00f3 en la bienvenida.<\/p>\n\n\n\n<p class=\"wp-block-paragraph\">En su mensaje, el alcalde P\u00e9rez Cu\u00e9llar, reconoci\u00f3 el esfuerzo de los organizadores y la respuesta del sector empresarial.<\/p>\n\n\n\n<p class=\"wp-block-paragraph\">\u201cEsta expo llena, todo est\u00e1 lleno, felicito a H\u00e9ctor y a su equipo por este gran esfuerzo que nos apoya mucho para seguir promoviendo la industria y el intercambio de negocios\u201d, se\u00f1al\u00f3 el edil.<\/p>\n\n\n\n<p class=\"wp-block-paragraph\">P\u00e9rez Cu\u00e9llar destac\u00f3 el ambiente de optimismo que caracteriza a la Expo MRO, subrayando que el dinamismo de los inversionistas refleja confianza en el futuro econ\u00f3mico de la ciudad.<\/p>\n\n\n\n<p class=\"wp-block-paragraph\">\u201cDebemos contagiarnos de ese optimismo y seguir trabajando unidos para que a Ju\u00e1rez le siga yendo bien. Estoy seguro de que el pr\u00f3ximo a\u00f1o ser\u00e1 un gran a\u00f1o para nuestra ciudad\u201d, expres\u00f3.<\/p>\n\n\n\n<p class=\"wp-block-paragraph\">El alcalde tambi\u00e9n mencion\u00f3 la importancia del trabajo coordinado con el Gobierno Federal encabezado por la Presidenta Claudia Sheinbaum, destacando que Ciudad Ju\u00e1rez se encuentra del lado correcto de la historia, con un panorama de inversi\u00f3n favorable.<\/p>\n\n\n\n<p class=\"wp-block-paragraph\">Por su parte, H\u00e9ctor N\u00fa\u00f1ez Polanco, presidente de la Expo MRO, destac\u00f3 que este evento es un reflejo del esp\u00edritu trabajador de los juarenses y de los empresarios que, pese a los retos econ\u00f3micos y log\u00edsticos, contin\u00faan apostando por la regi\u00f3n.<\/p>\n\n\n\n<p class=\"wp-block-paragraph\">\u201cLa Expo MRO se ha posicionado como la m\u00e1s grande del estado de Chihuahua en n\u00famero de asistentes y expositores y ya figura entre las principales del pa\u00eds. Es un ejemplo de coordinaci\u00f3n, esfuerzo y optimizaci\u00f3n de recursos que demuestra lo que somos los juarenses\u201d, expres\u00f3.<\/p>\n\n\n\n<p class=\"wp-block-paragraph\">N\u00fa\u00f1ez Polanco resalt\u00f3 que el evento representa tanto la dimensi\u00f3n econ\u00f3mica como la humana de la industria.<\/p>\n\n\n\n<p class=\"wp-block-paragraph\">\u201cCaminen los pasillos y vean no solo los negocios, sino tambi\u00e9n a las familias y al \u00e1nimo que sostiene a quienes todos los d\u00edas trabajan por mejorar esta ciudad.\u201d<\/p>\n\n\n\n<p class=\"wp-block-paragraph\">La Expo MRO se ha consolidado como un espacio estrat\u00e9gico que re\u00fane a lo mejor del sector manufacturero y de servicios, fomentando alianzas de negocio y el intercambio tecnol\u00f3gico.<\/p>\n\n\n\n<p class=\"wp-block-paragraph\">Se destac\u00f3 que esta edici\u00f3n ocupa m\u00e1s de 8 mil metros cuadrados de piso de exhibici\u00f3n, con la participaci\u00f3n de empresas nacionales e internacionales, adem\u00e1s de \u00e1reas de conferencias y espacios de networking que promueven la generaci\u00f3n de oportunidades comerciales.<\/p>\n\n\n\n<p class=\"wp-block-paragraph\">Durante la ceremonia estuvieron Carlos Ortiz Villegas, representante de la gobernadora del estado; Iv\u00e1n P\u00e9rez Ruiz, presidente de la C\u00e1mara Nacional de Comercio; Rogelio Gonz\u00e1lez Alcocer, presidente del Consejo Coordinador Empresarial y Fernando Su\u00e1rez Cer\u00f3n, presidente de la C\u00e1mara Mexicana de la Industria de la Construcci\u00f3n.<\/p>\n\n\n\n<p class=\"wp-block-paragraph\">Adem\u00e1s, Cecilia Levine, presidenta del Consejo Directivo USMC; Juan Acereto Cervera, representante del Gobierno Municipal en El Paso, Texas; Carlos Yartes, presidente del Cl\u00faster de Energ\u00eda; Carlos Manuel Salas, fiscal de la Zona Norte y Fernando Alba, subsecretario de Innovaci\u00f3n y Desarrollo Econ\u00f3mico, entre otros representantes del sector p\u00fablico y privado.<\/p>\n\n\n\n<p class=\"wp-block-paragraph\">Con una asistencia proyectada de miles de visitantes, la Expo MRO 2025 se perfila nuevamente como un escaparate para la innovaci\u00f3n, el talento y la colaboraci\u00f3n empresarial que caracterizan a Ciudad Ju\u00e1rez, reafirmando su papel como motor econ\u00f3mico y tecnol\u00f3gico del norte de M\u00e9xico.<\/p>\n\n\n\n<p class=\"wp-block-paragraph\">\u201cEste evento es un referente para la siguiente etapa que Ju\u00e1rez requiere\u201d, concluy\u00f3 N\u00fa\u00f1ez Polanco, al inaugurar formalmente la exposici\u00f3n, acompa\u00f1ado del alcalde P\u00e9rez Cu\u00e9llar y otros invitados.<\/p>\n","protected":false},"excerpt":{"rendered":"<p>Ciudad Ju\u00e1rez, Chih.- Con la participaci\u00f3n de autoridades municipales, representantes empresariales y l\u00edderes del sector manufacturero, este mi\u00e9rcoles fue inaugurada la d\u00e9cima cuarta edici\u00f3n de la Expo MRO, uno de los eventos industriales m\u00e1s relevantes del a\u00f1o para Ciudad Ju\u00e1rez y la regi\u00f3n norte del pa\u00eds. El acto inaugural cont\u00f3 con la presencia del Alcalde [&hellip;]<\/p>\n","protected":false},"author":6,"featured_media":70338,"comment_status":"closed","ping_status":"closed","sticky":false,"template":"","format":"standard","meta":{"_acf_changed":false,"_monsterinsights_skip_tracking":false,"slim_seo":{"title":"Encabeza Cruz P\u00e9rez Cu\u00e9llar inauguraci\u00f3n de la XIV edici\u00f3n de la Expo MRO en Ju\u00e1rez - Opini\u00f3n P\u00fablica","description":"Ciudad Ju\u00e1rez, Chih .- Con la participaci\u00f3n de autoridades municipales, representantes empresariales y l\u00edderes del sector manufacturero, este mi\u00e9rcoles fue inau"},"footnotes":""},"categories":[41],"tags":[],"class_list":["post-70331","post","type-post","status-publish","format-standard","has-post-thumbnail","hentry","category-juarez"],"acf":[],"_links":{"self":[{"href":"https:\/\/www.opinionpublica.tv\/portada\/wp-json\/wp\/v2\/posts\/70331","targetHints":{"allow":["GET"]}}],"collection":[{"href":"https:\/\/www.opinionpublica.tv\/portada\/wp-json\/wp\/v2\/posts"}],"about":[{"href":"https:\/\/www.opinionpublica.tv\/portada\/wp-json\/wp\/v2\/types\/post"}],"author":[{"embeddable":true,"href":"https:\/\/www.opinionpublica.tv\/portada\/wp-json\/wp\/v2\/users\/6"}],"replies":[{"embeddable":true,"href":"https:\/\/www.opinionpublica.tv\/portada\/wp-json\/wp\/v2\/comments?post=70331"}],"version-history":[{"count":5,"href":"https:\/\/www.opinionpublica.tv\/portada\/wp-json\/wp\/v2\/posts\/70331\/revisions"}],"predecessor-version":[{"id":70339,"href":"https:\/\/www.opinionpublica.tv\/portada\/wp-json\/wp\/v2\/posts\/70331\/revisions\/70339"}],"wp:featuredmedia":[{"embeddable":true,"href":"https:\/\/www.opinionpublica.tv\/portada\/wp-json\/wp\/v2\/media\/70338"}],"wp:attachment":[{"href":"https:\/\/www.opinionpublica.tv\/portada\/wp-json\/wp\/v2\/media?parent=70331"}],"wp:term":[{"taxonomy":"category","embeddable":true,"href":"https:\/\/www.opinionpublica.tv\/portada\/wp-json\/wp\/v2\/categories?post=70331"},{"taxonomy":"post_tag","embeddable":true,"href":"https:\/\/www.opinionpublica.tv\/portada\/wp-json\/wp\/v2\/tags?post=70331"}],"curies":[{"name":"wp","href":"https:\/\/api.w.org\/{rel}","templated":true}]}}